{"id":13469,"date":"2026-01-19T12:54:02","date_gmt":"2026-01-19T18:54:02","guid":{"rendered":"https:\/\/plumanegranoticias.com\/?p=13469"},"modified":"2026-01-19T12:54:20","modified_gmt":"2026-01-19T18:54:20","slug":"inicia-la-remodelacion-de-la-biblioteca-municipal-y-la-casa-de-la-cultura-en-medellin-de-bravo","status":"publish","type":"post","link":"https:\/\/plumanegranoticias.com\/?p=13469","title":{"rendered":"Inicia la remodelaci\u00f3n de la Biblioteca Municipal y la Casa de la Cultura en Medell\u00edn de Bravo"},"content":{"rendered":"\n<p>\ud83d\udcf0Medell\u00edn de Bravo, Ver.\u2014 Con el firme compromiso de fortalecer la educaci\u00f3n, la cultura y el acceso a servicios p\u00fablicos, el H. Ayuntamiento de Medell\u00edn de Bravo, encabezado por el alcalde Samuel Acosta, inici\u00f3 este d\u00eda la remodelaci\u00f3n de la Biblioteca Municipal y la Casa de la Cultura, dos de los espacios culturales m\u00e1s emblem\u00e1ticos del municipio.<\/p>\n\n\n\n<p>Los trabajos de rehabilitaci\u00f3n tienen como objetivo rescatar, modernizar y dignificar estos espacios, adapt\u00e1ndolos a las necesidades actuales de la poblaci\u00f3n, sin perder su vocaci\u00f3n como centros de aprendizaje, atenci\u00f3n ciudadana y desarrollo comunitario.<\/p>\n\n\n\n<p>Como parte de esta modernizaci\u00f3n, la Biblioteca Municipal contar\u00e1 con computadoras equipadas con acceso a internet, as\u00ed como impresoras y fotocopiadoras con el material necesario para que las y los estudiantes puedan realizar tareas, investigaciones y trabajos escolares, contribuyendo a disminuir la brecha digital en el municipio.<\/p>\n\n\n\n<p>De igual manera, el Ayuntamiento asegur\u00f3 que continuar\u00e1n imparti\u00e9ndose las clases del Instituto Veracruzano de Educaci\u00f3n para los Adultos (IVEA), reafirmando el compromiso con la alfabetizaci\u00f3n y la educaci\u00f3n para personas j\u00f3venes y adultas que buscan concluir sus estudios.<\/p>\n\n\n\n<p>Adem\u00e1s, estos espacios seguir\u00e1n funcionando como puntos de atenci\u00f3n ciudadana, manteniendo los m\u00f3dulos del INAPAM, Bienestar y del Instituto Nacional Electoral (INE), acercando tr\u00e1mites y servicios a la poblaci\u00f3n y facilitando el acceso a programas y derechos fundamentales.<\/p>\n\n\n\n<p>Como parte de una estrategia integral para fomentar la lectura y el acceso al conocimiento, el Gobierno Municipal anunci\u00f3 la implementaci\u00f3n del programa \u201cBiblioteca en tu Colonia\u201d, mediante el cual los libros ser\u00e1n llevados directamente a colonias y fraccionamientos de Medell\u00edn de Bravo, acercando el h\u00e1bito de la lectura a ni\u00f1as, ni\u00f1os, j\u00f3venes y familias que por diversas razones no pueden acudir a la biblioteca.<\/p>\n\n\n\n<p>Con estas acciones, las y los j\u00f3venes del municipio ya no tendr\u00e1n que pagar por el uso de computadoras, acceso a internet ni impresiones, lo que representa un apoyo directo a la econom\u00eda familiar y una inversi\u00f3n en el futuro educativo de Medell\u00edn de Bravo.<\/p>\n\n\n\n<p>El alcalde Samuel Acosta reiter\u00f3 que su administraci\u00f3n mantiene como prioridad el impulso a la educaci\u00f3n, la cultura y la atenci\u00f3n social, promoviendo espacios p\u00fablicos modernos, funcionales y cercanos a la gente.<\/p>\n\n\n\n<p>El H. Ayuntamiento de Medell\u00edn de Bravo reafirma su compromiso de seguir trabajando en proyectos que fortalezcan el aprendizaje, el acceso a la tecnolog\u00eda, la inclusi\u00f3n social y la promoci\u00f3n cultural, convencido de que invertir en educaci\u00f3n es invertir en el desarrollo del municipio.<\/p>\n\n\n\n<p>\u2728 Por la grandeza de Medell\u00edn.<\/p>\n\n\n\n<figure class=\"wp-block-image size-large\"><img loading=\"lazy\" decoding=\"async\" width=\"1024\" height=\"682\" src=\"https:\/\/plumanegranoticias.com\/wp-content\/uploads\/2026\/01\/img-20260119-wa01354874839797502094299-1024x682.jpg\" alt=\"\" class=\"wp-image-13466\" srcset=\"https:\/\/plumanegranoticias.com\/wp-content\/uploads\/2026\/01\/img-20260119-wa01354874839797502094299-1024x682.jpg 1024w, https:\/\/plumanegranoticias.com\/wp-content\/uploads\/2026\/01\/img-20260119-wa01354874839797502094299-300x200.jpg 300w, https:\/\/plumanegranoticias.com\/wp-content\/uploads\/2026\/01\/img-20260119-wa01354874839797502094299-768x512.jpg 768w, https:\/\/plumanegranoticias.com\/wp-content\/uploads\/2026\/01\/img-20260119-wa01354874839797502094299-1536x1023.jpg 1536w, https:\/\/plumanegranoticias.com\/wp-content\/uploads\/2026\/01\/img-20260119-wa01354874839797502094299.jpg 1600w\" sizes=\"auto, (max-width: 1024px) 100vw, 1024px\" \/><\/figure>\n\n\n\n<figure class=\"wp-block-image\"><img loading=\"lazy\" decoding=\"async\" width=\"1024\" height=\"682\" src=\"https:\/\/plumanegranoticias.com\/wp-content\/uploads\/2026\/01\/img-20260119-wa0132321384905309956882-1024x682.jpg\" alt=\"\" class=\"wp-image-13467\" srcset=\"https:\/\/plumanegranoticias.com\/wp-content\/uploads\/2026\/01\/img-20260119-wa0132321384905309956882-1024x682.jpg 1024w, https:\/\/plumanegranoticias.com\/wp-content\/uploads\/2026\/01\/img-20260119-wa0132321384905309956882-300x200.jpg 300w, https:\/\/plumanegranoticias.com\/wp-content\/uploads\/2026\/01\/img-20260119-wa0132321384905309956882-768x512.jpg 768w, https:\/\/plumanegranoticias.com\/wp-content\/uploads\/2026\/01\/img-20260119-wa0132321384905309956882-1536x1023.jpg 1536w, https:\/\/plumanegranoticias.com\/wp-content\/uploads\/2026\/01\/img-20260119-wa0132321384905309956882.jpg 1600w\" sizes=\"auto, (max-width: 1024px) 100vw, 1024px\" \/><\/figure>\n\n\n\n<figure class=\"wp-block-image\"><img loading=\"lazy\" decoding=\"async\" width=\"1024\" height=\"682\" src=\"https:\/\/plumanegranoticias.com\/wp-content\/uploads\/2026\/01\/img-20260119-wa01301196398636748110897-1024x682.jpg\" alt=\"\" class=\"wp-image-13468\" srcset=\"https:\/\/plumanegranoticias.com\/wp-content\/uploads\/2026\/01\/img-20260119-wa01301196398636748110897-1024x682.jpg 1024w, https:\/\/plumanegranoticias.com\/wp-content\/uploads\/2026\/01\/img-20260119-wa01301196398636748110897-300x200.jpg 300w, https:\/\/plumanegranoticias.com\/wp-content\/uploads\/2026\/01\/img-20260119-wa01301196398636748110897-768x512.jpg 768w, https:\/\/plumanegranoticias.com\/wp-content\/uploads\/2026\/01\/img-20260119-wa01301196398636748110897-1536x1023.jpg 1536w, https:\/\/plumanegranoticias.com\/wp-content\/uploads\/2026\/01\/img-20260119-wa01301196398636748110897.jpg 1600w\" sizes=\"auto, (max-width: 1024px) 100vw, 1024px\" \/><\/figure>\n\n\n\n<figure class=\"wp-block-image\"><img loading=\"lazy\" decoding=\"async\" width=\"1024\" height=\"683\" src=\"https:\/\/plumanegranoticias.com\/wp-content\/uploads\/2026\/01\/img-20260119-wa0137307663677737936266-1024x683.jpg\" alt=\"\" class=\"wp-image-13465\" srcset=\"https:\/\/plumanegranoticias.com\/wp-content\/uploads\/2026\/01\/img-20260119-wa0137307663677737936266-1024x683.jpg 1024w, https:\/\/plumanegranoticias.com\/wp-content\/uploads\/2026\/01\/img-20260119-wa0137307663677737936266-300x200.jpg 300w, https:\/\/plumanegranoticias.com\/wp-content\/uploads\/2026\/01\/img-20260119-wa0137307663677737936266-768x512.jpg 768w, https:\/\/plumanegranoticias.com\/wp-content\/uploads\/2026\/01\/img-20260119-wa0137307663677737936266-1536x1024.jpg 1536w, https:\/\/plumanegranoticias.com\/wp-content\/uploads\/2026\/01\/img-20260119-wa0137307663677737936266.jpg 1599w\" sizes=\"auto, (max-width: 1024px) 100vw, 1024px\" \/><\/figure>\n","protected":false},"excerpt":{"rendered":"<p>\ud83d\udcf0Medell\u00edn de Bravo, Ver.\u2014 Con el firme compromiso de fortalecer la educaci\u00f3n, la cultura y el acceso a servicios p\u00fablicos, el H. Ayuntamiento de Medell\u00edn de Bravo, encabezado por el alcalde Samuel Acosta, inici\u00f3 este d\u00eda la remodelaci\u00f3n de la Biblioteca Municipal y la Casa de la Cultura, dos de los espacios culturales m\u00e1s emblem\u00e1ticos&#8230; <\/p>\n<div class=\"clear\"><\/div>\n<p><a href=\"https:\/\/plumanegranoticias.com\/?p=13469\" class=\"excerpt-read-more\">Read More<i class=\"fa fa-caret-right icon-caret-right\"><\/i><\/a><\/p>\n","protected":false},"author":2,"featured_media":13471,"comment_status":"open","ping_status":"open","sticky":false,"template":"","format":"standard","meta":{"om_disable_all_campaigns":false,"_monsterinsights_skip_tracking":false,"_monsterinsights_sitenote_active":false,"_monsterinsights_sitenote_note":"","_monsterinsights_sitenote_category":0,"_uf_show_specific_survey":0,"_uf_disable_surveys":false,"footnotes":""},"categories":[8,12],"tags":[24,28,20,22],"class_list":["post-13469","post","type-post","status-publish","format-standard","has-post-thumbnail","hentry","category-politica","category-regional","tag-moda","tag-nacionales","tag-negocios","tag-nota-roja"],"aioseo_notices":[],"_links":{"self":[{"href":"https:\/\/plumanegranoticias.com\/index.php?rest_route=\/wp\/v2\/posts\/13469","targetHints":{"allow":["GET"]}}],"collection":[{"href":"https:\/\/plumanegranoticias.com\/index.php?rest_route=\/wp\/v2\/posts"}],"about":[{"href":"https:\/\/plumanegranoticias.com\/index.php?rest_route=\/wp\/v2\/types\/post"}],"author":[{"embeddable":true,"href":"https:\/\/plumanegranoticias.com\/index.php?rest_route=\/wp\/v2\/users\/2"}],"replies":[{"embeddable":true,"href":"https:\/\/plumanegranoticias.com\/index.php?rest_route=%2Fwp%2Fv2%2Fcomments&post=13469"}],"version-history":[{"count":1,"href":"https:\/\/plumanegranoticias.com\/index.php?rest_route=\/wp\/v2\/posts\/13469\/revisions"}],"predecessor-version":[{"id":13470,"href":"https:\/\/plumanegranoticias.com\/index.php?rest_route=\/wp\/v2\/posts\/13469\/revisions\/13470"}],"wp:featuredmedia":[{"embeddable":true,"href":"https:\/\/plumanegranoticias.com\/index.php?rest_route=\/wp\/v2\/media\/13471"}],"wp:attachment":[{"href":"https:\/\/plumanegranoticias.com\/index.php?rest_route=%2Fwp%2Fv2%2Fmedia&parent=13469"}],"wp:term":[{"taxonomy":"category","embeddable":true,"href":"https:\/\/plumanegranoticias.com\/index.php?rest_route=%2Fwp%2Fv2%2Fcategories&post=13469"},{"taxonomy":"post_tag","embeddable":true,"href":"https:\/\/plumanegranoticias.com\/index.php?rest_route=%2Fwp%2Fv2%2Ftags&post=13469"}],"curies":[{"name":"wp","href":"https:\/\/api.w.org\/{rel}","templated":true}]}}