{"id":13478,"date":"2026-01-19T12:56:43","date_gmt":"2026-01-19T18:56:43","guid":{"rendered":"https:\/\/plumanegranoticias.com\/?p=13478"},"modified":"2026-01-19T12:56:59","modified_gmt":"2026-01-19T18:56:59","slug":"capacitan-a-emprendedores-en-veracruz","status":"publish","type":"post","link":"https:\/\/plumanegranoticias.com\/?p=13478","title":{"rendered":"Capacitan a emprendedores en Veracruz"},"content":{"rendered":"\n<p>Bertha Ahued inicia proyecto &#8220;De Emprendedor a Empresario&#8221;<\/p>\n\n\n\n<p>Alejandro \u00c1vila<\/p>\n\n\n\n<p>Veracruz, Ver.- A partir de este lunes 19 de enero inici\u00f3 el programa &#8220;De Emprendedor a Empresario&#8221;, impulsado por la diputada local, Bertha Ahued Malpica.<\/p>\n\n\n\n<p>Este proyecto tiene como objetivo realizar talleres para m\u00e1s de 70 emprendedores, con el objetivo de transformar sus sue\u00f1os en peque\u00f1as y medianas empresas.<\/p>\n\n\n\n<p>La legisladora se\u00f1al\u00f3 que, es importante que los ciudadanos aprendan de administraci\u00f3n y gesti\u00f3n de negocios para poder solidificar su emprendimiento.<\/p>\n\n\n\n<p>\u201cHoy presentamos el taller De Emprendedor a Empresario, una iniciativa que nace como uno de mis compromisos de campa\u00f1a y que hoy se materializa para apoyar a quienes todos los d\u00edas luchan por sacar adelante a sus familias y sus negocios\u201d, coment\u00f3<\/p>\n\n\n\n<p>Dijo que al concluir las pl\u00e1ticas y talleres se realizar\u00e1 una exposici\u00f3n abierta al p\u00fablico para que los peque\u00f1os empresarios puedan ofrecer sus productos a la ciudadan\u00eda.<\/p>\n\n\n\n<p>A\u00f1adi\u00f3 que posteriormente los talleres para emprendedores ser\u00e1n llevados a otros municipios del estado de Veracruz, para que este beneficio llegue a toda la poblaci\u00f3n.<\/p>\n\n\n\n<figure class=\"wp-block-image size-large\"><img loading=\"lazy\" decoding=\"async\" width=\"1024\" height=\"768\" src=\"https:\/\/plumanegranoticias.com\/wp-content\/uploads\/2026\/01\/img-20260119-wa010982245778038280206-1024x768.jpg\" alt=\"\" class=\"wp-image-13477\" srcset=\"https:\/\/plumanegranoticias.com\/wp-content\/uploads\/2026\/01\/img-20260119-wa010982245778038280206-1024x768.jpg 1024w, https:\/\/plumanegranoticias.com\/wp-content\/uploads\/2026\/01\/img-20260119-wa010982245778038280206-300x225.jpg 300w, https:\/\/plumanegranoticias.com\/wp-content\/uploads\/2026\/01\/img-20260119-wa010982245778038280206-768x576.jpg 768w, https:\/\/plumanegranoticias.com\/wp-content\/uploads\/2026\/01\/img-20260119-wa010982245778038280206-1536x1152.jpg 1536w, https:\/\/plumanegranoticias.com\/wp-content\/uploads\/2026\/01\/img-20260119-wa010982245778038280206-400x300.jpg 400w, https:\/\/plumanegranoticias.com\/wp-content\/uploads\/2026\/01\/img-20260119-wa010982245778038280206.jpg 1600w\" sizes=\"auto, (max-width: 1024px) 100vw, 1024px\" \/><\/figure>\n","protected":false},"excerpt":{"rendered":"<p>Bertha Ahued inicia proyecto &#8220;De Emprendedor a Empresario&#8221; Alejandro \u00c1vila Veracruz, Ver.- A partir de este lunes 19 de enero inici\u00f3 el programa &#8220;De Emprendedor a Empresario&#8221;, impulsado por la diputada local, Bertha Ahued Malpica. Este proyecto tiene como objetivo realizar talleres para m\u00e1s de 70 emprendedores, con el objetivo de transformar sus sue\u00f1os en&#8230; <\/p>\n<div class=\"clear\"><\/div>\n<p><a href=\"https:\/\/plumanegranoticias.com\/?p=13478\" class=\"excerpt-read-more\">Read More<i class=\"fa fa-caret-right icon-caret-right\"><\/i><\/a><\/p>\n","protected":false},"author":2,"featured_media":13480,"comment_status":"open","ping_status":"open","sticky":false,"template":"","format":"standard","meta":{"om_disable_all_campaigns":false,"_monsterinsights_skip_tracking":false,"_monsterinsights_sitenote_active":false,"_monsterinsights_sitenote_note":"","_monsterinsights_sitenote_category":0,"_uf_show_specific_survey":0,"_uf_disable_surveys":false,"footnotes":""},"categories":[8,12],"tags":[20,22,18,34],"class_list":["post-13478","post","type-post","status-publish","format-standard","has-post-thumbnail","hentry","category-politica","category-regional","tag-negocios","tag-nota-roja","tag-noticia","tag-policiaca"],"aioseo_notices":[],"_links":{"self":[{"href":"https:\/\/plumanegranoticias.com\/index.php?rest_route=\/wp\/v2\/posts\/13478","targetHints":{"allow":["GET"]}}],"collection":[{"href":"https:\/\/plumanegranoticias.com\/index.php?rest_route=\/wp\/v2\/posts"}],"about":[{"href":"https:\/\/plumanegranoticias.com\/index.php?rest_route=\/wp\/v2\/types\/post"}],"author":[{"embeddable":true,"href":"https:\/\/plumanegranoticias.com\/index.php?rest_route=\/wp\/v2\/users\/2"}],"replies":[{"embeddable":true,"href":"https:\/\/plumanegranoticias.com\/index.php?rest_route=%2Fwp%2Fv2%2Fcomments&post=13478"}],"version-history":[{"count":1,"href":"https:\/\/plumanegranoticias.com\/index.php?rest_route=\/wp\/v2\/posts\/13478\/revisions"}],"predecessor-version":[{"id":13479,"href":"https:\/\/plumanegranoticias.com\/index.php?rest_route=\/wp\/v2\/posts\/13478\/revisions\/13479"}],"wp:featuredmedia":[{"embeddable":true,"href":"https:\/\/plumanegranoticias.com\/index.php?rest_route=\/wp\/v2\/media\/13480"}],"wp:attachment":[{"href":"https:\/\/plumanegranoticias.com\/index.php?rest_route=%2Fwp%2Fv2%2Fmedia&parent=13478"}],"wp:term":[{"taxonomy":"category","embeddable":true,"href":"https:\/\/plumanegranoticias.com\/index.php?rest_route=%2Fwp%2Fv2%2Fcategories&post=13478"},{"taxonomy":"post_tag","embeddable":true,"href":"https:\/\/plumanegranoticias.com\/index.php?rest_route=%2Fwp%2Fv2%2Ftags&post=13478"}],"curies":[{"name":"wp","href":"https:\/\/api.w.org\/{rel}","templated":true}]}}