{"id":13491,"date":"2026-01-19T15:26:39","date_gmt":"2026-01-19T21:26:39","guid":{"rendered":"https:\/\/plumanegranoticias.com\/?p=13491"},"modified":"2026-01-19T15:27:02","modified_gmt":"2026-01-19T21:27:02","slug":"asegura-fgr-maquiladora-de-uniformes-para-policias-falsos","status":"publish","type":"post","link":"https:\/\/plumanegranoticias.com\/?p=13491","title":{"rendered":"Asegura FGR maquiladora de uniformes para policias falsos"},"content":{"rendered":"\n<p><\/p>\n\n\n\n<p>La Fiscal\u00eda General de la Rep\u00fablica (FGR) a trav\u00e9s de su Fiscal\u00eda Especializada de Control Regional (FECOR) en el estado de Veracruz, solicit\u00f3 y obtuvo autorizaci\u00f3n del juez de Control, adscrito al Centro de Justicia Penal Federal en el estado de Veracruz, autorizaci\u00f3n para la ejecuci\u00f3n de una orden de cateo en un domicilio en la colonia Malibr\u00e1n, municipio de Veracruz.<\/p>\n\n\n\n<p>Las autoridades que conforman el Gabinete de Seguridad del Gobierno de M\u00e9xico aseguraron seis m\u00e1quinas de coser tipo industrial, una m\u00e1quina cortadora de tela, seis chalecos verdes camuflados, seis chalecos color negro, algunos con insignias de la Polic\u00eda Estatal, un chaleco verde con caf\u00e9 camuflado, un rollo de tela color caf\u00e9 con verde y rojo camuflado, un tramo de tela bordado con el nombre de una instituci\u00f3n de las Fuerzas Armadas de M\u00e9xico.<\/p>\n\n\n\n<p>El operativo se llev\u00f3 a cabo como parte de las diligencias realizadas dentro de una carpeta de investigaci\u00f3n iniciada por el delito de falsificaci\u00f3n o uso indebido de uniformes, divisas, insignias o siglas de las Fuerzas Armadas y fue desahogado por elementos de la Polic\u00eda Federal Ministerial (PFM), en coordinaci\u00f3n con peritos del Centro Federal Pericial Forense (CFPF), ambos de la Agencia de Investigaci\u00f3n Criminal (AIC), con apoyo de personal de la Secretar\u00eda de la Defensa Nacional (Defensa), Secretar\u00eda de Marina \u2013 Armada de M\u00e9xico (Marina) y Polic\u00eda Estatal (PE), quienes brindaron seguridad perimetral en el lugar.<\/p>\n\n\n\n<p>El inmueble y lo asegurado quedaron a disposici\u00f3n del Ministerio P\u00fablico Federal, quien contin\u00faa con las diligencias de ley para resolver estos hechos.<\/p>\n\n\n\n<p>Con estas acciones la FGR reafirma el compromiso con la sociedad para la investigaci\u00f3n y persecuci\u00f3n de los delitos en materia federal, por lo que se invita a la ciudadan\u00eda a que denuncie las 24 horas de los 365 d\u00edas del a\u00f1o, de forma presencial o an\u00f3nima, en las instalaciones de la Fiscal\u00eda General de la Rep\u00fablica en el estado de Veracruz, con domicilio en Av. J.B. Lobos n\u00famero 684, Colonia Reserva territorial \u201cEl Coyol\u201d, C.P. 91779, Veracruz, Ver, tel\u00e9fono 2299896334, correo electr\u00f3nico vua.veracruz@fgr.org.mx.<\/p>\n\n\n\n<figure class=\"wp-block-image size-large\"><img loading=\"lazy\" decoding=\"async\" width=\"300\" height=\"181\" src=\"https:\/\/plumanegranoticias.com\/wp-content\/uploads\/2026\/01\/img-20260119-wa02472565244695115696088-300x181.jpg\" alt=\"\" class=\"wp-image-13489\" srcset=\"https:\/\/plumanegranoticias.com\/wp-content\/uploads\/2026\/01\/img-20260119-wa02472565244695115696088-300x181.jpg 300w, https:\/\/plumanegranoticias.com\/wp-content\/uploads\/2026\/01\/img-20260119-wa02472565244695115696088-768x463.jpg 768w, https:\/\/plumanegranoticias.com\/wp-content\/uploads\/2026\/01\/img-20260119-wa02472565244695115696088.jpg 934w\" sizes=\"auto, (max-width: 300px) 100vw, 300px\" \/><\/figure>\n\n\n\n<figure class=\"wp-block-image\"><img loading=\"lazy\" decoding=\"async\" width=\"300\" height=\"169\" src=\"https:\/\/plumanegranoticias.com\/wp-content\/uploads\/2026\/01\/img-20260119-wa02487253552422232998257-300x169.jpg\" alt=\"\" class=\"wp-image-13487\" srcset=\"https:\/\/plumanegranoticias.com\/wp-content\/uploads\/2026\/01\/img-20260119-wa02487253552422232998257-300x169.jpg 300w, https:\/\/plumanegranoticias.com\/wp-content\/uploads\/2026\/01\/img-20260119-wa02487253552422232998257-768x432.jpg 768w, https:\/\/plumanegranoticias.com\/wp-content\/uploads\/2026\/01\/img-20260119-wa02487253552422232998257.jpg 941w\" sizes=\"auto, (max-width: 300px) 100vw, 300px\" \/><\/figure>\n\n\n\n<figure class=\"wp-block-image\"><img loading=\"lazy\" decoding=\"async\" width=\"1024\" height=\"661\" src=\"https:\/\/plumanegranoticias.com\/wp-content\/uploads\/2026\/01\/img-20260119-wa02448080805157745886612-1024x661.jpg\" alt=\"\" class=\"wp-image-13490\" srcset=\"https:\/\/plumanegranoticias.com\/wp-content\/uploads\/2026\/01\/img-20260119-wa02448080805157745886612-1024x661.jpg 1024w, https:\/\/plumanegranoticias.com\/wp-content\/uploads\/2026\/01\/img-20260119-wa02448080805157745886612-300x194.jpg 300w, https:\/\/plumanegranoticias.com\/wp-content\/uploads\/2026\/01\/img-20260119-wa02448080805157745886612-768x496.jpg 768w, https:\/\/plumanegranoticias.com\/wp-content\/uploads\/2026\/01\/img-20260119-wa02448080805157745886612.jpg 1177w\" sizes=\"auto, (max-width: 1024px) 100vw, 1024px\" \/><\/figure>\n\n\n\n<figure class=\"wp-block-image\"><img loading=\"lazy\" decoding=\"async\" width=\"226\" height=\"300\" src=\"https:\/\/plumanegranoticias.com\/wp-content\/uploads\/2026\/01\/img-20260119-wa02458923633341532579704-226x300.jpg\" alt=\"\" class=\"wp-image-13488\" srcset=\"https:\/\/plumanegranoticias.com\/wp-content\/uploads\/2026\/01\/img-20260119-wa02458923633341532579704-226x300.jpg 226w, https:\/\/plumanegranoticias.com\/wp-content\/uploads\/2026\/01\/img-20260119-wa02458923633341532579704.jpg 675w\" sizes=\"auto, (max-width: 226px) 100vw, 226px\" \/><\/figure>\n","protected":false},"excerpt":{"rendered":"<p>La Fiscal\u00eda General de la Rep\u00fablica (FGR) a trav\u00e9s de su Fiscal\u00eda Especializada de Control Regional (FECOR) en el estado de Veracruz, solicit\u00f3 y obtuvo autorizaci\u00f3n del juez de Control, adscrito al Centro de Justicia Penal Federal en el estado de Veracruz, autorizaci\u00f3n para la ejecuci\u00f3n de una orden de cateo en un domicilio en&#8230; <\/p>\n<div class=\"clear\"><\/div>\n<p><a href=\"https:\/\/plumanegranoticias.com\/?p=13491\" class=\"excerpt-read-more\">Read More<i class=\"fa fa-caret-right icon-caret-right\"><\/i><\/a><\/p>\n","protected":false},"author":2,"featured_media":13493,"comment_status":"open","ping_status":"open","sticky":false,"template":"","format":"standard","meta":{"om_disable_all_campaigns":false,"_monsterinsights_skip_tracking":false,"_monsterinsights_sitenote_active":false,"_monsterinsights_sitenote_note":"","_monsterinsights_sitenote_category":0,"_uf_show_specific_survey":0,"_uf_disable_surveys":false,"footnotes":""},"categories":[13,8,12],"tags":[19,63],"class_list":["post-13491","post","type-post","status-publish","format-standard","has-post-thumbnail","hentry","category-nota-roja","category-politica","category-regional","tag-regional","tag-roja"],"aioseo_notices":[],"_links":{"self":[{"href":"https:\/\/plumanegranoticias.com\/index.php?rest_route=\/wp\/v2\/posts\/13491","targetHints":{"allow":["GET"]}}],"collection":[{"href":"https:\/\/plumanegranoticias.com\/index.php?rest_route=\/wp\/v2\/posts"}],"about":[{"href":"https:\/\/plumanegranoticias.com\/index.php?rest_route=\/wp\/v2\/types\/post"}],"author":[{"embeddable":true,"href":"https:\/\/plumanegranoticias.com\/index.php?rest_route=\/wp\/v2\/users\/2"}],"replies":[{"embeddable":true,"href":"https:\/\/plumanegranoticias.com\/index.php?rest_route=%2Fwp%2Fv2%2Fcomments&post=13491"}],"version-history":[{"count":1,"href":"https:\/\/plumanegranoticias.com\/index.php?rest_route=\/wp\/v2\/posts\/13491\/revisions"}],"predecessor-version":[{"id":13492,"href":"https:\/\/plumanegranoticias.com\/index.php?rest_route=\/wp\/v2\/posts\/13491\/revisions\/13492"}],"wp:featuredmedia":[{"embeddable":true,"href":"https:\/\/plumanegranoticias.com\/index.php?rest_route=\/wp\/v2\/media\/13493"}],"wp:attachment":[{"href":"https:\/\/plumanegranoticias.com\/index.php?rest_route=%2Fwp%2Fv2%2Fmedia&parent=13491"}],"wp:term":[{"taxonomy":"category","embeddable":true,"href":"https:\/\/plumanegranoticias.com\/index.php?rest_route=%2Fwp%2Fv2%2Fcategories&post=13491"},{"taxonomy":"post_tag","embeddable":true,"href":"https:\/\/plumanegranoticias.com\/index.php?rest_route=%2Fwp%2Fv2%2Ftags&post=13491"}],"curies":[{"name":"wp","href":"https:\/\/api.w.org\/{rel}","templated":true}]}}