{"id":13499,"date":"2026-01-19T17:12:55","date_gmt":"2026-01-19T23:12:55","guid":{"rendered":"https:\/\/plumanegranoticias.com\/?p=13499"},"modified":"2026-01-19T17:13:08","modified_gmt":"2026-01-19T23:13:08","slug":"van-contra-violencia-en-medellin-de-bravo","status":"publish","type":"post","link":"https:\/\/plumanegranoticias.com\/?p=13499","title":{"rendered":"Van contra violencia en Medell\u00edn de Bravo"},"content":{"rendered":"\n<p>\ud83d\udcf0 DIF Medell\u00edn fortalece acciones de prevenci\u00f3n en Mesa de Seguridad del Estado<\/p>\n\n\n\n<p>Medell\u00edn de Bravo, Veracruz, 19 de enero de 2026.- La presidenta del Sistema DIF Municipal de Medell\u00edn, Jessica Dur\u00e1n, particip\u00f3 en la Mesa de Estrategia de Seguridad P\u00fablica del Estado de Veracruz, dentro del eje de Atenci\u00f3n a las Causas que Propician la Violencia y la Inseguridad, reafirmando el compromiso del municipio con la prevenci\u00f3n del delito y el bienestar social.<\/p>\n\n\n\n<p>Durante la sesi\u00f3n, se destac\u00f3 la importancia del trabajo coordinado entre el H. Ayuntamiento de Medell\u00edn de Bravo, el Sistema DIF Municipal y los tres niveles de gobierno, con el prop\u00f3sito de fortalecer acciones enfocadas en la prevenci\u00f3n de la violencia y la atenci\u00f3n integral a la ciudadan\u00eda.<\/p>\n\n\n\n<p>Como parte de las estrategias planteadas, se impulsar\u00e1 el uso de herramientas tecnol\u00f3gicas como SeguriChat, adem\u00e1s de la implementaci\u00f3n de recorridos preventivos por parte de las autoridades competentes y la participaci\u00f3n activa de las distintas \u00e1reas del ayuntamiento, con el objetivo de disminuir las incidencias delictivas y promover entornos m\u00e1s seguros.<\/p>\n\n\n\n<p>Estas acciones buscan generar resultados positivos en materia de seguridad, reforzar la prevenci\u00f3n del delito y garantizar que la poblaci\u00f3n conozca las instancias de apoyo a las que puede acudir ante cualquier situaci\u00f3n de riesgo.<\/p>\n\n\n\n<p>El Gobierno Municipal de Medell\u00edn de Bravo y el Sistema DIF Municipal reiteran su compromiso de continuar trabajando de manera conjunta, fortaleciendo la prevenci\u00f3n, la atenci\u00f3n social y la construcci\u00f3n de una comunidad m\u00e1s segura y con mayor bienestar para todas y todos.<\/p>\n\n\n\n<figure class=\"wp-block-image size-large\"><img loading=\"lazy\" decoding=\"async\" width=\"1024\" height=\"683\" src=\"https:\/\/plumanegranoticias.com\/wp-content\/uploads\/2026\/01\/img-20260119-wa02805449454542692958112-1024x683.jpg\" alt=\"\" class=\"wp-image-13497\" srcset=\"https:\/\/plumanegranoticias.com\/wp-content\/uploads\/2026\/01\/img-20260119-wa02805449454542692958112-1024x683.jpg 1024w, https:\/\/plumanegranoticias.com\/wp-content\/uploads\/2026\/01\/img-20260119-wa02805449454542692958112-300x200.jpg 300w, https:\/\/plumanegranoticias.com\/wp-content\/uploads\/2026\/01\/img-20260119-wa02805449454542692958112-768x512.jpg 768w, https:\/\/plumanegranoticias.com\/wp-content\/uploads\/2026\/01\/img-20260119-wa02805449454542692958112-1536x1024.jpg 1536w, https:\/\/plumanegranoticias.com\/wp-content\/uploads\/2026\/01\/img-20260119-wa02805449454542692958112.jpg 1599w\" sizes=\"auto, (max-width: 1024px) 100vw, 1024px\" \/><\/figure>\n\n\n\n<figure class=\"wp-block-image\"><img loading=\"lazy\" decoding=\"async\" width=\"1024\" height=\"682\" src=\"https:\/\/plumanegranoticias.com\/wp-content\/uploads\/2026\/01\/img-20260119-wa02774771087931857882051-1024x682.jpg\" alt=\"\" class=\"wp-image-13498\" srcset=\"https:\/\/plumanegranoticias.com\/wp-content\/uploads\/2026\/01\/img-20260119-wa02774771087931857882051-1024x682.jpg 1024w, https:\/\/plumanegranoticias.com\/wp-content\/uploads\/2026\/01\/img-20260119-wa02774771087931857882051-300x200.jpg 300w, https:\/\/plumanegranoticias.com\/wp-content\/uploads\/2026\/01\/img-20260119-wa02774771087931857882051-768x512.jpg 768w, https:\/\/plumanegranoticias.com\/wp-content\/uploads\/2026\/01\/img-20260119-wa02774771087931857882051-1536x1023.jpg 1536w, https:\/\/plumanegranoticias.com\/wp-content\/uploads\/2026\/01\/img-20260119-wa02774771087931857882051.jpg 1600w\" sizes=\"auto, (max-width: 1024px) 100vw, 1024px\" \/><\/figure>\n","protected":false},"excerpt":{"rendered":"<p>\ud83d\udcf0 DIF Medell\u00edn fortalece acciones de prevenci\u00f3n en Mesa de Seguridad del Estado Medell\u00edn de Bravo, Veracruz, 19 de enero de 2026.- La presidenta del Sistema DIF Municipal de Medell\u00edn, Jessica Dur\u00e1n, particip\u00f3 en la Mesa de Estrategia de Seguridad P\u00fablica del Estado de Veracruz, dentro del eje de Atenci\u00f3n a las Causas que Propician&#8230; <\/p>\n<div class=\"clear\"><\/div>\n<p><a href=\"https:\/\/plumanegranoticias.com\/?p=13499\" class=\"excerpt-read-more\">Read More<i class=\"fa fa-caret-right icon-caret-right\"><\/i><\/a><\/p>\n","protected":false},"author":2,"featured_media":13501,"comment_status":"open","ping_status":"open","sticky":false,"template":"","format":"standard","meta":{"om_disable_all_campaigns":false,"_monsterinsights_skip_tracking":false,"_monsterinsights_sitenote_active":false,"_monsterinsights_sitenote_note":"","_monsterinsights_sitenote_category":0,"_uf_show_specific_survey":0,"_uf_disable_surveys":false,"footnotes":""},"categories":[13,67,8,12],"tags":[18],"class_list":["post-13499","post","type-post","status-publish","format-standard","has-post-thumbnail","hentry","category-nota-roja","category-policiaca","category-politica","category-regional","tag-noticia"],"aioseo_notices":[],"_links":{"self":[{"href":"https:\/\/plumanegranoticias.com\/index.php?rest_route=\/wp\/v2\/posts\/13499","targetHints":{"allow":["GET"]}}],"collection":[{"href":"https:\/\/plumanegranoticias.com\/index.php?rest_route=\/wp\/v2\/posts"}],"about":[{"href":"https:\/\/plumanegranoticias.com\/index.php?rest_route=\/wp\/v2\/types\/post"}],"author":[{"embeddable":true,"href":"https:\/\/plumanegranoticias.com\/index.php?rest_route=\/wp\/v2\/users\/2"}],"replies":[{"embeddable":true,"href":"https:\/\/plumanegranoticias.com\/index.php?rest_route=%2Fwp%2Fv2%2Fcomments&post=13499"}],"version-history":[{"count":1,"href":"https:\/\/plumanegranoticias.com\/index.php?rest_route=\/wp\/v2\/posts\/13499\/revisions"}],"predecessor-version":[{"id":13500,"href":"https:\/\/plumanegranoticias.com\/index.php?rest_route=\/wp\/v2\/posts\/13499\/revisions\/13500"}],"wp:featuredmedia":[{"embeddable":true,"href":"https:\/\/plumanegranoticias.com\/index.php?rest_route=\/wp\/v2\/media\/13501"}],"wp:attachment":[{"href":"https:\/\/plumanegranoticias.com\/index.php?rest_route=%2Fwp%2Fv2%2Fmedia&parent=13499"}],"wp:term":[{"taxonomy":"category","embeddable":true,"href":"https:\/\/plumanegranoticias.com\/index.php?rest_route=%2Fwp%2Fv2%2Fcategories&post=13499"},{"taxonomy":"post_tag","embeddable":true,"href":"https:\/\/plumanegranoticias.com\/index.php?rest_route=%2Fwp%2Fv2%2Ftags&post=13499"}],"curies":[{"name":"wp","href":"https:\/\/api.w.org\/{rel}","templated":true}]}}