{"id":13507,"date":"2026-01-20T10:41:23","date_gmt":"2026-01-20T16:41:23","guid":{"rendered":"https:\/\/plumanegranoticias.com\/?p=13507"},"modified":"2026-01-20T10:41:42","modified_gmt":"2026-01-20T16:41:42","slug":"fidel-jr-defienda-a-exgobernador-javier-en-silencio","status":"publish","type":"post","link":"https:\/\/plumanegranoticias.com\/?p=13507","title":{"rendered":"FIDEL JR DEFIENDA A EXGOBERNADOR, JAVIER EN SILENCIO"},"content":{"rendered":"\n<p>Exige Fidel Herrera Borunda a Sa\u00fal Monreal aclarar en debate mentiras del legislador<\/p>\n\n\n\n<p>-Monreal, hermano de Ricardo Monreal asegur\u00f3 que Fidel Herrera fue detenido por corrupto igual que otros exgobernadores<\/p>\n\n\n\n<p>\u00c1ngeles Gonz\u00e1lez Ceballos<br>Zalapa, Ver., Tras las acusaciones del senador de Morena, Sa\u00fal Monreal \u00c1vila, hermano de Ricardo Monreal \u00c1vila, en contra del exgobernador de Veracruz, Fidel Herrera Beltr\u00e1n, fallecido el 2 de mayo de 2025; su hijo Fidel Herrera Borunda sali\u00f3 en su defensa.<\/p>\n\n\n\n<p>Hasta este momento su hijo, Javier Herrera Borunda, diputado federal del Partido Verde, aliado de la 4T, no se ha pronunciado para desmentir las acusaciones del morenista en contra de su padre.<\/p>\n\n\n\n<p>Es as\u00ed que su otro hijo, Fidel, sali\u00f3 en su defensa a trav\u00e9s de un tercero para que le publicara una aclaraci\u00f3n.<\/p>\n\n\n\n<p>Expres\u00f3 que Monreal \u00c1vila hizo afirmaciones p\u00fablicas sobre su padre, Fidel Herrera Beltr\u00e1n, que no s\u00f3lo son falsas, sino que cruzan una l\u00ednea que en la vida p\u00fablica no se puede normalizar, convertir una mentira en &#8220;verdad&#8221; medi\u00e1tica para generar impacto pol\u00edtico.<\/p>\n\n\n\n<p>&#8220;Quiero ser absolutamente claro y preciso: mi padre nunca estuvo detenido, nunca existi\u00f3 una orden de aprehensi\u00f3n en su contra, ni en M\u00e9xico ni en ning\u00fan otro pa\u00eds.<\/p>\n\n\n\n<p>Esto no es un debate de opiniones. Es un hecho verificable. Y cuando se afirma lo contrario, no estamos ante una &#8220;pol\u00e9mica&#8221;; estamos ante difamaci\u00f3n!!!&#8221;, expres\u00f3 Herrera Borunda.<\/p>\n\n\n\n<p>Lo preocupante no es s\u00f3lo lo que se dijo, sino el m\u00e9todo: insinuar sin pruebas, sembrar sospecha donde deber\u00edan existir documentos, evidencia y rigor, se\u00f1al\u00f3.<\/p>\n\n\n\n<p>Dijo que la historia, la pol\u00edtica y el periodismo exigen un m\u00ednimo: sustento documental y verificable!! Lo dem\u00e1s es ruido, y el ruido tambi\u00e9n destruye.<\/p>\n\n\n\n<p>Enfatiz\u00f3 que hay un punto adicional que no puede pasar por alto:<\/p>\n\n\n\n<p>&#8220;Siendo Sa\u00fal hermano de Ricardo Monreal, a quien respeto, considero un gran ser humano, y con quien mi padre comparti\u00f3 una vida p\u00fablica marcada por el oficio pol\u00edtico, la lucha por sus estados y la convicci\u00f3n de construir un M\u00e9xico mejor, cabr\u00eda esperar que el se\u00f1or Sa\u00fal tuviera un sentido mayor de responsabilidad&#8221;, exigi\u00f3.<\/p>\n\n\n\n<p>Consider\u00f3 que se puede disentir, debatir e incluso confrontar, pero no se debe degradar el discurso al terreno de lo infundado, menos a\u00fan utilizando el nombre de alguien que ya no est\u00e1 para defenderse.<\/p>\n\n\n\n<p>&#8220;Por eso, y sin rodeos: si el se\u00f1or Sa\u00fal sostiene lo que dijo, estoy plenamente dispuesto a compartir un foro p\u00fablicamente como corresponde, de frente, con pruebas sobre la mesa y con sustento hist\u00f3rico, pero sobretodo con la verdad jur\u00eddica.<\/p>\n\n\n\n<p>Y si lo que falt\u00f3 fue informaci\u00f3n seria, con gusto puedo hacerle llegar material documental y libros de historia para que este debate se mantenga en el nivel que Veracruz y M\u00e9xico merecen&#8221;, manifest\u00f3 Fidel.<\/p>\n\n\n\n<p>Inisiti\u00f3 en que lo \u00fanico que no aceptar\u00e1 nunca es que se mancille el honor de un hombre que ya falleci\u00f3, usando insinuaciones como herramienta de campa\u00f1a.<\/p>\n\n\n\n<p>&#8220;Y te lo digo tambi\u00e9n desde lo humano: para m\u00ed es un orgullo ser hijo de mi padre, y no soy el \u00fanico. Hay miles de veracruzanos que recuerdan hechos concretos: apoyo real, oportunidades, educaci\u00f3n y salud. Veracruz siempre fue su prioridad. Eso tambi\u00e9n es historia, y vive en la memoria de muchos de nuestros paisanos&#8221;, a\u00f1adi\u00f3.<\/p>\n\n\n\n<p>Hay que referir que en un programa de televisi\u00f3n Sa\u00fal Monreal, se\u00f1al\u00f3 a varios gobernadores de haber sido detenidos por corruptos, en donde cit\u00f3 a Javier Duarte, a Fidel Herrera, a Tom\u00e1s Yarrington, cuando no es p\u00fablico ni cierto que el oriundo de Nopaltepec haya sido detenido jam\u00e1s.<\/p>\n\n\n\n<figure class=\"wp-block-image size-large\"><img loading=\"lazy\" decoding=\"async\" width=\"884\" height=\"1024\" src=\"https:\/\/plumanegranoticias.com\/wp-content\/uploads\/2026\/01\/img-20260120-wa00693228057314574213397-884x1024.jpg\" alt=\"\" class=\"wp-image-13506\" srcset=\"https:\/\/plumanegranoticias.com\/wp-content\/uploads\/2026\/01\/img-20260120-wa00693228057314574213397-884x1024.jpg 884w, https:\/\/plumanegranoticias.com\/wp-content\/uploads\/2026\/01\/img-20260120-wa00693228057314574213397-259x300.jpg 259w, https:\/\/plumanegranoticias.com\/wp-content\/uploads\/2026\/01\/img-20260120-wa00693228057314574213397-768x890.jpg 768w, https:\/\/plumanegranoticias.com\/wp-content\/uploads\/2026\/01\/img-20260120-wa00693228057314574213397.jpg 1000w\" sizes=\"auto, (max-width: 884px) 100vw, 884px\" \/><\/figure>\n","protected":false},"excerpt":{"rendered":"<p>Exige Fidel Herrera Borunda a Sa\u00fal Monreal aclarar en debate mentiras del legislador -Monreal, hermano de Ricardo Monreal asegur\u00f3 que Fidel Herrera fue detenido por corrupto igual que otros exgobernadores \u00c1ngeles Gonz\u00e1lez CeballosZalapa, Ver., Tras las acusaciones del senador de Morena, Sa\u00fal Monreal \u00c1vila, hermano de Ricardo Monreal \u00c1vila, en contra del exgobernador de Veracruz,&#8230; <\/p>\n<div class=\"clear\"><\/div>\n<p><a href=\"https:\/\/plumanegranoticias.com\/?p=13507\" class=\"excerpt-read-more\">Read More<i class=\"fa fa-caret-right icon-caret-right\"><\/i><\/a><\/p>\n","protected":false},"author":2,"featured_media":13509,"comment_status":"open","ping_status":"open","sticky":false,"template":"","format":"standard","meta":{"om_disable_all_campaigns":false,"_monsterinsights_skip_tracking":false,"_monsterinsights_sitenote_active":false,"_monsterinsights_sitenote_note":"","_monsterinsights_sitenote_category":0,"_uf_show_specific_survey":0,"_uf_disable_surveys":false,"footnotes":""},"categories":[67,8,12],"tags":[22,18],"class_list":["post-13507","post","type-post","status-publish","format-standard","has-post-thumbnail","hentry","category-policiaca","category-politica","category-regional","tag-nota-roja","tag-noticia"],"aioseo_notices":[],"_links":{"self":[{"href":"https:\/\/plumanegranoticias.com\/index.php?rest_route=\/wp\/v2\/posts\/13507","targetHints":{"allow":["GET"]}}],"collection":[{"href":"https:\/\/plumanegranoticias.com\/index.php?rest_route=\/wp\/v2\/posts"}],"about":[{"href":"https:\/\/plumanegranoticias.com\/index.php?rest_route=\/wp\/v2\/types\/post"}],"author":[{"embeddable":true,"href":"https:\/\/plumanegranoticias.com\/index.php?rest_route=\/wp\/v2\/users\/2"}],"replies":[{"embeddable":true,"href":"https:\/\/plumanegranoticias.com\/index.php?rest_route=%2Fwp%2Fv2%2Fcomments&post=13507"}],"version-history":[{"count":1,"href":"https:\/\/plumanegranoticias.com\/index.php?rest_route=\/wp\/v2\/posts\/13507\/revisions"}],"predecessor-version":[{"id":13508,"href":"https:\/\/plumanegranoticias.com\/index.php?rest_route=\/wp\/v2\/posts\/13507\/revisions\/13508"}],"wp:featuredmedia":[{"embeddable":true,"href":"https:\/\/plumanegranoticias.com\/index.php?rest_route=\/wp\/v2\/media\/13509"}],"wp:attachment":[{"href":"https:\/\/plumanegranoticias.com\/index.php?rest_route=%2Fwp%2Fv2%2Fmedia&parent=13507"}],"wp:term":[{"taxonomy":"category","embeddable":true,"href":"https:\/\/plumanegranoticias.com\/index.php?rest_route=%2Fwp%2Fv2%2Fcategories&post=13507"},{"taxonomy":"post_tag","embeddable":true,"href":"https:\/\/plumanegranoticias.com\/index.php?rest_route=%2Fwp%2Fv2%2Ftags&post=13507"}],"curies":[{"name":"wp","href":"https:\/\/api.w.org\/{rel}","templated":true}]}}