{"id":13515,"date":"2026-01-20T12:47:28","date_gmt":"2026-01-20T18:47:28","guid":{"rendered":"https:\/\/plumanegranoticias.com\/?p=13515"},"modified":"2026-01-20T12:47:49","modified_gmt":"2026-01-20T18:47:49","slug":"sindico-de-lerdo-se-defiende","status":"publish","type":"post","link":"https:\/\/plumanegranoticias.com\/?p=13515","title":{"rendered":"S\u00edndico de Lerdo se defiende"},"content":{"rendered":"\n<p>Fue Fabi\u00e1n C\u00e1rdenas quien me amenaz\u00f3 de muerte: S\u00edndico de Lerdo<\/p>\n\n\n\n<p>-Tras esc\u00e1ndalo en la presidencia, el edil defini\u00f3 que este martes presentar\u00e1 denuncia ante la FGE por las amenazas, quiere protecci\u00f3n<\/p>\n\n\n\n<p>-L\u00edder del PT le aconseja que hable con la Alcaldesa para solucionar las diferencias y, en su caso, enterar de todo al Congreso<\/p>\n\n\n\n<p>\u00c1ngeles Gonz\u00e1lez Ceballos<br>Xalapa, Ver.El s\u00edndico del ayuntamiento de Lerdo de Tejada, Johard Alejandro Cruz Delf\u00edn, asegur\u00f3 que fue \u00e9l quien fue amenazado por parte del hijo de la alcaldesa, Flor Mar\u00eda Sosa Zamudio, el ahora exalcalde, Fabi\u00e1n C\u00e1rdenas Sosa.<\/p>\n\n\n\n<p>Tras el altercado, el s\u00edndico del PT acudi\u00f3 este d\u00eda a la conferencia de prensa del coordinador de su instituto pol\u00edtico, ah\u00ed expuso que la directora del Agua Potable quer\u00eda que firmara un documento, luego se traslad\u00f3 a la oficina de la Alcaldesa para que lo firmara tambi\u00e9n.<\/p>\n\n\n\n<p>&#8220;Pero ella me dijo que lo ten\u00eda que firmar, quer\u00eda que yo firmara, pero no quer\u00eda que yo checara lo que yo iba a firmar.<\/p>\n\n\n\n<p>Entonces yo le dije que si pod\u00eda ir por mi asesora para que checara lo que iba yo a firmar. Me dijo que s\u00ed, fui por mi asesora, lo checo, cuando apenas me autorizaron se puso agresivo Fabi\u00e1n C\u00e1rdenas, su hijo, que est\u00e1 ah\u00ed adentro, me empez\u00f3 a empujar, a quererme sacar&#8221;, asegur\u00f3.<\/p>\n\n\n\n<p>Fue as\u00ed que durante el enfrentamiento, el exalcalde lo comenz\u00f3 a golpear y fue este quien lo amenaz\u00f3 de muerte.<\/p>\n\n\n\n<p>&#8220;Fabi\u00e1n C\u00e1rdenas que est\u00e1 ah\u00ed adentro me empez\u00f3 a empujar, a quererme sacar, me golpe\u00f3 y me amenaz\u00f3 y que me iba a matar: te voy a matar hijo de tu pinche madre y entonces el guardaespaldas me sac\u00f3 y me empuj\u00f3, pero yo nunca le falt\u00e9 al respeto a la se\u00f1ora&#8221;, sostuvo.<\/p>\n\n\n\n<p>El documento que quer\u00edan que firmara era la entrega-recepci\u00f3n de la direcci\u00f3n de Agua Potable.<\/p>\n\n\n\n<p>El edil de extracci\u00f3n petista adelant\u00f3 que no sabe si a finalizar el mes le firmar\u00e1 a la Alcaldesa los estados financieros que mes con mes los ediles tienen que firmar.<\/p>\n\n\n\n<p>Johard Alejandro Cruz Delf\u00edn adelant\u00f3 que por los hechos ocurridos presentar\u00e1 denuncia formal en contra de la presidenta municipal.<\/p>\n\n\n\n<p>Cuestionado sobre el papel de Fabi\u00e1n C\u00e1rdenas en la administraci\u00f3n, asegur\u00f3 que es quien realmente est\u00e1 gobernando, no su mam\u00e1, porque as\u00ed se lo permite.<\/p>\n\n\n\n<p>&#8220;\u00c9l (Fabi\u00e1n C\u00e1rdenas) toma todas las decisiones&#8221;, agreg\u00f3 y expres\u00f3 que conf\u00eda en recibir el apoyo de su partido pol\u00edtico.<\/p>\n\n\n\n<p>Por su parte, el coordinador ejecutivo del PT, Vicente Aguilar Aguilar, se dijo preocupado de que hayan ocurrido estos hechos.<\/p>\n\n\n\n<p>&#8220;Yo sab\u00eda del trabajo de unidad que se tra\u00eda, la compa\u00f1era se va a Morena (Flor Mar\u00eda Sosa) y me saca de onda lo que sucedi\u00f3, porque era un trabajo de equipo&#8221;, asever\u00f3.<\/p>\n\n\n\n<p>El l\u00edder de este instituto pol\u00edtico opin\u00f3 que la presidenta municipal debe reconocer que todos aquellos que tienen que firmar un documento, el que sea, lo tienen que leer.<\/p>\n\n\n\n<p>Aconsej\u00f3 al S\u00edndico a tratar de entablar di\u00e1logo con la Alcaldesa para subsanar las diferencias y, en todo caso, proceder como lo considere pertinente por las amenazas.<\/p>\n\n\n\n<p>Aunque el S\u00edndico por su parte, adelant\u00f3 que buscar\u00e1 que se le brinde seguridad para cuidar su integridad f\u00edsica.<\/p>\n\n\n\n<p>En ese sentido, defini\u00f3 que este mismo martes acudir\u00e1 ante la Fiscal\u00eda General del Estado para presentar la denuncia en contra de quien resulte responsable.<\/p>\n\n\n\n<p>Vicente Aguilar tambi\u00e9n le recomend\u00f3 al S\u00edndico que busque el respaldo del Congreso del Estado para evitar que los problemas se salgan de control y est\u00e9n enterados de forma oficial sobre lo que sucedi\u00f3, &#8220;un di\u00e1logo a tiempo puede ayudarnos&#8221;.<\/p>\n\n\n\n<figure class=\"wp-block-image size-large\"><img loading=\"lazy\" decoding=\"async\" width=\"1024\" height=\"624\" src=\"https:\/\/plumanegranoticias.com\/wp-content\/uploads\/2026\/01\/img-20260120-wa01003419106983840009085-1024x624.jpg\" alt=\"\" class=\"wp-image-13514\" srcset=\"https:\/\/plumanegranoticias.com\/wp-content\/uploads\/2026\/01\/img-20260120-wa01003419106983840009085-1024x624.jpg 1024w, https:\/\/plumanegranoticias.com\/wp-content\/uploads\/2026\/01\/img-20260120-wa01003419106983840009085-300x183.jpg 300w, https:\/\/plumanegranoticias.com\/wp-content\/uploads\/2026\/01\/img-20260120-wa01003419106983840009085-768x468.jpg 768w, https:\/\/plumanegranoticias.com\/wp-content\/uploads\/2026\/01\/img-20260120-wa01003419106983840009085.jpg 1080w\" sizes=\"auto, (max-width: 1024px) 100vw, 1024px\" \/><\/figure>\n","protected":false},"excerpt":{"rendered":"<p>Fue Fabi\u00e1n C\u00e1rdenas quien me amenaz\u00f3 de muerte: S\u00edndico de Lerdo -Tras esc\u00e1ndalo en la presidencia, el edil defini\u00f3 que este martes presentar\u00e1 denuncia ante la FGE por las amenazas, quiere protecci\u00f3n -L\u00edder del PT le aconseja que hable con la Alcaldesa para solucionar las diferencias y, en su caso, enterar de todo al Congreso&#8230; <\/p>\n<div class=\"clear\"><\/div>\n<p><a href=\"https:\/\/plumanegranoticias.com\/?p=13515\" class=\"excerpt-read-more\">Read More<i class=\"fa fa-caret-right icon-caret-right\"><\/i><\/a><\/p>\n","protected":false},"author":2,"featured_media":13517,"comment_status":"open","ping_status":"open","sticky":false,"template":"","format":"standard","meta":{"om_disable_all_campaigns":false,"_monsterinsights_skip_tracking":false,"_monsterinsights_sitenote_active":false,"_monsterinsights_sitenote_note":"","_monsterinsights_sitenote_category":0,"_uf_show_specific_survey":0,"_uf_disable_surveys":false,"footnotes":""},"categories":[13,67,8,12],"tags":[20,22,18],"class_list":["post-13515","post","type-post","status-publish","format-standard","has-post-thumbnail","hentry","category-nota-roja","category-policiaca","category-politica","category-regional","tag-negocios","tag-nota-roja","tag-noticia"],"aioseo_notices":[],"_links":{"self":[{"href":"https:\/\/plumanegranoticias.com\/index.php?rest_route=\/wp\/v2\/posts\/13515","targetHints":{"allow":["GET"]}}],"collection":[{"href":"https:\/\/plumanegranoticias.com\/index.php?rest_route=\/wp\/v2\/posts"}],"about":[{"href":"https:\/\/plumanegranoticias.com\/index.php?rest_route=\/wp\/v2\/types\/post"}],"author":[{"embeddable":true,"href":"https:\/\/plumanegranoticias.com\/index.php?rest_route=\/wp\/v2\/users\/2"}],"replies":[{"embeddable":true,"href":"https:\/\/plumanegranoticias.com\/index.php?rest_route=%2Fwp%2Fv2%2Fcomments&post=13515"}],"version-history":[{"count":1,"href":"https:\/\/plumanegranoticias.com\/index.php?rest_route=\/wp\/v2\/posts\/13515\/revisions"}],"predecessor-version":[{"id":13516,"href":"https:\/\/plumanegranoticias.com\/index.php?rest_route=\/wp\/v2\/posts\/13515\/revisions\/13516"}],"wp:featuredmedia":[{"embeddable":true,"href":"https:\/\/plumanegranoticias.com\/index.php?rest_route=\/wp\/v2\/media\/13517"}],"wp:attachment":[{"href":"https:\/\/plumanegranoticias.com\/index.php?rest_route=%2Fwp%2Fv2%2Fmedia&parent=13515"}],"wp:term":[{"taxonomy":"category","embeddable":true,"href":"https:\/\/plumanegranoticias.com\/index.php?rest_route=%2Fwp%2Fv2%2Fcategories&post=13515"},{"taxonomy":"post_tag","embeddable":true,"href":"https:\/\/plumanegranoticias.com\/index.php?rest_route=%2Fwp%2Fv2%2Ftags&post=13515"}],"curies":[{"name":"wp","href":"https:\/\/api.w.org\/{rel}","templated":true}]}}