{"id":13519,"date":"2026-01-20T13:37:34","date_gmt":"2026-01-20T19:37:34","guid":{"rendered":"https:\/\/plumanegranoticias.com\/?p=13519"},"modified":"2026-01-20T13:37:53","modified_gmt":"2026-01-20T19:37:53","slug":"camara-de-belleza-ofrece-certificacion-a-socios-3n-cordoba","status":"publish","type":"post","link":"https:\/\/plumanegranoticias.com\/?p=13519","title":{"rendered":"C\u00e1mara de Belleza ofrece certificaci\u00f3n a socios 3n C\u00f3rdoba"},"content":{"rendered":"\n<p>C\u00e1mara empresarial de la industria de la belleza delimita funciones y anuncia fortalecimiento de la formalizaci\u00f3n en Veracruz<\/p>\n\n\n\n<p>Por GerardoLuna.mx<br>C\u00f3rdoba, Ver.- Representantes de una c\u00e1mara empresarial del sector de la industria de la belleza informaron en C\u00f3rdoba sobre los alcances, atribuciones y objetivos de este organismo, el cual se encuentra legalmente constituido a nivel federal y cuenta con autorizaci\u00f3n de la Secretar\u00eda de Econom\u00eda para representar al sector industrial de la belleza en el pa\u00eds.<\/p>\n\n\n\n<p>Durante la visita a este municipio, el presidente de la c\u00e1mara, Mart\u00edn Cruz, explic\u00f3 que el organismo posee reconocimiento oficial ante instancias federales, lo que le permite fungir como un ente formal de representaci\u00f3n del sector industrial de la belleza a nivel nacional.<\/p>\n\n\n\n<p>Esta condici\u00f3n, precis\u00f3, lo diferencia de otras organizaciones empresariales o comerciales que no cuentan con las mismas atribuciones dentro de este \u00e1mbito espec\u00edfico.<\/p>\n\n\n\n<p>De acuerdo con la informaci\u00f3n proporcionada, entre las principales funciones de la c\u00e1mara se encuentra el fortalecimiento del sistema productivo mediante acciones de asesor\u00eda, capacitaci\u00f3n y vinculaci\u00f3n institucional con los gobiernos municipal, estatal y federal.<\/p>\n\n\n\n<p>Estas estrategias buscan impulsar la formalizaci\u00f3n de quienes integran el sector, con el prop\u00f3sito de que los negocios debidamente establecidos puedan acceder a esquemas de apoyo, programas institucionales y procesos de seguimiento, canalizados a trav\u00e9s de la representaci\u00f3n de la c\u00e1mara.<\/p>\n\n\n\n<p>Se detall\u00f3 que la figura de esta c\u00e1mara opera a nivel nacional y que, bajo el marco legal vigente, no existe otra c\u00e1mara federal con las mismas facultades dentro del sector industrial de la belleza.<\/p>\n\n\n\n<p>No obstante, se aclar\u00f3 que pueden existir organizaciones, asociaciones o sindicatos con objetivos y funciones distintas, sin que ello implique atribuciones equivalentes.<\/p>\n\n\n\n<p>En el caso de C\u00f3rdoba y otros municipios de Veracruz, la c\u00e1mara busca delimitar con claridad su \u00e1mbito de competencia como representante del sector industrial, diferenci\u00e1ndolo del sector comercial.<\/p>\n\n\n\n<p>En este sentido, se explic\u00f3 que actividades como las de estilistas, emprendedores de la belleza y establecimientos relacionados forman parte de la industria, mientras que c\u00e1maras como Canaco o Canacope representan exclusivamente al comercio, por lo que no tienen competencia directa en este rubro industrial.<\/p>\n\n\n\n<p>Asimismo, se inform\u00f3 que la c\u00e1mara ya se encuentra instalada a nivel estatal en Veracruz y que ser\u00e1 la \u00fanica facultada para la gesti\u00f3n de los llamados \u201cengomados\u201d vinculados al Registro (SIEM), considerado uno de los principales ejes del proceso de formalizaci\u00f3n del sector.<\/p>\n\n\n\n<p>Se puntualiz\u00f3 que, conforme a sus atribuciones legales, \u00fanicamente este organismo puede llevar a cabo dichos tr\u00e1mites.<\/p>\n\n\n\n<p>Como parte de su agenda de trabajo, la c\u00e1mara realizar\u00e1 visitas al gremio para promover reuniones, actividades de capacitaci\u00f3n empresarial e institucional, as\u00ed como estrategias de desarrollo enfocadas al fortalecimiento de la industria de la belleza.<\/p>\n\n\n\n<p>De igual forma, se contempla el establecimiento de v\u00ednculos con empresas y marcas que contribuyan al crecimiento del sector y a la generaci\u00f3n de mejores condiciones laborales.<\/p>\n\n\n\n<p>Otro de los ejes relevantes es el impulso a la certificaci\u00f3n de competencias laborales, a trav\u00e9s de est\u00e1ndares emitidos por el Consejo Nacional de Normalizaci\u00f3n y Certificaci\u00f3n de Competencias Laborales (CONOCER), organismo acreditado por la Secretar\u00eda de Educaci\u00f3n P\u00fablica.<\/p>\n\n\n\n<p>Con ello, se busca elevar el nivel profesional y la competitividad de quienes integran esta industria.<\/p>\n\n\n\n<p>Como antecedente, se record\u00f3 que el pasado 29 de diciembre se llev\u00f3 a cabo el primer desayuno de fin de a\u00f1o organizado por la c\u00e1mara para el sector, evento que registr\u00f3 una respuesta favorable. Para el presente a\u00f1o, se prev\u00e9 ampliar la convocatoria y fortalecer la participaci\u00f3n de toda la industria, as\u00ed como de otros sistemas relacionados.<\/p>\n\n\n\n<p>Finalmente, se destac\u00f3 que una de las prioridades actuales es avanzar en el proceso de formalizaci\u00f3n mediante el Registro (SIEM) Sistema de Informaci\u00f3n Empresarial Mexicano y posteriormente, iniciar la integraci\u00f3n directa de los interesados como socios de la c\u00e1mara, con el objetivo de consolidar una representaci\u00f3n estructurada, con respaldo legal, para la industria de la belleza en Veracruz y en el pa\u00eds.<\/p>\n\n\n\n<figure class=\"wp-block-image size-large\"><img loading=\"lazy\" decoding=\"async\" width=\"1024\" height=\"474\" src=\"https:\/\/plumanegranoticias.com\/wp-content\/uploads\/2026\/01\/img-20260120-wa01251534211693098895877-1024x474.jpg\" alt=\"\" class=\"wp-image-13518\" srcset=\"https:\/\/plumanegranoticias.com\/wp-content\/uploads\/2026\/01\/img-20260120-wa01251534211693098895877-1024x474.jpg 1024w, https:\/\/plumanegranoticias.com\/wp-content\/uploads\/2026\/01\/img-20260120-wa01251534211693098895877-300x139.jpg 300w, https:\/\/plumanegranoticias.com\/wp-content\/uploads\/2026\/01\/img-20260120-wa01251534211693098895877-768x355.jpg 768w, https:\/\/plumanegranoticias.com\/wp-content\/uploads\/2026\/01\/img-20260120-wa01251534211693098895877-1536x710.jpg 1536w, https:\/\/plumanegranoticias.com\/wp-content\/uploads\/2026\/01\/img-20260120-wa01251534211693098895877.jpg 1600w\" sizes=\"auto, (max-width: 1024px) 100vw, 1024px\" \/><\/figure>\n","protected":false},"excerpt":{"rendered":"<p>C\u00e1mara empresarial de la industria de la belleza delimita funciones y anuncia fortalecimiento de la formalizaci\u00f3n en Veracruz Por GerardoLuna.mxC\u00f3rdoba, Ver.- Representantes de una c\u00e1mara empresarial del sector de la industria de la belleza informaron en C\u00f3rdoba sobre los alcances, atribuciones y objetivos de este organismo, el cual se encuentra legalmente constituido a nivel federal&#8230; <\/p>\n<div class=\"clear\"><\/div>\n<p><a href=\"https:\/\/plumanegranoticias.com\/?p=13519\" class=\"excerpt-read-more\">Read More<i class=\"fa fa-caret-right icon-caret-right\"><\/i><\/a><\/p>\n","protected":false},"author":2,"featured_media":13521,"comment_status":"open","ping_status":"open","sticky":false,"template":"","format":"standard","meta":{"om_disable_all_campaigns":false,"_monsterinsights_skip_tracking":false,"_monsterinsights_sitenote_active":false,"_monsterinsights_sitenote_note":"","_monsterinsights_sitenote_category":0,"_uf_show_specific_survey":0,"_uf_disable_surveys":false,"footnotes":""},"categories":[13,67,8,12],"tags":[18,30,61],"class_list":["post-13519","post","type-post","status-publish","format-standard","has-post-thumbnail","hentry","category-nota-roja","category-policiaca","category-politica","category-regional","tag-noticia","tag-plumazos","tag-politica"],"aioseo_notices":[],"_links":{"self":[{"href":"https:\/\/plumanegranoticias.com\/index.php?rest_route=\/wp\/v2\/posts\/13519","targetHints":{"allow":["GET"]}}],"collection":[{"href":"https:\/\/plumanegranoticias.com\/index.php?rest_route=\/wp\/v2\/posts"}],"about":[{"href":"https:\/\/plumanegranoticias.com\/index.php?rest_route=\/wp\/v2\/types\/post"}],"author":[{"embeddable":true,"href":"https:\/\/plumanegranoticias.com\/index.php?rest_route=\/wp\/v2\/users\/2"}],"replies":[{"embeddable":true,"href":"https:\/\/plumanegranoticias.com\/index.php?rest_route=%2Fwp%2Fv2%2Fcomments&post=13519"}],"version-history":[{"count":1,"href":"https:\/\/plumanegranoticias.com\/index.php?rest_route=\/wp\/v2\/posts\/13519\/revisions"}],"predecessor-version":[{"id":13520,"href":"https:\/\/plumanegranoticias.com\/index.php?rest_route=\/wp\/v2\/posts\/13519\/revisions\/13520"}],"wp:featuredmedia":[{"embeddable":true,"href":"https:\/\/plumanegranoticias.com\/index.php?rest_route=\/wp\/v2\/media\/13521"}],"wp:attachment":[{"href":"https:\/\/plumanegranoticias.com\/index.php?rest_route=%2Fwp%2Fv2%2Fmedia&parent=13519"}],"wp:term":[{"taxonomy":"category","embeddable":true,"href":"https:\/\/plumanegranoticias.com\/index.php?rest_route=%2Fwp%2Fv2%2Fcategories&post=13519"},{"taxonomy":"post_tag","embeddable":true,"href":"https:\/\/plumanegranoticias.com\/index.php?rest_route=%2Fwp%2Fv2%2Ftags&post=13519"}],"curies":[{"name":"wp","href":"https:\/\/api.w.org\/{rel}","templated":true}]}}