{"id":13541,"date":"2026-01-21T10:34:03","date_gmt":"2026-01-21T16:34:03","guid":{"rendered":"https:\/\/plumanegranoticias.com\/?p=13541"},"modified":"2026-01-21T10:34:21","modified_gmt":"2026-01-21T16:34:21","slug":"ofrece-samuel-acosta-60-de-descuento-al-predial","status":"publish","type":"post","link":"https:\/\/plumanegranoticias.com\/?p=13541","title":{"rendered":"Ofrece Samuel Acosta 60% de descuento al predial"},"content":{"rendered":"\n<p>AYUNTAMIENTO DE MEDELL\u00cdN DE BRAVO ANUNCIA DESCUENTO ESPECIAL EN EL PAGO DEL IMPUESTO PREDIAL POR EL D\u00cdA MEDELLINENSE<\/p>\n\n\n\n<p>Medell\u00edn de Bravo, Veracruz, 21 de enero de 2026.- En el marco del D\u00eda Medellinense, el Ayuntamiento de Medell\u00edn de Bravo, que encabeza el alcalde Samuel Acosta Mart\u00ednez, anunci\u00f3 la aplicaci\u00f3n de un descuento adicional del 10% en el pago del impuesto predial, como una acci\u00f3n concreta para apoyar la econom\u00eda de las familias del municipio y fomentar el cumplimiento de las obligaciones fiscales.<\/p>\n\n\n\n<p>El presidente municipal inform\u00f3 que este beneficio se suma a los descuentos ya existentes, por lo que los est\u00edmulos fiscales quedan establecidos de la siguiente manera:<br \/>\u2022 60% de descuento para personas adultas mayores y pensionadas,<br \/>\u2022 30% de descuento para el p\u00fablico en general.<\/p>\n\n\n\n<p>Samuel Acosta destac\u00f3 que esta medida representa un reconocimiento a las y los contribuyentes de Medell\u00edn de Bravo. El presidente municipal precis\u00f3 que este beneficio es extraordinario y tendr\u00e1 vigencia \u00fanicamente durante el d\u00eda de hoy<\/p>\n\n\n\n<p>\u201cEl D\u00eda Medellinense es una fecha especial por eso, quisimos acompa\u00f1ar esta celebraci\u00f3n con una acci\u00f3n que beneficie directamente a la ciudadan\u00eda, apoyando la econom\u00eda familiar y fortaleciendo la cultura de la responsabilidad fiscal\u201d, se\u00f1al\u00f3 el alcalde.<\/p>\n\n\n\n<p>El descuento fue debidamente aprobado por la s\u00edndica y las regidoras del Ayuntamiento, reafirmando el trabajo coordinado del Cabildo y el compromiso institucional de impulsar pol\u00edticas p\u00fablicas con sentido social.<\/p>\n\n\n\n<p>El Gobierno Municipal reiter\u00f3 la invitaci\u00f3n a la poblaci\u00f3n a aprovechar este beneficio, cumplir con el pago del impuesto predial y contribuir al fortalecimiento de las finanzas municipales, las cuales se traducen en m\u00e1s obras, mejores servicios y acciones en favor del desarrollo de Medell\u00edn de Bravo.<\/p>\n\n\n\n<p>Con estas acciones, la administraci\u00f3n municipal refrenda su compromiso de mantener un gobierno cercano, sensible y responsable, que escucha y responde a las necesidades de la ciudadan\u00eda, trabajando siempre por la grandeza de Medell\u00edn.<\/p>\n\n\n\n<figure class=\"wp-block-image size-large\"><img loading=\"lazy\" decoding=\"async\" width=\"1024\" height=\"677\" src=\"https:\/\/plumanegranoticias.com\/wp-content\/uploads\/2026\/01\/img-20260121-wa01151141604230604689562-1024x677.jpg\" alt=\"\" class=\"wp-image-13539\" srcset=\"https:\/\/plumanegranoticias.com\/wp-content\/uploads\/2026\/01\/img-20260121-wa01151141604230604689562-1024x677.jpg 1024w, https:\/\/plumanegranoticias.com\/wp-content\/uploads\/2026\/01\/img-20260121-wa01151141604230604689562-300x198.jpg 300w, https:\/\/plumanegranoticias.com\/wp-content\/uploads\/2026\/01\/img-20260121-wa01151141604230604689562-768x508.jpg 768w, https:\/\/plumanegranoticias.com\/wp-content\/uploads\/2026\/01\/img-20260121-wa01151141604230604689562.jpg 1314w\" sizes=\"auto, (max-width: 1024px) 100vw, 1024px\" \/><\/figure>\n\n\n\n<figure class=\"wp-block-image\"><img loading=\"lazy\" decoding=\"async\" width=\"1024\" height=\"661\" src=\"https:\/\/plumanegranoticias.com\/wp-content\/uploads\/2026\/01\/img-20260121-wa0113873913009191396390-1024x661.jpg\" alt=\"\" class=\"wp-image-13538\" srcset=\"https:\/\/plumanegranoticias.com\/wp-content\/uploads\/2026\/01\/img-20260121-wa0113873913009191396390-1024x661.jpg 1024w, https:\/\/plumanegranoticias.com\/wp-content\/uploads\/2026\/01\/img-20260121-wa0113873913009191396390-300x194.jpg 300w, https:\/\/plumanegranoticias.com\/wp-content\/uploads\/2026\/01\/img-20260121-wa0113873913009191396390-768x496.jpg 768w, https:\/\/plumanegranoticias.com\/wp-content\/uploads\/2026\/01\/img-20260121-wa0113873913009191396390-1536x992.jpg 1536w, https:\/\/plumanegranoticias.com\/wp-content\/uploads\/2026\/01\/img-20260121-wa0113873913009191396390.jpg 1600w\" sizes=\"auto, (max-width: 1024px) 100vw, 1024px\" \/><\/figure>\n\n\n\n<figure class=\"wp-block-image\"><img loading=\"lazy\" decoding=\"async\" width=\"1024\" height=\"660\" src=\"https:\/\/plumanegranoticias.com\/wp-content\/uploads\/2026\/01\/img-20260121-wa01145200119365544347133-1024x660.jpg\" alt=\"\" class=\"wp-image-13540\" srcset=\"https:\/\/plumanegranoticias.com\/wp-content\/uploads\/2026\/01\/img-20260121-wa01145200119365544347133-1024x660.jpg 1024w, https:\/\/plumanegranoticias.com\/wp-content\/uploads\/2026\/01\/img-20260121-wa01145200119365544347133-300x193.jpg 300w, https:\/\/plumanegranoticias.com\/wp-content\/uploads\/2026\/01\/img-20260121-wa01145200119365544347133-768x495.jpg 768w, https:\/\/plumanegranoticias.com\/wp-content\/uploads\/2026\/01\/img-20260121-wa01145200119365544347133.jpg 1291w\" sizes=\"auto, (max-width: 1024px) 100vw, 1024px\" \/><\/figure>\n","protected":false},"excerpt":{"rendered":"<p>AYUNTAMIENTO DE MEDELL\u00cdN DE BRAVO ANUNCIA DESCUENTO ESPECIAL EN EL PAGO DEL IMPUESTO PREDIAL POR EL D\u00cdA MEDELLINENSE Medell\u00edn de Bravo, Veracruz, 21 de enero de 2026.- En el marco del D\u00eda Medellinense, el Ayuntamiento de Medell\u00edn de Bravo, que encabeza el alcalde Samuel Acosta Mart\u00ednez, anunci\u00f3 la aplicaci\u00f3n de un descuento adicional del 10%&#8230; <\/p>\n<div class=\"clear\"><\/div>\n<p><a href=\"https:\/\/plumanegranoticias.com\/?p=13541\" class=\"excerpt-read-more\">Read More<i class=\"fa fa-caret-right icon-caret-right\"><\/i><\/a><\/p>\n","protected":false},"author":2,"featured_media":13543,"comment_status":"open","ping_status":"open","sticky":false,"template":"","format":"standard","meta":{"om_disable_all_campaigns":false,"_monsterinsights_skip_tracking":false,"_monsterinsights_sitenote_active":false,"_monsterinsights_sitenote_note":"","_monsterinsights_sitenote_category":0,"_uf_show_specific_survey":0,"_uf_disable_surveys":false,"footnotes":""},"categories":[13,67,8,12],"tags":[22,30],"class_list":["post-13541","post","type-post","status-publish","format-standard","has-post-thumbnail","hentry","category-nota-roja","category-policiaca","category-politica","category-regional","tag-nota-roja","tag-plumazos"],"aioseo_notices":[],"_links":{"self":[{"href":"https:\/\/plumanegranoticias.com\/index.php?rest_route=\/wp\/v2\/posts\/13541","targetHints":{"allow":["GET"]}}],"collection":[{"href":"https:\/\/plumanegranoticias.com\/index.php?rest_route=\/wp\/v2\/posts"}],"about":[{"href":"https:\/\/plumanegranoticias.com\/index.php?rest_route=\/wp\/v2\/types\/post"}],"author":[{"embeddable":true,"href":"https:\/\/plumanegranoticias.com\/index.php?rest_route=\/wp\/v2\/users\/2"}],"replies":[{"embeddable":true,"href":"https:\/\/plumanegranoticias.com\/index.php?rest_route=%2Fwp%2Fv2%2Fcomments&post=13541"}],"version-history":[{"count":1,"href":"https:\/\/plumanegranoticias.com\/index.php?rest_route=\/wp\/v2\/posts\/13541\/revisions"}],"predecessor-version":[{"id":13542,"href":"https:\/\/plumanegranoticias.com\/index.php?rest_route=\/wp\/v2\/posts\/13541\/revisions\/13542"}],"wp:featuredmedia":[{"embeddable":true,"href":"https:\/\/plumanegranoticias.com\/index.php?rest_route=\/wp\/v2\/media\/13543"}],"wp:attachment":[{"href":"https:\/\/plumanegranoticias.com\/index.php?rest_route=%2Fwp%2Fv2%2Fmedia&parent=13541"}],"wp:term":[{"taxonomy":"category","embeddable":true,"href":"https:\/\/plumanegranoticias.com\/index.php?rest_route=%2Fwp%2Fv2%2Fcategories&post=13541"},{"taxonomy":"post_tag","embeddable":true,"href":"https:\/\/plumanegranoticias.com\/index.php?rest_route=%2Fwp%2Fv2%2Ftags&post=13541"}],"curies":[{"name":"wp","href":"https:\/\/api.w.org\/{rel}","templated":true}]}}