{"id":13574,"date":"2026-01-21T14:23:48","date_gmt":"2026-01-21T20:23:48","guid":{"rendered":"https:\/\/plumanegranoticias.com\/?p=13574"},"modified":"2026-01-21T14:24:06","modified_gmt":"2026-01-21T20:24:06","slug":"elizabeth-morales-se-alinea-con-agenda-nacional-de-pt","status":"publish","type":"post","link":"https:\/\/plumanegranoticias.com\/?p=13574","title":{"rendered":"El\u00edzabeth Morales se alinea con agenda nacional de PT"},"content":{"rendered":"\n<p>Alejandro \u00c1vila<\/p>\n\n\n\n<p>Veracruz, Ver.- La diputada local Elizabeth Morales Garc\u00eda asisti\u00f3 a la primera reuni\u00f3n nacional del Partido del Trabajo que fue encabezada por el dirigente nacional Alberto Anaya.<\/p>\n\n\n\n<p>En dicho encuentro la legisladora tom\u00f3 nota de la agenda pol\u00edtica y social del Partido del Trabajo para el a\u00f1o 2026, misma que deber\u00e1 replicar en la entidad veracruzana.<\/p>\n\n\n\n<p>\u201cFue una reuni\u00f3n muy importante para evaluar el contexto pol\u00edtico, compartir experiencias y reforzar la agenda que el Partido del Trabajo construye con base en el trabajo legislativo, la organizaci\u00f3n y la cercan\u00eda con las bases\u201d, expres\u00f3.<\/p>\n\n\n\n<p>El\u00edzabeth Morales subray\u00f3 que, desde Veracruz el PT contin\u00faa impulsando iniciativas en el Congreso local que buscan beneficiar a todas y todos los veracruzanos, reafirmando que ser petista representa una gran responsabilidad y un compromiso permanente con la construcci\u00f3n de un mejor pa\u00eds.<\/p>\n\n\n\n<p>Asimismo, agradeci\u00f3 al dirigente nacional del PT la apertura de estos espacios de di\u00e1logo y coordinaci\u00f3n, los cuales consider\u00f3 fundamentales para construir acuerdos, definir prioridades y fortalecer el trabajo que se realiza desde cada entidad federativa.<\/p>\n\n\n\n<p>\u201cParticipar en estas reuniones tambi\u00e9n es asumir la responsabilidad de las decisiones que marcar\u00e1n este a\u00f1o. Estoy convencida de que el Partido del Trabajo seguir\u00e1 consolid\u00e1ndose con mayor fuerza, porque el rumbo es claro y el compromiso con el pueblo es firme\u201d, concluy\u00f3.<\/p>\n\n\n\n<figure class=\"wp-block-image size-large\"><img loading=\"lazy\" decoding=\"async\" width=\"300\" height=\"176\" src=\"https:\/\/plumanegranoticias.com\/wp-content\/uploads\/2026\/01\/img-20260121-wa01216828873470380076606-300x176.jpg\" alt=\"\" class=\"wp-image-13573\" srcset=\"https:\/\/plumanegranoticias.com\/wp-content\/uploads\/2026\/01\/img-20260121-wa01216828873470380076606-300x176.jpg 300w, https:\/\/plumanegranoticias.com\/wp-content\/uploads\/2026\/01\/img-20260121-wa01216828873470380076606-768x452.jpg 768w, https:\/\/plumanegranoticias.com\/wp-content\/uploads\/2026\/01\/img-20260121-wa01216828873470380076606.jpg 1017w\" sizes=\"auto, (max-width: 300px) 100vw, 300px\" \/><\/figure>\n","protected":false},"excerpt":{"rendered":"<p>Alejandro \u00c1vila Veracruz, Ver.- La diputada local Elizabeth Morales Garc\u00eda asisti\u00f3 a la primera reuni\u00f3n nacional del Partido del Trabajo que fue encabezada por el dirigente nacional Alberto Anaya. En dicho encuentro la legisladora tom\u00f3 nota de la agenda pol\u00edtica y social del Partido del Trabajo para el a\u00f1o 2026, misma que deber\u00e1 replicar en&#8230; <\/p>\n<div class=\"clear\"><\/div>\n<p><a href=\"https:\/\/plumanegranoticias.com\/?p=13574\" class=\"excerpt-read-more\">Read More<i class=\"fa fa-caret-right icon-caret-right\"><\/i><\/a><\/p>\n","protected":false},"author":2,"featured_media":13576,"comment_status":"open","ping_status":"open","sticky":false,"template":"","format":"standard","meta":{"om_disable_all_campaigns":false,"_monsterinsights_skip_tracking":false,"_monsterinsights_sitenote_active":false,"_monsterinsights_sitenote_note":"","_monsterinsights_sitenote_category":0,"_uf_show_specific_survey":0,"_uf_disable_surveys":false,"footnotes":""},"categories":[13,8,12],"tags":[27,37],"class_list":["post-13574","post","type-post","status-publish","format-standard","has-post-thumbnail","hentry","category-nota-roja","category-politica","category-regional","tag-deportes","tag-editorial"],"aioseo_notices":[],"_links":{"self":[{"href":"https:\/\/plumanegranoticias.com\/index.php?rest_route=\/wp\/v2\/posts\/13574","targetHints":{"allow":["GET"]}}],"collection":[{"href":"https:\/\/plumanegranoticias.com\/index.php?rest_route=\/wp\/v2\/posts"}],"about":[{"href":"https:\/\/plumanegranoticias.com\/index.php?rest_route=\/wp\/v2\/types\/post"}],"author":[{"embeddable":true,"href":"https:\/\/plumanegranoticias.com\/index.php?rest_route=\/wp\/v2\/users\/2"}],"replies":[{"embeddable":true,"href":"https:\/\/plumanegranoticias.com\/index.php?rest_route=%2Fwp%2Fv2%2Fcomments&post=13574"}],"version-history":[{"count":1,"href":"https:\/\/plumanegranoticias.com\/index.php?rest_route=\/wp\/v2\/posts\/13574\/revisions"}],"predecessor-version":[{"id":13575,"href":"https:\/\/plumanegranoticias.com\/index.php?rest_route=\/wp\/v2\/posts\/13574\/revisions\/13575"}],"wp:featuredmedia":[{"embeddable":true,"href":"https:\/\/plumanegranoticias.com\/index.php?rest_route=\/wp\/v2\/media\/13576"}],"wp:attachment":[{"href":"https:\/\/plumanegranoticias.com\/index.php?rest_route=%2Fwp%2Fv2%2Fmedia&parent=13574"}],"wp:term":[{"taxonomy":"category","embeddable":true,"href":"https:\/\/plumanegranoticias.com\/index.php?rest_route=%2Fwp%2Fv2%2Fcategories&post=13574"},{"taxonomy":"post_tag","embeddable":true,"href":"https:\/\/plumanegranoticias.com\/index.php?rest_route=%2Fwp%2Fv2%2Ftags&post=13574"}],"curies":[{"name":"wp","href":"https:\/\/api.w.org\/{rel}","templated":true}]}}