{"id":13579,"date":"2026-01-21T14:26:31","date_gmt":"2026-01-21T20:26:31","guid":{"rendered":"https:\/\/plumanegranoticias.com\/?p=13579"},"modified":"2026-01-21T14:26:54","modified_gmt":"2026-01-21T20:26:54","slug":"ordenes-de-cateo-ya-se-pueden-solicitar-de-manera-virtual-se-otorgaran-en-20-minutos-fiscal","status":"publish","type":"post","link":"https:\/\/plumanegranoticias.com\/?p=13579","title":{"rendered":"\u00d3rdenes de cateo ya se pueden solicitar de manera virtual, se otorgar\u00e1n en 20 minutos: Fiscal"},"content":{"rendered":"\n<p>A partir de este d\u00eda se abre una ventanilla para que fiscales puedan hacer la solicitudes de cateo para lo cual habr\u00e1 jueces las 24 horas<\/p>\n\n\n\n<p>\u00c1ngeles Gonz\u00e1lez Ceballos<br>Xalapa, Ver. A partir de ahora las \u00f3rdenes de cateo se podr\u00e1n solicitar de manera virtual, asever\u00f3 la fiscal general del Estado, Lisbeth Aurelia Jim\u00e9nez Aguirre, al tiempo de recordar que antes los fiscales ten\u00edan que comparecer en audiencia para hacer la solicitud ante un juez.<\/p>\n\n\n\n<p>&#8220;Ahora esto se va a hacer de manera virtual, es decir, en l\u00ednea y un juez, ya habr\u00e1 un formato, ya el d\u00eda de hoy se arranc\u00f3 la ventanilla, hay un formato que llenar\u00e1 el fiscal en l\u00ednea, cuatro jueces a lo largo del Estado, por turnos de 24 horas, atendiendo estas solicitudes y en un plazo aproximado de 20 minutos estar\u00e1 gener\u00e1ndose la orde de cateo&#8221;, destac\u00f3 durante su comparecencia.<\/p>\n\n\n\n<p>Destac\u00f3 que las \u00f3rdenes de cateo se deben de otorgar de manera inmediata, toda vez que existe una premura para poder ingresar a un domicilio, porque se advierte que se podr\u00eda estar cometiendo un il\u00edcito.<\/p>\n\n\n\n<p>&#8220;Porque posiblemente ah\u00ed se encuentra una persona en ese domicilio que tiene una orden de aprehensi\u00f3n, etc\u00e9tera, entonces necesitamos ingresar a ese domicilio de forma inmediata, entonces lo que se busca es que esa orden de cateo se entregue lo m\u00e1s r\u00e1pido posible&#8221;, agreg\u00f3.<\/p>\n\n\n\n<p>La Fiscal opin\u00f3 que la ventanilla \u00fanica permitir\u00e1 mejorar la coordinaci\u00f3n entre los fiscales y los jueces del Poder Judicial, adem\u00e1s de que se reducir\u00e1n los tiempos de respuesta, as\u00ed como estandarizar y mejorar las solicitudes.<\/p>\n\n\n\n<p>Con esta ventanilla se abatir\u00e1n los rezagos administrativos, se evitar\u00e1 la p\u00e9rdida de tiempo y duplicidades, as\u00ed como para evitar errores.<\/p>\n\n\n\n<p>Dijo que para poder llegar a esta medida, se firm\u00f3 un convenio marco con el \u00d3rgano de Administraci\u00f3n del Poder Judicial del Estado de Veracruz, as\u00ed como en lineamientos internos que regulan su operaci\u00f3n.<\/p>\n\n\n\n<p>C\u00e1rtel inmobiliario, entramado que involucra jueces, notarios y funcionarios para despojar a familias de sus propiedades: Fiscal<\/p>\n\n\n\n<p>La fiscal general del Estado, Lisbeth Aurelia Jim\u00e9nez Aguirre, asegur\u00f3 que existen diversas denuncias en contra de notarios p\u00fablicos, jueces funcionarios y exfuncionarios del Registro P\u00fablico de la Propiedad, por lo que investigar\u00e1n a fondo los se\u00f1alamientos de actos de colusi\u00f3n entre todos ellos y que se ha denominado el c\u00e1rtel inmobiliario.<\/p>\n\n\n\n<p>Durante su comparecencia, la Fiscal asegur\u00f3 que se sancionar\u00e1 a quien o quienes resulten responsables de diversos delitos en una misma forma de actuar para despojar a familias veracruzanas de su patrimonio.<\/p>\n\n\n\n<p>&#8220;Se realizar\u00e1n investigaciones a fondo, porque por cuanto hace a servidores y exservidores p\u00fablicos del Registro P\u00fablico de la Propiedad, corresponde a la Fiscal\u00eda Anticorrupci\u00f3n. Algunas denuncias est\u00e1n -por cuanto hace a notarios- en la Fiscal\u00eda Especializada en Investigaciones Ministeriales.<\/p>\n\n\n\n<p>Empezamos a notar que en varias de estas denuncias se advierte una misma mec\u00e1nica, es decir, que se utiliz\u00f3 una misma forma de actuar para despojar a familias veracruzanas de su patrimonio&#8221;, se\u00f1al\u00f3.<\/p>\n\n\n\n<p>La fiscal general subray\u00f3 que se est\u00e1n deslindando responsabilidades, identificando patrones, as\u00ed como beneficiarios de estas acciones tanto particulares como servidores p\u00fablicos, despachos de abogados postulantes, entre otros.<\/p>\n\n\n\n<p>&#8220;Todo esto constituye un entramado que debemos ir desmenuzando porque hay denuncias dispersas en contra de notarios, de servidores y exservidores p\u00fablicos del Registro P\u00fablico de la Propiedad, tambi\u00e9n contra jueces y exjueces, de la concatenaci\u00f3n que se haga de todas y cada una de las carpetas, sin duda se ir\u00e1n deslindando responsabilidades&#8221;, garantiz\u00f3.<\/p>\n\n\n\n<p>Por otra parte, Lisbeth Aurelia indic\u00f3 que de las 361 denuncias interpuestas por el \u00d3rgano de Fiscalizaci\u00f3n Superior (ORFIS), por un monto de 36 mil millones de pesos, todav\u00eda est\u00e1n en integraci\u00f3n, no se ha determinado ninguna en ning\u00fan sentido, pero tampoco se han archivado.<\/p>\n\n\n\n<p>&#8220;Una vez que se judicialicen podremos hablar de montos recuperados. La misma Ley prev\u00e9 figuras para estos casos que ser\u00edan el embargo precautorio y la inmovilizaci\u00f3n de cuentas y, en su caso, la Fiscal\u00eda Anticorrupci\u00f3n har\u00e1 uso de estas figuras para garantizar la reparaci\u00f3n del da\u00f1o&#8221;, expuso.<\/p>\n\n\n\n<p>Adelant\u00f3 que ya existe un plan de trabajo para priorizar las carpetas junto con la Unidad de Inteligencia de la SEFIPLAN y con la cual ya firmaron un convenio marco para intercambiar informaci\u00f3n y llegar a buen puerto y seguir el rastro del dinero.<\/p>\n\n\n\n<p><\/p>\n\n\n\n<figure class=\"wp-block-image size-large\"><img loading=\"lazy\" decoding=\"async\" width=\"994\" height=\"1024\" src=\"https:\/\/plumanegranoticias.com\/wp-content\/uploads\/2026\/01\/img-20260121-wa01314986858441987308966-994x1024.jpg\" alt=\"\" class=\"wp-image-13578\" srcset=\"https:\/\/plumanegranoticias.com\/wp-content\/uploads\/2026\/01\/img-20260121-wa01314986858441987308966-994x1024.jpg 994w, https:\/\/plumanegranoticias.com\/wp-content\/uploads\/2026\/01\/img-20260121-wa01314986858441987308966-291x300.jpg 291w, https:\/\/plumanegranoticias.com\/wp-content\/uploads\/2026\/01\/img-20260121-wa01314986858441987308966-768x791.jpg 768w, https:\/\/plumanegranoticias.com\/wp-content\/uploads\/2026\/01\/img-20260121-wa01314986858441987308966.jpg 1243w\" sizes=\"auto, (max-width: 994px) 100vw, 994px\" \/><\/figure>\n","protected":false},"excerpt":{"rendered":"<p>A partir de este d\u00eda se abre una ventanilla para que fiscales puedan hacer la solicitudes de cateo para lo cual habr\u00e1 jueces las 24 horas \u00c1ngeles Gonz\u00e1lez CeballosXalapa, Ver. A partir de ahora las \u00f3rdenes de cateo se podr\u00e1n solicitar de manera virtual, asever\u00f3 la fiscal general del Estado, Lisbeth Aurelia Jim\u00e9nez Aguirre, al&#8230; <\/p>\n<div class=\"clear\"><\/div>\n<p><a href=\"https:\/\/plumanegranoticias.com\/?p=13579\" class=\"excerpt-read-more\">Read More<i class=\"fa fa-caret-right icon-caret-right\"><\/i><\/a><\/p>\n","protected":false},"author":2,"featured_media":13581,"comment_status":"open","ping_status":"open","sticky":false,"template":"","format":"standard","meta":{"om_disable_all_campaigns":false,"_monsterinsights_skip_tracking":false,"_monsterinsights_sitenote_active":false,"_monsterinsights_sitenote_note":"","_monsterinsights_sitenote_category":0,"_uf_show_specific_survey":0,"_uf_disable_surveys":false,"footnotes":""},"categories":[67,8,12],"tags":[22,18],"class_list":["post-13579","post","type-post","status-publish","format-standard","has-post-thumbnail","hentry","category-policiaca","category-politica","category-regional","tag-nota-roja","tag-noticia"],"aioseo_notices":[],"_links":{"self":[{"href":"https:\/\/plumanegranoticias.com\/index.php?rest_route=\/wp\/v2\/posts\/13579","targetHints":{"allow":["GET"]}}],"collection":[{"href":"https:\/\/plumanegranoticias.com\/index.php?rest_route=\/wp\/v2\/posts"}],"about":[{"href":"https:\/\/plumanegranoticias.com\/index.php?rest_route=\/wp\/v2\/types\/post"}],"author":[{"embeddable":true,"href":"https:\/\/plumanegranoticias.com\/index.php?rest_route=\/wp\/v2\/users\/2"}],"replies":[{"embeddable":true,"href":"https:\/\/plumanegranoticias.com\/index.php?rest_route=%2Fwp%2Fv2%2Fcomments&post=13579"}],"version-history":[{"count":1,"href":"https:\/\/plumanegranoticias.com\/index.php?rest_route=\/wp\/v2\/posts\/13579\/revisions"}],"predecessor-version":[{"id":13580,"href":"https:\/\/plumanegranoticias.com\/index.php?rest_route=\/wp\/v2\/posts\/13579\/revisions\/13580"}],"wp:featuredmedia":[{"embeddable":true,"href":"https:\/\/plumanegranoticias.com\/index.php?rest_route=\/wp\/v2\/media\/13581"}],"wp:attachment":[{"href":"https:\/\/plumanegranoticias.com\/index.php?rest_route=%2Fwp%2Fv2%2Fmedia&parent=13579"}],"wp:term":[{"taxonomy":"category","embeddable":true,"href":"https:\/\/plumanegranoticias.com\/index.php?rest_route=%2Fwp%2Fv2%2Fcategories&post=13579"},{"taxonomy":"post_tag","embeddable":true,"href":"https:\/\/plumanegranoticias.com\/index.php?rest_route=%2Fwp%2Fv2%2Ftags&post=13579"}],"curies":[{"name":"wp","href":"https:\/\/api.w.org\/{rel}","templated":true}]}}