{"id":13590,"date":"2026-01-21T21:18:54","date_gmt":"2026-01-22T03:18:54","guid":{"rendered":"https:\/\/plumanegranoticias.com\/?p=13590"},"modified":"2026-01-21T21:19:17","modified_gmt":"2026-01-22T03:19:17","slug":"reporteros-estan-tan-jodidos-que-hasta-mole-venden-los-domingos-ceapp","status":"publish","type":"post","link":"https:\/\/plumanegranoticias.com\/?p=13590","title":{"rendered":"Reporteros est\u00e1n tan jodidos que hasta mole venden los domingos: CEAPP"},"content":{"rendered":"\n<p>Luis Ram\u00edrez expuso las violencias que enfrentan los periodistas que van desde las presiones de la delincuencia, pasando por la violencia laboral y hasta los cr\u00edmenes<\/p>\n\n\n\n<p>-Han atendido a 50 reporteros y a tres familiares de periodistas asesinados anteriormente por el riesgo que corr\u00edan, se les dieron escoltas, tres fueron reubicados por amenazas, tambi\u00e9n les han dado chalecos antibalas<\/p>\n\n\n\n<p>\u00c1ngeles Gonz\u00e1lez Ceballos<br>Xalapa, Ver., Luego de reconocer que grupos de la delincuencia ejercen presi\u00f3n para silenciar e imponer sus agendas informativas a medios y periodistas independientes, el presidente de la Comisi\u00f3n Estatal de Atenci\u00f3n y Protecci\u00f3n a Periodistas (CEAPP), Luis Orencio Ram\u00edrez Vaqueiro, opin\u00f3 que el periodismo es una vocaci\u00f3n agotadora y mal pagada por lo que venden productos y hasta venden mole los domingos.<\/p>\n\n\n\n<p>Durante su comparecencia ante las y los diputados, defini\u00f3 que el periodismo es una profesi\u00f3n de alto riesgo que implica enfrentar agresiones y aunque no se puede situar dentro de la misma violencia estructural del pasado, reconoci\u00f3 que no se puede ocultar que persista, particularmente en algunas regiones.<\/p>\n\n\n\n<p>&#8220;De la Entidad y abro un par\u00e9ntesis. Lamentablemente, los hechos ocurridos el pasado 8 de enero en Poza Rica son el signo inequ\u00edvoco de que los poderes f\u00e1cticos les molesta la informaci\u00f3n veraz. Desde la CEAPP elevamos un exhorto en\u00e9rgico para que las autoridades competentes investiguen de manera expedita y den con los responsables de ese atentado criminal&#8221;, exigi\u00f3.<\/p>\n\n\n\n<p>Agreg\u00f3 que el asesinato del reportero de la nota roja, Carlos Castro, registrado el pasado 8 de enero, no debe quedar impune.<\/p>\n\n\n\n<p>&#8220;La violencia contra los comunicadores que prevaleci\u00f3 en los a\u00f1os m\u00e1s oscuros del periodismo veracruzano 2004-2018, as\u00ed como la asociaci\u00f3n de agentes estatales de m\u00e1s alto nivel y grupos generadores de violencia, se fractur\u00f3. No obstante, hay regiones en la Entidad donde la sombra de grupos delincuenciales, ciertamente no con la misma intensidad del pasado, ejercen presi\u00f3n para silenciar e imponer sus agendas informativas a medios y periodistas independientes&#8221;, sostuvo.<\/p>\n\n\n\n<p>Ram\u00edrez Vaqueiro expres\u00f3 que no deja de sorprender que la mayor\u00eda de las agresiones o intimidaciones a periodistas provengan principalmente de funcionarios o corporaciones municipales, de pol\u00edticos locales que se ven expuestos por el trabajo de los reporteros.<\/p>\n\n\n\n<p>Por lo que acept\u00f3, hay una tarea pendiente por abordar, por un lado, la necesidad de establecer interlocuci\u00f3n y sensibilizaci\u00f3n al problema, creando protocolos de seguridad; entrenamiento y est\u00e1ndares \u00e9ticos para el trato de los profesionales con las nuevas autoridades locales que recientemente entraron en funciones y, por el otro, la creaci\u00f3n de redes de protecci\u00f3n a los comunicadores.<\/p>\n\n\n\n<p>Defini\u00f3 que un problema adicional a lo largo del primer a\u00f1o de la administraci\u00f3n estatal que se ha puesto en evidencia es la subsistencia de la vulnerabilidad laboral de los comunicadores.<\/p>\n\n\n\n<p>Por lo que adem\u00e1s de la violencia hacia los medios y comunicadores, el otro problema sustantivo que enfrenta el periodismo veracruzano, es el cambio de paradigma de la manera en c\u00f3mo se informa a la poblaci\u00f3n, de lo impreso a lo digital que no se ha visto reflejada en la mejora en las condiciones de trabajo y que sean m\u00e1s favorables para los reporteros.<\/p>\n\n\n\n<p>El tambi\u00e9n reportero de radio dijo que al periodista se le agrede cuando se le percibe vulnerable en el l\u00edmite de la l\u00ednea de pobreza, sin una red de protecci\u00f3n social con m\u00faltiples empleos para sobrevivir y proveer a su familia, cuando el medio o los medios para los que trabaja no le ofrecen un salario digno o m\u00ednimas prestaciones sociales.<\/p>\n\n\n\n<p>&#8220;\u00bfY por qu\u00e9 agreden a los periodistas?, porque no hay consecuencias inmediatas a los actos contra los reporteros, porque la impunidad es persistente, particularmente en el \u00e1mbito local.<\/p>\n\n\n\n<p>La pluriactividad, realizar varios trabajos para sobrevivir es parte de la condici\u00f3n del periodismo en Veracruz. Trabajar en 2 o 3 medios es una pr\u00e1ctica recurrente, redactar notas para la prensa, hacer en vivos para las plataformas, vender publicidad, relacionarse con la prensa nacional para tener visibilidad, porque la protecci\u00f3n no est\u00e1 de m\u00e1s&#8221;, expres\u00f3.<\/p>\n\n\n\n<p>Por ello, consider\u00f3 que dedicarse al periodismo es una vocaci\u00f3n agotadora, un oficio que ennoblece el esp\u00edritu, pero que pocas veces retribuye una parte significativa de los comunicadores en Veracruz.<\/p>\n\n\n\n<p>Fue ah\u00ed donde se\u00f1al\u00f3 que los comunicadores subsisten de actividades distintas a su oficio, trabajan dobles jornadas, venden productos, emprenden sus propios micronegocios y a manera de guasa &#8220;hasta venden mole los domingos&#8221;.<\/p>\n\n\n\n<p>El funcionario afirm\u00f3 que hay una baja significativa en el n\u00famero de reportes de agresiones a reporteros durante el 2025 en comparaci\u00f3n con periodos &#8220;\u00e1lgidos&#8221; de violencia en Veracruz, lo que les ha llevado a plantear que adem\u00e1s de la atenci\u00f3n y protecci\u00f3n a periodistas, deben reforzar la libertad de expresi\u00f3n y el derecho a la sociedad de estar mejor informada, lo que significa impulsar m\u00e1s activamente el trabajo del periodismo de investigaci\u00f3n, del narrativo, de la formaci\u00f3n de distintas modalidades de aprendizaje, de la tutor\u00eda de j\u00f3venes comunicadores que se inician en la profesi\u00f3n y la comisi\u00f3n, la cuesti\u00f3n gremial, entre otros.<\/p>\n\n\n\n<p>Detall\u00f3 que en 2025 recibieron 391 reportes de periodistas, quienes tienen su residencia en al menos 52 municipios, de los cuales 79 fueron por agresiones ocurridas en 19 municipios.<\/p>\n\n\n\n<p>A esos, se les clasific\u00f3 en: 13 agresiones verbales, 24 agresiones f\u00edsicas, cuatro agresiones patrimoniales y agresiones digitales que se subdividen en 13 amenazas telef\u00f3nicas y 25 ataques a trav\u00e9s de redes sociales.<\/p>\n\n\n\n<p>Respecto de la protecci\u00f3n a periodistas en situaci\u00f3n de riesgo, puntualiz\u00f3 que han atendido a 50 reporteros y a tres familiares de periodistas asesinados anteriormente y que ya hab\u00edan sido favorecidos, pero se les renovaron los beneficios.<\/p>\n\n\n\n<p>Dos informadores m\u00e1s cuentan con expediente de 2024 y fueron nuevamente beneficiados con medidas por el riesgo que representaban.<\/p>\n\n\n\n<p>Detall\u00f3 que a esos 50 periodistas y tres familiares de periodistas asesinados se les practicaron medidas de protecci\u00f3n: 34 enlaces y rondines, dos solicitudes de escolta, tres reubicaciones por amenazas, as\u00ed como la asignaci\u00f3n de chalecos antibalas, tres apoyos econ\u00f3micos.<\/p>\n\n\n\n<p>Luis Ram\u00edrez manifest\u00f3 que la acusaci\u00f3n de terrorismo en contra de un reportero en Coatzacoalcos, as\u00ed como el asesinato de Carlos Ram\u00edrez Castro en Poza Rica, el crimen de la comunicadora Avisack Douglas o la desaparici\u00f3n del reportero de P\u00e1nuco desde abril de 2025; manifiestan que la impunidad sigue cabalgando entre el gremio.<\/p>\n\n\n\n<p>&#8220;Pedimos imperiosamente a la Fiscal\u00eda General del Estado que act\u00fae conforme a Derecho y que los casos se esclarezcan y no queden sin castigo.<\/p>\n\n\n\n<p>En Veracruz existe un enorme talento para el registro y la cr\u00f3nica puntual de lo que pasa en nuestras ciudades y comunidades que est\u00e1 desperdiciado porque un reportero promedio debe de entregar entre cinco y seis notas diarias para poder obtener, si acaso, un ingreso quincenal de tres o cuatro mil pesos&#8221;, se\u00f1al\u00f3.<\/p>\n\n\n\n<p>Por lo que adem\u00e1s de la vulnerabilidad del trabajo period\u00edstico en Veracruz, existe una segunda &#8220;bestia negra&#8221;, un &#8220;leviat\u00e1n&#8221; que habita entre los reporteros hace ya mucho tiempo y que se ha terminado por normalizar y que es la violencia laboral, socialmente aceptada.<\/p>\n\n\n\n<p>&#8220;Hablamos de las condiciones de precariedad en las que se lleva a cabo el trabajo de informar&#8221;, indic\u00f3.<\/p>\n\n\n\n<figure class=\"wp-block-image size-large\"><img loading=\"lazy\" decoding=\"async\" width=\"1024\" height=\"768\" src=\"https:\/\/plumanegranoticias.com\/wp-content\/uploads\/2026\/01\/img-20260121-wa031649234044044544527-1024x768.jpg\" alt=\"\" class=\"wp-image-13588\" srcset=\"https:\/\/plumanegranoticias.com\/wp-content\/uploads\/2026\/01\/img-20260121-wa031649234044044544527-1024x768.jpg 1024w, https:\/\/plumanegranoticias.com\/wp-content\/uploads\/2026\/01\/img-20260121-wa031649234044044544527-300x225.jpg 300w, https:\/\/plumanegranoticias.com\/wp-content\/uploads\/2026\/01\/img-20260121-wa031649234044044544527-768x576.jpg 768w, https:\/\/plumanegranoticias.com\/wp-content\/uploads\/2026\/01\/img-20260121-wa031649234044044544527-1536x1152.jpg 1536w, https:\/\/plumanegranoticias.com\/wp-content\/uploads\/2026\/01\/img-20260121-wa031649234044044544527-400x300.jpg 400w, https:\/\/plumanegranoticias.com\/wp-content\/uploads\/2026\/01\/img-20260121-wa031649234044044544527.jpg 1600w\" sizes=\"auto, (max-width: 1024px) 100vw, 1024px\" \/><\/figure>\n\n\n\n<figure class=\"wp-block-image\"><img loading=\"lazy\" decoding=\"async\" width=\"1024\" height=\"768\" src=\"https:\/\/plumanegranoticias.com\/wp-content\/uploads\/2026\/01\/img-20260121-wa03156720540480313148723-1024x768.jpg\" alt=\"\" class=\"wp-image-13589\" srcset=\"https:\/\/plumanegranoticias.com\/wp-content\/uploads\/2026\/01\/img-20260121-wa03156720540480313148723-1024x768.jpg 1024w, https:\/\/plumanegranoticias.com\/wp-content\/uploads\/2026\/01\/img-20260121-wa03156720540480313148723-300x225.jpg 300w, https:\/\/plumanegranoticias.com\/wp-content\/uploads\/2026\/01\/img-20260121-wa03156720540480313148723-768x576.jpg 768w, https:\/\/plumanegranoticias.com\/wp-content\/uploads\/2026\/01\/img-20260121-wa03156720540480313148723-1536x1152.jpg 1536w, https:\/\/plumanegranoticias.com\/wp-content\/uploads\/2026\/01\/img-20260121-wa03156720540480313148723-400x300.jpg 400w, https:\/\/plumanegranoticias.com\/wp-content\/uploads\/2026\/01\/img-20260121-wa03156720540480313148723.jpg 1600w\" sizes=\"auto, (max-width: 1024px) 100vw, 1024px\" \/><\/figure>\n\n\n\n<figure class=\"wp-block-image\"><img loading=\"lazy\" decoding=\"async\" width=\"1024\" height=\"768\" src=\"https:\/\/plumanegranoticias.com\/wp-content\/uploads\/2026\/01\/img-20260121-wa03171514802560018243618-1024x768.jpg\" alt=\"\" class=\"wp-image-13587\" srcset=\"https:\/\/plumanegranoticias.com\/wp-content\/uploads\/2026\/01\/img-20260121-wa03171514802560018243618-1024x768.jpg 1024w, https:\/\/plumanegranoticias.com\/wp-content\/uploads\/2026\/01\/img-20260121-wa03171514802560018243618-300x225.jpg 300w, https:\/\/plumanegranoticias.com\/wp-content\/uploads\/2026\/01\/img-20260121-wa03171514802560018243618-768x576.jpg 768w, https:\/\/plumanegranoticias.com\/wp-content\/uploads\/2026\/01\/img-20260121-wa03171514802560018243618-1536x1152.jpg 1536w, https:\/\/plumanegranoticias.com\/wp-content\/uploads\/2026\/01\/img-20260121-wa03171514802560018243618-400x300.jpg 400w, https:\/\/plumanegranoticias.com\/wp-content\/uploads\/2026\/01\/img-20260121-wa03171514802560018243618.jpg 1600w\" sizes=\"auto, (max-width: 1024px) 100vw, 1024px\" \/><\/figure>\n","protected":false},"excerpt":{"rendered":"<p>Luis Ram\u00edrez expuso las violencias que enfrentan los periodistas que van desde las presiones de la delincuencia, pasando por la violencia laboral y hasta los cr\u00edmenes -Han atendido a 50 reporteros y a tres familiares de periodistas asesinados anteriormente por el riesgo que corr\u00edan, se les dieron escoltas, tres fueron reubicados por amenazas, tambi\u00e9n les&#8230; <\/p>\n<div class=\"clear\"><\/div>\n<p><a href=\"https:\/\/plumanegranoticias.com\/?p=13590\" class=\"excerpt-read-more\">Read More<i class=\"fa fa-caret-right icon-caret-right\"><\/i><\/a><\/p>\n","protected":false},"author":2,"featured_media":13592,"comment_status":"open","ping_status":"open","sticky":false,"template":"","format":"standard","meta":{"om_disable_all_campaigns":false,"_monsterinsights_skip_tracking":false,"_monsterinsights_sitenote_active":false,"_monsterinsights_sitenote_note":"","_monsterinsights_sitenote_category":0,"_uf_show_specific_survey":0,"_uf_disable_surveys":false,"footnotes":""},"categories":[67,8,12,10],"tags":[22,18,34],"class_list":["post-13590","post","type-post","status-publish","format-standard","has-post-thumbnail","hentry","category-policiaca","category-politica","category-regional","category-sociales","tag-nota-roja","tag-noticia","tag-policiaca"],"aioseo_notices":[],"_links":{"self":[{"href":"https:\/\/plumanegranoticias.com\/index.php?rest_route=\/wp\/v2\/posts\/13590","targetHints":{"allow":["GET"]}}],"collection":[{"href":"https:\/\/plumanegranoticias.com\/index.php?rest_route=\/wp\/v2\/posts"}],"about":[{"href":"https:\/\/plumanegranoticias.com\/index.php?rest_route=\/wp\/v2\/types\/post"}],"author":[{"embeddable":true,"href":"https:\/\/plumanegranoticias.com\/index.php?rest_route=\/wp\/v2\/users\/2"}],"replies":[{"embeddable":true,"href":"https:\/\/plumanegranoticias.com\/index.php?rest_route=%2Fwp%2Fv2%2Fcomments&post=13590"}],"version-history":[{"count":1,"href":"https:\/\/plumanegranoticias.com\/index.php?rest_route=\/wp\/v2\/posts\/13590\/revisions"}],"predecessor-version":[{"id":13591,"href":"https:\/\/plumanegranoticias.com\/index.php?rest_route=\/wp\/v2\/posts\/13590\/revisions\/13591"}],"wp:featuredmedia":[{"embeddable":true,"href":"https:\/\/plumanegranoticias.com\/index.php?rest_route=\/wp\/v2\/media\/13592"}],"wp:attachment":[{"href":"https:\/\/plumanegranoticias.com\/index.php?rest_route=%2Fwp%2Fv2%2Fmedia&parent=13590"}],"wp:term":[{"taxonomy":"category","embeddable":true,"href":"https:\/\/plumanegranoticias.com\/index.php?rest_route=%2Fwp%2Fv2%2Fcategories&post=13590"},{"taxonomy":"post_tag","embeddable":true,"href":"https:\/\/plumanegranoticias.com\/index.php?rest_route=%2Fwp%2Fv2%2Ftags&post=13590"}],"curies":[{"name":"wp","href":"https:\/\/api.w.org\/{rel}","templated":true}]}}