{"id":13594,"date":"2026-01-21T21:20:15","date_gmt":"2026-01-22T03:20:15","guid":{"rendered":"https:\/\/plumanegranoticias.com\/?p=13594"},"modified":"2026-01-21T21:20:39","modified_gmt":"2026-01-22T03:20:39","slug":"privan-de-la-vida-a-balazos-a-un-hombre-en-rio-blanco","status":"publish","type":"post","link":"https:\/\/plumanegranoticias.com\/?p=13594","title":{"rendered":"Privan de la vida a balazos a un hombre en R\u00edo Blanco"},"content":{"rendered":"\n<p>Por GerardoLuna.mx<br \/>R\u00edo Blanco, Ver.\u2014 La tarde de este mi\u00e9rcoles se registr\u00f3 una intensa movilizaci\u00f3n de corporaciones de seguridad y cuerpos de emergencia en el municipio de R\u00edo Blanco, luego de que un hombre fuera privado de la vida por impactos de arma de fuego en la v\u00eda p\u00fablica.<\/p>\n\n\n\n<p>Los hechos ocurrieron en la Primera Privada de San Javier, esquina con la calle Ricardo Flores Mag\u00f3n, donde vecinos de la zona reportaron al n\u00famero de emergencias haber escuchado varias detonaciones.<\/p>\n\n\n\n<p>Ante el aviso, al lugar acudieron elementos de la Polic\u00eda Estatal y de la Polic\u00eda Ministerial, quienes al arribar confirmaron el hallazgo de un masculino sin signos vitales.<\/p>\n\n\n\n<p>De acuerdo con informaci\u00f3n preliminar proporcionada por las autoridades, la v\u00edctima tendr\u00eda aproximadamente 42 a\u00f1os de edad y presentaba m\u00faltiples lesiones producidas por proyectil de arma de fuego, las cuales habr\u00edan provocado su fallecimiento de manera inmediata.<\/p>\n\n\n\n<p>Tras la confirmaci\u00f3n del deceso, el \u00e1rea fue acordonada conforme a los protocolos establecidos, con el objetivo de preservar los indicios y evitar la alteraci\u00f3n de la escena.<\/p>\n\n\n\n<p>Posteriormente, personal de Servicios Periciales de la Fiscal\u00eda General del Estado llev\u00f3 a cabo el procesamiento del lugar, realizando la fijaci\u00f3n, levantamiento y recolecci\u00f3n de evidencias que ser\u00e1n integradas a la carpeta de investigaci\u00f3n.<\/p>\n\n\n\n<p>Asimismo, elementos del Servicio M\u00e9dico Forense (SEMEFO) efectuaron el levantamiento del cuerpo para su traslado a las instalaciones correspondientes, donde se le practicar\u00e1 la necropsia de ley a fin de determinar con precisi\u00f3n las causas del fallecimiento.<\/p>\n\n\n\n<p>De manera paralela, la Polic\u00eda Estatal despleg\u00f3 un operativo de b\u00fasqueda y vigilancia en la zona y en municipios aleda\u00f1os, con el prop\u00f3sito de localizar a los presuntos responsables de este hecho violento.<\/p>\n\n\n\n<p>No obstante, hasta el momento, no se reportan personas detenidas.<\/p>\n\n\n\n<p>La Fiscal\u00eda correspondiente inici\u00f3 la carpeta de investigaci\u00f3n para el esclarecimiento de los hechos y el deslinde de responsabilidades.<\/p>\n\n\n\n<p>Las autoridades exhortaron a la ciudadan\u00eda a colaborar con cualquier informaci\u00f3n que pueda resultar \u00fatil para las indagatorias, la cual puede ser proporcionada de manera an\u00f3nima a trav\u00e9s de los canales oficiales.<\/p>\n\n\n\n<figure class=\"wp-block-image size-large\"><img loading=\"lazy\" decoding=\"async\" width=\"1024\" height=\"920\" src=\"https:\/\/plumanegranoticias.com\/wp-content\/uploads\/2026\/01\/img-20260121-wa02983429174484380083582-1024x920.jpg\" alt=\"\" class=\"wp-image-13593\" srcset=\"https:\/\/plumanegranoticias.com\/wp-content\/uploads\/2026\/01\/img-20260121-wa02983429174484380083582-1024x920.jpg 1024w, https:\/\/plumanegranoticias.com\/wp-content\/uploads\/2026\/01\/img-20260121-wa02983429174484380083582-300x269.jpg 300w, https:\/\/plumanegranoticias.com\/wp-content\/uploads\/2026\/01\/img-20260121-wa02983429174484380083582-768x690.jpg 768w, https:\/\/plumanegranoticias.com\/wp-content\/uploads\/2026\/01\/img-20260121-wa02983429174484380083582.jpg 1089w\" sizes=\"auto, (max-width: 1024px) 100vw, 1024px\" \/><\/figure>\n","protected":false},"excerpt":{"rendered":"<p>Por GerardoLuna.mxR\u00edo Blanco, Ver.\u2014 La tarde de este mi\u00e9rcoles se registr\u00f3 una intensa movilizaci\u00f3n de corporaciones de seguridad y cuerpos de emergencia en el municipio de R\u00edo Blanco, luego de que un hombre fuera privado de la vida por impactos de arma de fuego en la v\u00eda p\u00fablica. Los hechos ocurrieron en la Primera Privada&#8230; <\/p>\n<div class=\"clear\"><\/div>\n<p><a href=\"https:\/\/plumanegranoticias.com\/?p=13594\" class=\"excerpt-read-more\">Read More<i class=\"fa fa-caret-right icon-caret-right\"><\/i><\/a><\/p>\n","protected":false},"author":2,"featured_media":13596,"comment_status":"open","ping_status":"open","sticky":false,"template":"","format":"standard","meta":{"om_disable_all_campaigns":false,"_monsterinsights_skip_tracking":false,"_monsterinsights_sitenote_active":false,"_monsterinsights_sitenote_note":"","_monsterinsights_sitenote_category":0,"_uf_show_specific_survey":0,"_uf_disable_surveys":false,"footnotes":""},"categories":[13,67,8],"tags":[20,22,18,34],"class_list":["post-13594","post","type-post","status-publish","format-standard","has-post-thumbnail","hentry","category-nota-roja","category-policiaca","category-politica","tag-negocios","tag-nota-roja","tag-noticia","tag-policiaca"],"aioseo_notices":[],"_links":{"self":[{"href":"https:\/\/plumanegranoticias.com\/index.php?rest_route=\/wp\/v2\/posts\/13594","targetHints":{"allow":["GET"]}}],"collection":[{"href":"https:\/\/plumanegranoticias.com\/index.php?rest_route=\/wp\/v2\/posts"}],"about":[{"href":"https:\/\/plumanegranoticias.com\/index.php?rest_route=\/wp\/v2\/types\/post"}],"author":[{"embeddable":true,"href":"https:\/\/plumanegranoticias.com\/index.php?rest_route=\/wp\/v2\/users\/2"}],"replies":[{"embeddable":true,"href":"https:\/\/plumanegranoticias.com\/index.php?rest_route=%2Fwp%2Fv2%2Fcomments&post=13594"}],"version-history":[{"count":1,"href":"https:\/\/plumanegranoticias.com\/index.php?rest_route=\/wp\/v2\/posts\/13594\/revisions"}],"predecessor-version":[{"id":13595,"href":"https:\/\/plumanegranoticias.com\/index.php?rest_route=\/wp\/v2\/posts\/13594\/revisions\/13595"}],"wp:featuredmedia":[{"embeddable":true,"href":"https:\/\/plumanegranoticias.com\/index.php?rest_route=\/wp\/v2\/media\/13596"}],"wp:attachment":[{"href":"https:\/\/plumanegranoticias.com\/index.php?rest_route=%2Fwp%2Fv2%2Fmedia&parent=13594"}],"wp:term":[{"taxonomy":"category","embeddable":true,"href":"https:\/\/plumanegranoticias.com\/index.php?rest_route=%2Fwp%2Fv2%2Fcategories&post=13594"},{"taxonomy":"post_tag","embeddable":true,"href":"https:\/\/plumanegranoticias.com\/index.php?rest_route=%2Fwp%2Fv2%2Ftags&post=13594"}],"curies":[{"name":"wp","href":"https:\/\/api.w.org\/{rel}","templated":true}]}}