{"id":13611,"date":"2026-01-22T11:23:31","date_gmt":"2026-01-22T17:23:31","guid":{"rendered":"https:\/\/plumanegranoticias.com\/?p=13611"},"modified":"2026-01-22T11:30:04","modified_gmt":"2026-01-22T17:30:04","slug":"anuncia-secretario-de-educacion-mario-delgado-a-contu-incremento-del-4-directo-al-salario-y-2-en-prestaciones-a-trabajadores-universitarios","status":"publish","type":"post","link":"https:\/\/plumanegranoticias.com\/?p=13611","title":{"rendered":"Anuncia secretario de Educaci\u00f3n, Mario Delgado a CONTU incremento del 4% directo al salario y 2% en prestaciones a trabajadores universitarios"},"content":{"rendered":"\n<p>Reactiva gobierno de M\u00e9xico el Fondo U081 para el saneamiento de las universidades, por 10 mdp de forma inicial<\/p>\n\n\n\n<p><em>Ciudad de M\u00e9xico, a 22 de enero de 2026<\/em>.- La Confederaci\u00f3n Nacional de Trabajadores Universitarios (CONTU) da a conocer que la Secretar\u00eda de Educaci\u00f3n P\u00fablica (SEP) reactiv\u00f3 el Fondo U081 para el saneamiento de las universidades p\u00fablicas, por 10 millones de pesos de forma inicial y, que a partir de este a\u00f1o las y los trabajadores universitarios recibir\u00e1n un aumento del 4% directo al salario nominal y del 2% en prestaciones.<\/p>\n\n\n\n<p>La secretaria general interina de la CONTU, Claudia Lizbeth Reyes Mont\u00fafar, dio a conocer lo anterior y expres\u00f3 que esto es el resultado de muchos a\u00f1os de lucha de los sindicatos universitarios, quienes se mantienen unidos y con fortaleza.<\/p>\n\n\n\n<p>Expuso que el subsecretario de Educaci\u00f3n Superior de la Secretar\u00eda de Educaci\u00f3n P\u00fablica (SEP), Ricardo Villanueva Lomel\u00ed, anunci\u00f3 la reactivaci\u00f3n del Fondo U081, destinado para el saneamiento financiero y apoyos para la atenci\u00f3n a problemas estructurales de las Universidades P\u00fablicas Estatales, por un monto inicial 10 millones de pesos.<\/p>\n\n\n\n<p>Destac\u00f3 que la CONTU llev\u00f3 a cabo dos reuniones de trabajo con funcionarios del gobierno Federal para exponer la preocupaci\u00f3n e inquietudes tras la aprobaci\u00f3n del Presupuesto de Egresos de la Federaci\u00f3n (PEF) 2026.<\/p>\n\n\n\n<p>En la primera, Villanueva Lomel\u00ed manifest\u00f3 su alianza con los sindicatos universitarios del Pa\u00eds, comprendiendo la situaci\u00f3n actual de la universidad p\u00fablica, al haber sido rector de la Universidad de Guadalajara.<\/p>\n\n\n\n<p>En la segunda, una comisi\u00f3n de la Confederaci\u00f3n se reuni\u00f3n con el secretario de Educaci\u00f3n P\u00fablica, Mario Delgado Carrillo, para exponer la necesidad de atender la pol\u00edtica salarial que permita la asignaci\u00f3n de un ingreso econ\u00f3mico digno para las y los trabajadores de las universidades p\u00fablicas del Pa\u00eds.<\/p>\n\n\n\n<p>&#8220;Se hizo especial \u00e9nfasis en la situaci\u00f3n que en algunos casos presenta el personal administrativo y de apoyo acad\u00e9mico, quienes llegan a percibir un sueldo por debajo del salario m\u00ednimo.<\/p>\n\n\n\n<p>El Secretario nos coment\u00f3 que el aumento al salario para las y los trabajadores universitarios, para el presente a\u00f1o, ser\u00e1 del 4% directo al salario nominal y del 2% en prestaciones, sin que se haya dado a conocer de manera oficial dicho tope salarial&#8221;, destac\u00f3.<\/p>\n\n\n\n<p>Por su parte, Delgado Carrillo agradeci\u00f3 el acercamiento de la CONTU para generar espacios de di\u00e1logo y comunicaci\u00f3n con los representantes sindicales para el logro de metas comunes, toda vez que asegur\u00f3 que la educaci\u00f3n es una de las prioridades del actual gobierno de la Rep\u00fablica.<\/p>\n\n\n\n<p>Asimismo, reiter\u00f3 la apertura para atender las necesidades del sector, en conjunto con la Subsecretar\u00eda de Educaci\u00f3n Superior.<\/p>\n\n\n\n<p>A esta reuni\u00f3n acudieron adem\u00e1s de la secretaria general interina, Claudia Lizbeth Reyes Mont\u00fafar, Jos\u00e9 de Jes\u00fas Becerra Santiago, secretario general de la Asociaci\u00f3n Nacional de Sindicatos Administrativos Universitarios (ANSAU); la secretaria general de la Asociaci\u00f3n Nacional de Asociaciones Sindicales de Personal Acad\u00e9mico Universitario (ANASPAU), Bertha Rodr\u00edguez S\u00e1mano.<\/p>\n\n\n\n<p>As\u00ed como el secretario general de la Confederaci\u00f3n de Trabajadores Universitarios de las Am\u00e9ricas (CONTUA), Rafael Garza Ibarra.<\/p>\n\n\n\n<figure class=\"wp-block-image size-large\"><img loading=\"lazy\" decoding=\"async\" width=\"1024\" height=\"487\" src=\"https:\/\/plumanegranoticias.com\/wp-content\/uploads\/2026\/01\/img-20260122-wa00931006941040164919602-1024x487.jpg\" alt=\"\" class=\"wp-image-13606\" srcset=\"https:\/\/plumanegranoticias.com\/wp-content\/uploads\/2026\/01\/img-20260122-wa00931006941040164919602-1024x487.jpg 1024w, https:\/\/plumanegranoticias.com\/wp-content\/uploads\/2026\/01\/img-20260122-wa00931006941040164919602-300x143.jpg 300w, https:\/\/plumanegranoticias.com\/wp-content\/uploads\/2026\/01\/img-20260122-wa00931006941040164919602-768x365.jpg 768w, https:\/\/plumanegranoticias.com\/wp-content\/uploads\/2026\/01\/img-20260122-wa00931006941040164919602.jpg 1280w\" sizes=\"auto, (max-width: 1024px) 100vw, 1024px\" \/><\/figure>\n\n\n\n<figure class=\"wp-block-image\"><img loading=\"lazy\" decoding=\"async\" width=\"1024\" height=\"576\" src=\"https:\/\/plumanegranoticias.com\/wp-content\/uploads\/2026\/01\/img-20260122-wa00958881828108513324639-1024x576.jpg\" alt=\"\" class=\"wp-image-13605\" srcset=\"https:\/\/plumanegranoticias.com\/wp-content\/uploads\/2026\/01\/img-20260122-wa00958881828108513324639-1024x576.jpg 1024w, https:\/\/plumanegranoticias.com\/wp-content\/uploads\/2026\/01\/img-20260122-wa00958881828108513324639-300x169.jpg 300w, https:\/\/plumanegranoticias.com\/wp-content\/uploads\/2026\/01\/img-20260122-wa00958881828108513324639-768x432.jpg 768w, https:\/\/plumanegranoticias.com\/wp-content\/uploads\/2026\/01\/img-20260122-wa00958881828108513324639.jpg 1280w\" sizes=\"auto, (max-width: 1024px) 100vw, 1024px\" \/><\/figure>\n\n\n\n<figure class=\"wp-block-image\"><img loading=\"lazy\" decoding=\"async\" width=\"1024\" height=\"576\" src=\"https:\/\/plumanegranoticias.com\/wp-content\/uploads\/2026\/01\/img-20260122-wa00944443018697446827730-1024x576.jpg\" alt=\"\" class=\"wp-image-13607\" srcset=\"https:\/\/plumanegranoticias.com\/wp-content\/uploads\/2026\/01\/img-20260122-wa00944443018697446827730-1024x576.jpg 1024w, https:\/\/plumanegranoticias.com\/wp-content\/uploads\/2026\/01\/img-20260122-wa00944443018697446827730-300x169.jpg 300w, https:\/\/plumanegranoticias.com\/wp-content\/uploads\/2026\/01\/img-20260122-wa00944443018697446827730-768x432.jpg 768w, https:\/\/plumanegranoticias.com\/wp-content\/uploads\/2026\/01\/img-20260122-wa00944443018697446827730.jpg 1280w\" sizes=\"auto, (max-width: 1024px) 100vw, 1024px\" \/><\/figure>\n\n\n\n<figure class=\"wp-block-image\"><img loading=\"lazy\" decoding=\"async\" width=\"1024\" height=\"768\" src=\"https:\/\/plumanegranoticias.com\/wp-content\/uploads\/2026\/01\/img-20260122-wa00961079367181866887961-1024x768.jpg\" alt=\"\" class=\"wp-image-13608\" srcset=\"https:\/\/plumanegranoticias.com\/wp-content\/uploads\/2026\/01\/img-20260122-wa00961079367181866887961-1024x768.jpg 1024w, https:\/\/plumanegranoticias.com\/wp-content\/uploads\/2026\/01\/img-20260122-wa00961079367181866887961-300x225.jpg 300w, https:\/\/plumanegranoticias.com\/wp-content\/uploads\/2026\/01\/img-20260122-wa00961079367181866887961-768x576.jpg 768w, https:\/\/plumanegranoticias.com\/wp-content\/uploads\/2026\/01\/img-20260122-wa00961079367181866887961-400x300.jpg 400w, https:\/\/plumanegranoticias.com\/wp-content\/uploads\/2026\/01\/img-20260122-wa00961079367181866887961.jpg 1280w\" sizes=\"auto, (max-width: 1024px) 100vw, 1024px\" \/><\/figure>\n","protected":false},"excerpt":{"rendered":"<p>Reactiva gobierno de M\u00e9xico el Fondo U081 para el saneamiento de las universidades, por 10 mdp de forma inicial Ciudad de M\u00e9xico, a 22 de enero de 2026.- La Confederaci\u00f3n Nacional de Trabajadores Universitarios (CONTU) da a conocer que la Secretar\u00eda de Educaci\u00f3n P\u00fablica (SEP) reactiv\u00f3 el Fondo U081 para el saneamiento de las universidades&#8230; <\/p>\n<div class=\"clear\"><\/div>\n<p><a href=\"https:\/\/plumanegranoticias.com\/?p=13611\" class=\"excerpt-read-more\">Read More<i class=\"fa fa-caret-right icon-caret-right\"><\/i><\/a><\/p>\n","protected":false},"author":2,"featured_media":13609,"comment_status":"open","ping_status":"open","sticky":false,"template":"","format":"standard","meta":{"om_disable_all_campaigns":false,"_monsterinsights_skip_tracking":false,"_monsterinsights_sitenote_active":false,"_monsterinsights_sitenote_note":"","_monsterinsights_sitenote_category":0,"_uf_show_specific_survey":0,"_uf_disable_surveys":false,"footnotes":""},"categories":[13,67,8,12],"tags":[61,19,63],"class_list":["post-13611","post","type-post","status-publish","format-standard","has-post-thumbnail","hentry","category-nota-roja","category-policiaca","category-politica","category-regional","tag-politica","tag-regional","tag-roja"],"aioseo_notices":[],"_links":{"self":[{"href":"https:\/\/plumanegranoticias.com\/index.php?rest_route=\/wp\/v2\/posts\/13611","targetHints":{"allow":["GET"]}}],"collection":[{"href":"https:\/\/plumanegranoticias.com\/index.php?rest_route=\/wp\/v2\/posts"}],"about":[{"href":"https:\/\/plumanegranoticias.com\/index.php?rest_route=\/wp\/v2\/types\/post"}],"author":[{"embeddable":true,"href":"https:\/\/plumanegranoticias.com\/index.php?rest_route=\/wp\/v2\/users\/2"}],"replies":[{"embeddable":true,"href":"https:\/\/plumanegranoticias.com\/index.php?rest_route=%2Fwp%2Fv2%2Fcomments&post=13611"}],"version-history":[{"count":1,"href":"https:\/\/plumanegranoticias.com\/index.php?rest_route=\/wp\/v2\/posts\/13611\/revisions"}],"predecessor-version":[{"id":13612,"href":"https:\/\/plumanegranoticias.com\/index.php?rest_route=\/wp\/v2\/posts\/13611\/revisions\/13612"}],"wp:featuredmedia":[{"embeddable":true,"href":"https:\/\/plumanegranoticias.com\/index.php?rest_route=\/wp\/v2\/media\/13609"}],"wp:attachment":[{"href":"https:\/\/plumanegranoticias.com\/index.php?rest_route=%2Fwp%2Fv2%2Fmedia&parent=13611"}],"wp:term":[{"taxonomy":"category","embeddable":true,"href":"https:\/\/plumanegranoticias.com\/index.php?rest_route=%2Fwp%2Fv2%2Fcategories&post=13611"},{"taxonomy":"post_tag","embeddable":true,"href":"https:\/\/plumanegranoticias.com\/index.php?rest_route=%2Fwp%2Fv2%2Ftags&post=13611"}],"curies":[{"name":"wp","href":"https:\/\/api.w.org\/{rel}","templated":true}]}}