{"id":13655,"date":"2026-01-26T09:23:35","date_gmt":"2026-01-26T15:23:35","guid":{"rendered":"https:\/\/plumanegranoticias.com\/?p=13655"},"modified":"2026-01-26T09:23:56","modified_gmt":"2026-01-26T15:23:56","slug":"no-es-cierto-que-cuitlahuac-haya-heredado-deuda-millonaria-se-arrastra-desde-hace-20-anos-gobernadora","status":"publish","type":"post","link":"https:\/\/plumanegranoticias.com\/?p=13655","title":{"rendered":"&#8220;No es cierto que Cuitl\u00e1huac haya heredado deuda millonaria, se arrastra desde hace 20 anos&#8221;: Gobernadora"},"content":{"rendered":"\n<p>Apoyar\u00e1 &#8220;con todo&#8221; al gobierno municipal de Adanely Rodr\u00edguez, le mandar\u00e1 m\u00e1s elementos de GN y de SSP<\/p>\n\n\n\n<p>-Llegan a Veracruz un mill\u00f3n de dosis de vacuna para iniciar campa\u00f1a contra el sarampi\u00f3n<\/p>\n\n\n\n<p>\u00c1ngeles Gonz\u00e1lez Ceballos<br>Xalapa, Ver.La gobernadora de Veracruz, Roc\u00edo Nahle Garc\u00eda, neg\u00f3 que el exgobernador Cuitl\u00e1huac Garc\u00eda Jim\u00e9nez le haya heredado una deuda por m\u00e1s de 119 mil mil millones de pesos, como lo difundi\u00f3 Reporte Indigo.<\/p>\n\n\n\n<p>Dicho medio de comunicaci\u00f3n, asegur\u00f3 que la administraci\u00f3n estatal que encabez\u00f3 Cuitl\u00e1huac Garc\u00eda Jim\u00e9nez, hered\u00f3 una deuda &#8220;oculta&#8221; que fue descubierta por la actual administraci\u00f3n que consistente en pasivos multimillonarios que se generaron ante instituciones del gobierno Federal, por la omisi\u00f3n en el pago de impuestos y otros conceptos.<\/p>\n\n\n\n<p>En ese sentido, manifest\u00f3 que esta semana se reunir\u00e1 con el titular de la Sefiplan, Miguel Reyes, para analizar cu\u00e1nto es lo que podr\u00e1 pagar este a\u00f1o su administraci\u00f3n de la deuda bancaria, deuda que se tiene desde hace muchos a\u00f1os.<\/p>\n\n\n\n<p>&#8220;Y aqu\u00ed quiero se\u00f1alar algo, porque le\u00ed hoy una nota. Cuitl\u00e1huac (Garc\u00eda), cuando \u00e9l lleg\u00f3 hab\u00eda una deuda bancaria muy alta, \u00e9l pag\u00f3 cerca de 20 mil millones de pesos en deuda bancaria, cuando yo recibo, recibo 50 mil millones de pesos de deuda bancaria, ya le hab\u00eda bajado Cuitl\u00e1huac 20 mil millones&#8221;, refiri\u00f3.<\/p>\n\n\n\n<p>Fue ah\u00ed donde mencion\u00f3 que un medio de comunicaci\u00f3n dio conocer el millonario adeudo que le hered\u00f3 su antecesor.<\/p>\n\n\n\n<p>&#8220;No es cierto, es una deuda que viene desde hace m\u00e1s de 20 a\u00f1os, no importa quien llega al Gobierno, llega a solventar. Se acab\u00f3 el tiempo en que se llegaba a Veracruz a estar insultando, a estar denostando, a estar no, no, no.<\/p>\n\n\n\n<p>Hoy este gobierno trabaja y nosotros no solapamos nada, cero impunidad&#8221;, asegur\u00f3 y cit\u00f3 como ejemplo las recientes detenciones de exfuncionarios de la Universidad Popular Aut\u00f3noma de Veracruz (UPAV).<\/p>\n\n\n\n<p>&#8220;Acaba de pasar el tema de la UPAV, yo dije que se vaya el tema a la Fiscal\u00eda Anticorrupci\u00f3n y que se proceda, porque esto es en mi gobierno y yo no voy a permitir que nadie, sea el que sea, nadie pase por encima de leyes o que act\u00faen mal&#8221;, agreg\u00f3.<\/p>\n\n\n\n<p>En otro tema, la Mandataria expres\u00f3 que su gobierno apoyar\u00e1 &#8220;con todo&#8221; a la administraci\u00f3n municipal de Adanely Rodr\u00edguez, alcaldesa de Poza Rica y anunci\u00f3 que se reforzar\u00e1 la seguridad, tanto de elementos de la Guardia Nacional como de la Secretar\u00eda de Seguridad.<\/p>\n\n\n\n<p>&#8220;Tenemos que garantizar la paz y la tranquilidad a toda la ciudadan\u00eda. Esta es una joven de veras de primera que inici\u00f3 con un buen ritmo, entonces hay que apoyarla&#8221;, manifest\u00f3.<\/p>\n\n\n\n<p>Dio a conocer que este d\u00eda la mesa de seguridad se llevar\u00e1 a cabo en la ciudad petrolera, en donde despu\u00e9s revisar\u00e1 los avances de la limpieza, as\u00ed como el desazolve de drenajes que colapsaron durante la inundaci\u00f3n de octubre de 22025.<\/p>\n\n\n\n<p>Adem\u00e1s inform\u00f3 que ma\u00f1ana martes estar\u00e1 en Veracruz el director general del IMSS, Alejandro Svarch, con el que abordar\u00e1 diversos temas de salud, entre \u00e9stos, la llegada de vacunas contra el sarampi\u00f3n.<\/p>\n\n\n\n<p>&#8220;Empezamos con 25 mil vacunas, pero le ped\u00ed un mill\u00f3n m\u00e1s al IMSS Bienestar, ayer nos las autorizaron, ma\u00f1ana voy a ver con \u00e9l la llegada de los lotes de las vacunas para que en todo el Estado, todos los ni\u00f1os y ni\u00f1as, todos los adultos mayores, las personas que no tienen la vacuna del sarampi\u00f3n se la coloquen y estar libre el sarampi\u00f3n en Veracruz&#8221;, asever\u00f3.<\/p>\n\n\n\n<figure class=\"wp-block-image size-large\"><img loading=\"lazy\" decoding=\"async\" width=\"1024\" height=\"873\" src=\"https:\/\/plumanegranoticias.com\/wp-content\/uploads\/2026\/01\/img-20260126-wa00456344091238652914138-1024x873.jpg\" alt=\"\" class=\"wp-image-13654\" srcset=\"https:\/\/plumanegranoticias.com\/wp-content\/uploads\/2026\/01\/img-20260126-wa00456344091238652914138-1024x873.jpg 1024w, https:\/\/plumanegranoticias.com\/wp-content\/uploads\/2026\/01\/img-20260126-wa00456344091238652914138-300x256.jpg 300w, https:\/\/plumanegranoticias.com\/wp-content\/uploads\/2026\/01\/img-20260126-wa00456344091238652914138-768x655.jpg 768w, https:\/\/plumanegranoticias.com\/wp-content\/uploads\/2026\/01\/img-20260126-wa00456344091238652914138.jpg 1368w\" sizes=\"auto, (max-width: 1024px) 100vw, 1024px\" \/><\/figure>\n","protected":false},"excerpt":{"rendered":"<p>Apoyar\u00e1 &#8220;con todo&#8221; al gobierno municipal de Adanely Rodr\u00edguez, le mandar\u00e1 m\u00e1s elementos de GN y de SSP -Llegan a Veracruz un mill\u00f3n de dosis de vacuna para iniciar campa\u00f1a contra el sarampi\u00f3n \u00c1ngeles Gonz\u00e1lez CeballosXalapa, Ver.La gobernadora de Veracruz, Roc\u00edo Nahle Garc\u00eda, neg\u00f3 que el exgobernador Cuitl\u00e1huac Garc\u00eda Jim\u00e9nez le haya heredado una deuda&#8230; <\/p>\n<div class=\"clear\"><\/div>\n<p><a href=\"https:\/\/plumanegranoticias.com\/?p=13655\" class=\"excerpt-read-more\">Read More<i class=\"fa fa-caret-right icon-caret-right\"><\/i><\/a><\/p>\n","protected":false},"author":2,"featured_media":13657,"comment_status":"open","ping_status":"open","sticky":false,"template":"","format":"standard","meta":{"om_disable_all_campaigns":false,"_monsterinsights_skip_tracking":false,"_monsterinsights_sitenote_active":false,"_monsterinsights_sitenote_note":"","_monsterinsights_sitenote_category":0,"_uf_show_specific_survey":0,"_uf_disable_surveys":false,"footnotes":""},"categories":[16,8,12],"tags":[22,18,34],"class_list":["post-13655","post","type-post","status-publish","format-standard","has-post-thumbnail","hentry","category-plumazos","category-politica","category-regional","tag-nota-roja","tag-noticia","tag-policiaca"],"aioseo_notices":[],"_links":{"self":[{"href":"https:\/\/plumanegranoticias.com\/index.php?rest_route=\/wp\/v2\/posts\/13655","targetHints":{"allow":["GET"]}}],"collection":[{"href":"https:\/\/plumanegranoticias.com\/index.php?rest_route=\/wp\/v2\/posts"}],"about":[{"href":"https:\/\/plumanegranoticias.com\/index.php?rest_route=\/wp\/v2\/types\/post"}],"author":[{"embeddable":true,"href":"https:\/\/plumanegranoticias.com\/index.php?rest_route=\/wp\/v2\/users\/2"}],"replies":[{"embeddable":true,"href":"https:\/\/plumanegranoticias.com\/index.php?rest_route=%2Fwp%2Fv2%2Fcomments&post=13655"}],"version-history":[{"count":1,"href":"https:\/\/plumanegranoticias.com\/index.php?rest_route=\/wp\/v2\/posts\/13655\/revisions"}],"predecessor-version":[{"id":13656,"href":"https:\/\/plumanegranoticias.com\/index.php?rest_route=\/wp\/v2\/posts\/13655\/revisions\/13656"}],"wp:featuredmedia":[{"embeddable":true,"href":"https:\/\/plumanegranoticias.com\/index.php?rest_route=\/wp\/v2\/media\/13657"}],"wp:attachment":[{"href":"https:\/\/plumanegranoticias.com\/index.php?rest_route=%2Fwp%2Fv2%2Fmedia&parent=13655"}],"wp:term":[{"taxonomy":"category","embeddable":true,"href":"https:\/\/plumanegranoticias.com\/index.php?rest_route=%2Fwp%2Fv2%2Fcategories&post=13655"},{"taxonomy":"post_tag","embeddable":true,"href":"https:\/\/plumanegranoticias.com\/index.php?rest_route=%2Fwp%2Fv2%2Ftags&post=13655"}],"curies":[{"name":"wp","href":"https:\/\/api.w.org\/{rel}","templated":true}]}}