{"id":13664,"date":"2026-01-26T11:23:12","date_gmt":"2026-01-26T17:23:12","guid":{"rendered":"https:\/\/plumanegranoticias.com\/?p=13664"},"modified":"2026-01-26T11:30:02","modified_gmt":"2026-01-26T17:30:02","slug":"en-poza-rica-detenido-presunto-responsable-de-extorsion-agravada","status":"publish","type":"post","link":"https:\/\/plumanegranoticias.com\/?p=13664","title":{"rendered":"En Poza Rica, detenido presunto responsable de extorsi\u00f3n agravada"},"content":{"rendered":"\n<p>Poza Rica, Ver., a 26 de enero de 2026.\u2013 La Fiscal\u00eda General del Estado informa que, a trav\u00e9s de la Unidad Especializada en Combate al Secuestro y la Extorsi\u00f3n (UECS), en coordinaci\u00f3n con la Secretar\u00eda de la Defensa Nacional y la Secretar\u00eda de Seguridad P\u00fablica Estatal, fue cumplimentada una orden de aprehensi\u00f3n en contra de Efigenio \u201cN\u201d, quien se desempe\u00f1a como servidor p\u00fablico municipal, como presunto responsable del delito de extorsi\u00f3n agravada, cometido en agravio de dos v\u00edctimas cuya identidad se encuentra legalmente reservada.<\/p>\n\n\n\n<p>En respeto a los derechos humanos y al debido proceso, el detenido ser\u00e1 presentado ante el \u00f3rgano jurisdiccional competente, a fin de que se determine su situaci\u00f3n jur\u00eddica conforme a derecho.<\/p>\n\n\n\n<p><\/p>\n\n\n\n<figure class=\"wp-block-image size-large\"><img loading=\"lazy\" decoding=\"async\" width=\"1024\" height=\"1024\" src=\"https:\/\/plumanegranoticias.com\/wp-content\/uploads\/2026\/01\/img-20260126-wa0086370165136605821136-1024x1024.jpg\" alt=\"\" class=\"wp-image-13663\" srcset=\"https:\/\/plumanegranoticias.com\/wp-content\/uploads\/2026\/01\/img-20260126-wa0086370165136605821136-1024x1024.jpg 1024w, https:\/\/plumanegranoticias.com\/wp-content\/uploads\/2026\/01\/img-20260126-wa0086370165136605821136-300x300.jpg 300w, https:\/\/plumanegranoticias.com\/wp-content\/uploads\/2026\/01\/img-20260126-wa0086370165136605821136-150x150.jpg 150w, https:\/\/plumanegranoticias.com\/wp-content\/uploads\/2026\/01\/img-20260126-wa0086370165136605821136-768x768.jpg 768w, https:\/\/plumanegranoticias.com\/wp-content\/uploads\/2026\/01\/img-20260126-wa0086370165136605821136-400x400.jpg 400w, https:\/\/plumanegranoticias.com\/wp-content\/uploads\/2026\/01\/img-20260126-wa0086370165136605821136.jpg 1080w\" sizes=\"auto, (max-width: 1024px) 100vw, 1024px\" \/><\/figure>\n","protected":false},"excerpt":{"rendered":"<p>Poza Rica, Ver., a 26 de enero de 2026.\u2013 La Fiscal\u00eda General del Estado informa que, a trav\u00e9s de la Unidad Especializada en Combate al Secuestro y la Extorsi\u00f3n (UECS), en coordinaci\u00f3n con la Secretar\u00eda de la Defensa Nacional y la Secretar\u00eda de Seguridad P\u00fablica Estatal, fue cumplimentada una orden de aprehensi\u00f3n en contra de&#8230; <\/p>\n<div class=\"clear\"><\/div>\n<p><a href=\"https:\/\/plumanegranoticias.com\/?p=13664\" class=\"excerpt-read-more\">Read More<i class=\"fa fa-caret-right icon-caret-right\"><\/i><\/a><\/p>\n","protected":false},"author":2,"featured_media":13667,"comment_status":"open","ping_status":"open","sticky":false,"template":"","format":"standard","meta":{"om_disable_all_campaigns":false,"_monsterinsights_skip_tracking":false,"_monsterinsights_sitenote_active":false,"_monsterinsights_sitenote_note":"","_monsterinsights_sitenote_category":0,"_uf_show_specific_survey":0,"_uf_disable_surveys":false,"footnotes":""},"categories":[1],"tags":[],"class_list":["post-13664","post","type-post","status-publish","format-standard","has-post-thumbnail","hentry","category-blog"],"aioseo_notices":[],"_links":{"self":[{"href":"https:\/\/plumanegranoticias.com\/index.php?rest_route=\/wp\/v2\/posts\/13664","targetHints":{"allow":["GET"]}}],"collection":[{"href":"https:\/\/plumanegranoticias.com\/index.php?rest_route=\/wp\/v2\/posts"}],"about":[{"href":"https:\/\/plumanegranoticias.com\/index.php?rest_route=\/wp\/v2\/types\/post"}],"author":[{"embeddable":true,"href":"https:\/\/plumanegranoticias.com\/index.php?rest_route=\/wp\/v2\/users\/2"}],"replies":[{"embeddable":true,"href":"https:\/\/plumanegranoticias.com\/index.php?rest_route=%2Fwp%2Fv2%2Fcomments&post=13664"}],"version-history":[{"count":1,"href":"https:\/\/plumanegranoticias.com\/index.php?rest_route=\/wp\/v2\/posts\/13664\/revisions"}],"predecessor-version":[{"id":13665,"href":"https:\/\/plumanegranoticias.com\/index.php?rest_route=\/wp\/v2\/posts\/13664\/revisions\/13665"}],"wp:featuredmedia":[{"embeddable":true,"href":"https:\/\/plumanegranoticias.com\/index.php?rest_route=\/wp\/v2\/media\/13667"}],"wp:attachment":[{"href":"https:\/\/plumanegranoticias.com\/index.php?rest_route=%2Fwp%2Fv2%2Fmedia&parent=13664"}],"wp:term":[{"taxonomy":"category","embeddable":true,"href":"https:\/\/plumanegranoticias.com\/index.php?rest_route=%2Fwp%2Fv2%2Fcategories&post=13664"},{"taxonomy":"post_tag","embeddable":true,"href":"https:\/\/plumanegranoticias.com\/index.php?rest_route=%2Fwp%2Fv2%2Ftags&post=13664"}],"curies":[{"name":"wp","href":"https:\/\/api.w.org\/{rel}","templated":true}]}}