{"id":13684,"date":"2026-01-27T11:24:43","date_gmt":"2026-01-27T17:24:43","guid":{"rendered":"https:\/\/plumanegranoticias.com\/?p=13684"},"modified":"2026-01-27T11:25:04","modified_gmt":"2026-01-27T17:25:04","slug":"negociaciones-entre-setsuv-y-uv-van-lentas-exigen-prorroga-de-30-dias","status":"publish","type":"post","link":"https:\/\/plumanegranoticias.com\/?p=13684","title":{"rendered":"Negociaciones entre SETSUV y UV van lentas, exigen pr\u00f3rroga de 30 d\u00edas"},"content":{"rendered":"\n<p>Protestan este martes afuera del Tribunal Superior de Justicia<\/p>\n\n\n\n<p>\u00c1ngeles Gonz\u00e1lez Ceballos<br>Xalapa, Ver. Agremiados al Sindicato Estatal de Trabajadores al Servicio de la Universidad Veracruzana (SETSUV), protestaron la ma\u00f1ana de este martes afuera del Tribunal Superior de Justicia, debido a que las mesas de di\u00e1logo con las autoridades universitarias est\u00e1n estancadas.<\/p>\n\n\n\n<p>Por lo que est\u00e1n exigiendo la ampliaci\u00f3n del plazo para lograr acuerdos favorables tanto para la base trabajadora como para la Universidad.<\/p>\n\n\n\n<p>Benjam\u00edn Mar\u00edn L\u00f3pez, auxiliar de laboratorio en la Unidad de Ciencias de la Salud de Xalapa y representante sindical, record\u00f3 que el emplazamiento a la Casa de Estudios vence este pr\u00f3ximo 2 de febrero a las 7:00 horas.<\/p>\n\n\n\n<p>Este a\u00f1o al SETSUV le toca la revisi\u00f3n salarial y contractual, por lo que ser\u00eda necesaria una pr\u00f3rroga de 30 d\u00edas para continuar con las negociaciones y evitar afectaciones a las actividades acad\u00e9micas<\/p>\n\n\n\n<p>Expuso que debido a la falta de una propuesta que cumpla con las expectativas de los trabajadores administrativos y manuales, solicitaron formalmente la pr\u00f3rroga ante la autoridad laboral, instancia que deber\u00e1 autorizar la ampliaci\u00f3n del plazo legal para continuar con las negociaciones.<\/p>\n\n\n\n<p>Explic\u00f3 que uno de los principales puntos de conflicto es el tema salarial, ya que actualmente algunos trabajadores perciben ingresos por debajo del salario m\u00ednimo, el cual aument\u00f3 a 315.04 pesos diarios a partir del 1 de enero.<\/p>\n\n\n\n<p>Mar\u00edn L\u00f3pez se\u00f1al\u00f3 que esta situaci\u00f3n se ha repetido durante los \u00faltimos dos a\u00f1os y aunque la Universidad ha realizado una nivelaci\u00f3n salarial, \u00e9sta se aplica hasta los meses de julio o agosto, cuando deber\u00eda ser al momento, ya que recibir un salario inferior al m\u00ednimo es inconstitucional.<\/p>\n\n\n\n<p>Reproch\u00f3 que la Instituci\u00f3n de Educaci\u00f3n Superior P\u00fablica \u00fanicamente ha nivelado los sueldos con el salario m\u00ednimo general, cuando por el tipo de funciones deber\u00edan ajustarse al salario m\u00ednimo profesional, sin que hasta el momento exista una respuesta satisfactoria por parte de la UV.<\/p>\n\n\n\n<p>Finalmente, advirti\u00f3 que en caso de no alcanzar un acuerdo satisfactorio al t\u00e9rmino del plazo legal, el SETSUV no descarta recurrir al estallamiento de la huelga, como \u00faltimo recurso para la defensa de sus demandas.<\/p>\n\n\n\n<figure class=\"wp-block-image size-large\"><img loading=\"lazy\" decoding=\"async\" width=\"1024\" height=\"449\" src=\"https:\/\/plumanegranoticias.com\/wp-content\/uploads\/2026\/01\/img-20260127-wa00937442193103336148265-1024x449.jpg\" alt=\"\" class=\"wp-image-13683\" srcset=\"https:\/\/plumanegranoticias.com\/wp-content\/uploads\/2026\/01\/img-20260127-wa00937442193103336148265-1024x449.jpg 1024w, https:\/\/plumanegranoticias.com\/wp-content\/uploads\/2026\/01\/img-20260127-wa00937442193103336148265-300x131.jpg 300w, https:\/\/plumanegranoticias.com\/wp-content\/uploads\/2026\/01\/img-20260127-wa00937442193103336148265-768x337.jpg 768w, https:\/\/plumanegranoticias.com\/wp-content\/uploads\/2026\/01\/img-20260127-wa00937442193103336148265-750x330.jpg 750w, https:\/\/plumanegranoticias.com\/wp-content\/uploads\/2026\/01\/img-20260127-wa00937442193103336148265.jpg 1280w\" sizes=\"auto, (max-width: 1024px) 100vw, 1024px\" \/><\/figure>\n\n\n\n<figure class=\"wp-block-image\"><img loading=\"lazy\" decoding=\"async\" width=\"300\" height=\"232\" src=\"https:\/\/plumanegranoticias.com\/wp-content\/uploads\/2026\/01\/img-20260127-wa00925114488873831511134-300x232.jpg\" alt=\"\" class=\"wp-image-13682\" srcset=\"https:\/\/plumanegranoticias.com\/wp-content\/uploads\/2026\/01\/img-20260127-wa00925114488873831511134-300x232.jpg 300w, https:\/\/plumanegranoticias.com\/wp-content\/uploads\/2026\/01\/img-20260127-wa00925114488873831511134.jpg 549w\" sizes=\"auto, (max-width: 300px) 100vw, 300px\" \/><\/figure>\n","protected":false},"excerpt":{"rendered":"<p>Protestan este martes afuera del Tribunal Superior de Justicia \u00c1ngeles Gonz\u00e1lez CeballosXalapa, Ver. Agremiados al Sindicato Estatal de Trabajadores al Servicio de la Universidad Veracruzana (SETSUV), protestaron la ma\u00f1ana de este martes afuera del Tribunal Superior de Justicia, debido a que las mesas de di\u00e1logo con las autoridades universitarias est\u00e1n estancadas. Por lo que est\u00e1n&#8230; <\/p>\n<div class=\"clear\"><\/div>\n<p><a href=\"https:\/\/plumanegranoticias.com\/?p=13684\" class=\"excerpt-read-more\">Read More<i class=\"fa fa-caret-right icon-caret-right\"><\/i><\/a><\/p>\n","protected":false},"author":2,"featured_media":13686,"comment_status":"open","ping_status":"open","sticky":false,"template":"","format":"standard","meta":{"om_disable_all_campaigns":false,"_monsterinsights_skip_tracking":false,"_monsterinsights_sitenote_active":false,"_monsterinsights_sitenote_note":"","_monsterinsights_sitenote_category":0,"_uf_show_specific_survey":0,"_uf_disable_surveys":false,"footnotes":""},"categories":[13,8,12],"tags":[61,19],"class_list":["post-13684","post","type-post","status-publish","format-standard","has-post-thumbnail","hentry","category-nota-roja","category-politica","category-regional","tag-politica","tag-regional"],"aioseo_notices":[],"_links":{"self":[{"href":"https:\/\/plumanegranoticias.com\/index.php?rest_route=\/wp\/v2\/posts\/13684","targetHints":{"allow":["GET"]}}],"collection":[{"href":"https:\/\/plumanegranoticias.com\/index.php?rest_route=\/wp\/v2\/posts"}],"about":[{"href":"https:\/\/plumanegranoticias.com\/index.php?rest_route=\/wp\/v2\/types\/post"}],"author":[{"embeddable":true,"href":"https:\/\/plumanegranoticias.com\/index.php?rest_route=\/wp\/v2\/users\/2"}],"replies":[{"embeddable":true,"href":"https:\/\/plumanegranoticias.com\/index.php?rest_route=%2Fwp%2Fv2%2Fcomments&post=13684"}],"version-history":[{"count":1,"href":"https:\/\/plumanegranoticias.com\/index.php?rest_route=\/wp\/v2\/posts\/13684\/revisions"}],"predecessor-version":[{"id":13685,"href":"https:\/\/plumanegranoticias.com\/index.php?rest_route=\/wp\/v2\/posts\/13684\/revisions\/13685"}],"wp:featuredmedia":[{"embeddable":true,"href":"https:\/\/plumanegranoticias.com\/index.php?rest_route=\/wp\/v2\/media\/13686"}],"wp:attachment":[{"href":"https:\/\/plumanegranoticias.com\/index.php?rest_route=%2Fwp%2Fv2%2Fmedia&parent=13684"}],"wp:term":[{"taxonomy":"category","embeddable":true,"href":"https:\/\/plumanegranoticias.com\/index.php?rest_route=%2Fwp%2Fv2%2Fcategories&post=13684"},{"taxonomy":"post_tag","embeddable":true,"href":"https:\/\/plumanegranoticias.com\/index.php?rest_route=%2Fwp%2Fv2%2Ftags&post=13684"}],"curies":[{"name":"wp","href":"https:\/\/api.w.org\/{rel}","templated":true}]}}