{"id":13701,"date":"2026-01-27T14:06:10","date_gmt":"2026-01-27T20:06:10","guid":{"rendered":"https:\/\/plumanegranoticias.com\/?p=13701"},"modified":"2026-01-27T14:06:28","modified_gmt":"2026-01-27T20:06:28","slug":"entrega-samuel-acosta-ley-de-ingresos-en-congreso","status":"publish","type":"post","link":"https:\/\/plumanegranoticias.com\/?p=13701","title":{"rendered":"Entrega Samuel Acosta Ley de Ingresos en Congreso"},"content":{"rendered":"\n<p>SAMUEL ACOSTA ACUDE AL CONGRESO DEL ESTADO PARA LA ENTREGA DE LAS LEYES DE INGRESOS 2026<\/p>\n\n\n\n<p>Xalapa, Veracruz, 27 de enero de 2026.\u2013 Con el firme compromiso de fortalecer la planeaci\u00f3n financiera y garantizar una administraci\u00f3n responsable de los recursos p\u00fablicos, el presidente municipal de Medell\u00edn de Bravo, Samuel Acosta, estuvo presente en el H. Congreso del Estado de Veracruz, junto a compa\u00f1eras y compa\u00f1eros ediles de distintos municipios de la entidad, durante el acto oficial de Entrega de las Leyes de Ingresos correspondientes al Ejercicio Fiscal 2026.<\/p>\n\n\n\n<p>La ceremonia fue encabezada por el diputado Esteban Bautista Hern\u00e1ndez, presidente de la Junta de Coordinaci\u00f3n Pol\u00edtica (JUCOPO), como parte de los trabajos organizados por la Secretar\u00eda de Fiscalizaci\u00f3n del Congreso del Estado de Veracruz, con el objetivo de consolidar un proceso ordenado y transparente en materia hacendaria municipal.<\/p>\n\n\n\n<p>Durante esta jornada institucional, las autoridades municipales refrendaron su disposici\u00f3n de cumplir con los lineamientos legales en la elaboraci\u00f3n y entrega de sus propuestas de ingresos, las cuales permitir\u00e1n una mejor proyecci\u00f3n de los recursos que ser\u00e1n destinados a obras p\u00fablicas, servicios municipales y programas sociales en beneficio de la ciudadan\u00eda.<\/p>\n\n\n\n<p>El alcalde Samuel Acosta destac\u00f3 la importancia de este ejercicio, ya que representa un paso fundamental para fortalecer la planeaci\u00f3n financiera de los municipios, asegurando que cada peso recaudado sea administrado con responsabilidad, transparencia y con un enfoque social que priorice el bienestar de las familias veracruzanas.<\/p>\n\n\n\n<p>Asimismo, subray\u00f3 que la coordinaci\u00f3n entre los ayuntamientos y el Poder Legislativo permite avanzar hacia una gesti\u00f3n p\u00fablica m\u00e1s eficiente, que responda a las necesidades reales de la poblaci\u00f3n y contribuya al desarrollo equilibrado de los municipios.<\/p>\n\n\n\n<p>Con acciones como esta, el Gobierno Municipal de Medell\u00edn de Bravo reafirma su compromiso con la legalidad, la rendici\u00f3n de cuentas y la correcta aplicaci\u00f3n de los recursos p\u00fablicos, trabajando de manera institucional para seguir construyendo un municipio con finanzas sanas y mejores oportunidades para todas y todos.<\/p>\n\n\n\n<figure class=\"wp-block-image size-large\"><img loading=\"lazy\" decoding=\"async\" width=\"1024\" height=\"682\" src=\"https:\/\/plumanegranoticias.com\/wp-content\/uploads\/2026\/01\/img-20260127-wa01783946436218124704270-1024x682.jpg\" alt=\"\" class=\"wp-image-13699\" srcset=\"https:\/\/plumanegranoticias.com\/wp-content\/uploads\/2026\/01\/img-20260127-wa01783946436218124704270-1024x682.jpg 1024w, https:\/\/plumanegranoticias.com\/wp-content\/uploads\/2026\/01\/img-20260127-wa01783946436218124704270-300x200.jpg 300w, https:\/\/plumanegranoticias.com\/wp-content\/uploads\/2026\/01\/img-20260127-wa01783946436218124704270-768x512.jpg 768w, https:\/\/plumanegranoticias.com\/wp-content\/uploads\/2026\/01\/img-20260127-wa01783946436218124704270-1536x1023.jpg 1536w, https:\/\/plumanegranoticias.com\/wp-content\/uploads\/2026\/01\/img-20260127-wa01783946436218124704270.jpg 1600w\" sizes=\"auto, (max-width: 1024px) 100vw, 1024px\" \/><\/figure>\n\n\n\n<figure class=\"wp-block-image\"><img loading=\"lazy\" decoding=\"async\" width=\"1024\" height=\"682\" src=\"https:\/\/plumanegranoticias.com\/wp-content\/uploads\/2026\/01\/img-20260127-wa01805911360593843136795-1024x682.jpg\" alt=\"\" class=\"wp-image-13700\" srcset=\"https:\/\/plumanegranoticias.com\/wp-content\/uploads\/2026\/01\/img-20260127-wa01805911360593843136795-1024x682.jpg 1024w, https:\/\/plumanegranoticias.com\/wp-content\/uploads\/2026\/01\/img-20260127-wa01805911360593843136795-300x200.jpg 300w, https:\/\/plumanegranoticias.com\/wp-content\/uploads\/2026\/01\/img-20260127-wa01805911360593843136795-768x512.jpg 768w, https:\/\/plumanegranoticias.com\/wp-content\/uploads\/2026\/01\/img-20260127-wa01805911360593843136795-1536x1023.jpg 1536w, https:\/\/plumanegranoticias.com\/wp-content\/uploads\/2026\/01\/img-20260127-wa01805911360593843136795.jpg 1600w\" sizes=\"auto, (max-width: 1024px) 100vw, 1024px\" \/><\/figure>\n","protected":false},"excerpt":{"rendered":"<p>SAMUEL ACOSTA ACUDE AL CONGRESO DEL ESTADO PARA LA ENTREGA DE LAS LEYES DE INGRESOS 2026 Xalapa, Veracruz, 27 de enero de 2026.\u2013 Con el firme compromiso de fortalecer la planeaci\u00f3n financiera y garantizar una administraci\u00f3n responsable de los recursos p\u00fablicos, el presidente municipal de Medell\u00edn de Bravo, Samuel Acosta, estuvo presente en el H&#8230;. <\/p>\n<div class=\"clear\"><\/div>\n<p><a href=\"https:\/\/plumanegranoticias.com\/?p=13701\" class=\"excerpt-read-more\">Read More<i class=\"fa fa-caret-right icon-caret-right\"><\/i><\/a><\/p>\n","protected":false},"author":2,"featured_media":13703,"comment_status":"open","ping_status":"open","sticky":false,"template":"","format":"standard","meta":{"om_disable_all_campaigns":false,"_monsterinsights_skip_tracking":false,"_monsterinsights_sitenote_active":false,"_monsterinsights_sitenote_note":"","_monsterinsights_sitenote_category":0,"_uf_show_specific_survey":0,"_uf_disable_surveys":false,"footnotes":""},"categories":[13,8,12],"tags":[61,19],"class_list":["post-13701","post","type-post","status-publish","format-standard","has-post-thumbnail","hentry","category-nota-roja","category-politica","category-regional","tag-politica","tag-regional"],"aioseo_notices":[],"_links":{"self":[{"href":"https:\/\/plumanegranoticias.com\/index.php?rest_route=\/wp\/v2\/posts\/13701","targetHints":{"allow":["GET"]}}],"collection":[{"href":"https:\/\/plumanegranoticias.com\/index.php?rest_route=\/wp\/v2\/posts"}],"about":[{"href":"https:\/\/plumanegranoticias.com\/index.php?rest_route=\/wp\/v2\/types\/post"}],"author":[{"embeddable":true,"href":"https:\/\/plumanegranoticias.com\/index.php?rest_route=\/wp\/v2\/users\/2"}],"replies":[{"embeddable":true,"href":"https:\/\/plumanegranoticias.com\/index.php?rest_route=%2Fwp%2Fv2%2Fcomments&post=13701"}],"version-history":[{"count":1,"href":"https:\/\/plumanegranoticias.com\/index.php?rest_route=\/wp\/v2\/posts\/13701\/revisions"}],"predecessor-version":[{"id":13702,"href":"https:\/\/plumanegranoticias.com\/index.php?rest_route=\/wp\/v2\/posts\/13701\/revisions\/13702"}],"wp:featuredmedia":[{"embeddable":true,"href":"https:\/\/plumanegranoticias.com\/index.php?rest_route=\/wp\/v2\/media\/13703"}],"wp:attachment":[{"href":"https:\/\/plumanegranoticias.com\/index.php?rest_route=%2Fwp%2Fv2%2Fmedia&parent=13701"}],"wp:term":[{"taxonomy":"category","embeddable":true,"href":"https:\/\/plumanegranoticias.com\/index.php?rest_route=%2Fwp%2Fv2%2Fcategories&post=13701"},{"taxonomy":"post_tag","embeddable":true,"href":"https:\/\/plumanegranoticias.com\/index.php?rest_route=%2Fwp%2Fv2%2Ftags&post=13701"}],"curies":[{"name":"wp","href":"https:\/\/api.w.org\/{rel}","templated":true}]}}