{"id":13705,"date":"2026-01-27T14:29:06","date_gmt":"2026-01-27T20:29:06","guid":{"rendered":"https:\/\/plumanegranoticias.com\/?p=13705"},"modified":"2026-01-27T14:29:27","modified_gmt":"2026-01-27T20:29:27","slug":"es-necesario-reconstruir-totalmente-el-palacio-municipal-de-xico-dictamen-de-pc-define-que-es-un-riesgo-estar-ahi-alcalde","status":"publish","type":"post","link":"https:\/\/plumanegranoticias.com\/?p=13705","title":{"rendered":"Es necesario reconstruir totalmente el palacio municipal de Xico, dictamen de PC define que es un riesgo estar ah\u00ed: Alcalde"},"content":{"rendered":"\n<p>\u00c1ngeles Gonz\u00e1lez Ceballos<br>Xalapa, Ver., El alcalde del pueblo m\u00e1gico de Xico, Eduardo Pozos P\u00e9rez, expres\u00f3 que su administraci\u00f3n tiene la &#8220;imperiosa&#8221; necesidad de invertir en la reconstrucci\u00f3n total del palacio municipal, toda vez que con base en un dictamen de Protecci\u00f3n Civil, representa un riesgo continuar usando el inmueble.<\/p>\n\n\n\n<p>Expuso que las lluvias han evidenciado la filtraci\u00f3n del agua en diversas paredes del edificio que ha dejado pr\u00e1cticamente inservible el \u00e1rea de Cabildo.<\/p>\n\n\n\n<p>Adem\u00e1s, asever\u00f3 que existen otros riesgos estructurales para los trabajadores y ciudadanos que acuden diariamente a realizar alg\u00fan tr\u00e1mite.<\/p>\n\n\n\n<p>Reconoci\u00f3 que hasta el momento no tiene un estimado de lo que necesitar\u00e1n invertir en la reparaci\u00f3n o remodelaci\u00f3n, pero no descart\u00f3 que esto lo tendr\u00e1n que hacer en dos o tres etapas, para que pueda haber recursos para otras obras y acciones de su administraci\u00f3n.<\/p>\n\n\n\n<p>Coment\u00f3 que para hacer la remodelaci\u00f3n deben dialogar con el Instituto Nacional de Antropolog\u00eda e Historia (INAH), as\u00ed como con el Comit\u00e9 de Pueblos M\u00e1gicos, para que no haya violaciones a la reglamentaci\u00f3n y normas establecidas.<\/p>\n\n\n\n<p>Dijo que deber\u00e1 hacer hincapi\u00e9 en la imperiosa necesidad de invertir en la reconstrucci\u00f3n del palacio municipal desde sus cimientos, porque es un riesgo continuar operando en ese inmueble.<\/p>\n\n\n\n<p>Adelant\u00f3 que \u00e9l y los integrantes del Cabildo ya dialogaron y todos coinciden en que es necesario reconstruir el palacio municipal, ya que el mantenimiento no es suficiente, por lo que tendr\u00e1n que trasladar la sede del Ayuntamiento a otro inmueble conocido como Casa Quemada, que se encuentra a una cuadra.<\/p>\n\n\n\n<figure class=\"wp-block-image size-large\"><img loading=\"lazy\" decoding=\"async\" width=\"1024\" height=\"684\" src=\"https:\/\/plumanegranoticias.com\/wp-content\/uploads\/2026\/01\/img-20260127-wa01923128980995763787141-1024x684.jpg\" alt=\"\" class=\"wp-image-13704\" srcset=\"https:\/\/plumanegranoticias.com\/wp-content\/uploads\/2026\/01\/img-20260127-wa01923128980995763787141-1024x684.jpg 1024w, https:\/\/plumanegranoticias.com\/wp-content\/uploads\/2026\/01\/img-20260127-wa01923128980995763787141-300x200.jpg 300w, https:\/\/plumanegranoticias.com\/wp-content\/uploads\/2026\/01\/img-20260127-wa01923128980995763787141-768x513.jpg 768w, https:\/\/plumanegranoticias.com\/wp-content\/uploads\/2026\/01\/img-20260127-wa01923128980995763787141-1536x1026.jpg 1536w, https:\/\/plumanegranoticias.com\/wp-content\/uploads\/2026\/01\/img-20260127-wa01923128980995763787141.jpg 2000w\" sizes=\"auto, (max-width: 1024px) 100vw, 1024px\" \/><\/figure>\n","protected":false},"excerpt":{"rendered":"<p>\u00c1ngeles Gonz\u00e1lez CeballosXalapa, Ver., El alcalde del pueblo m\u00e1gico de Xico, Eduardo Pozos P\u00e9rez, expres\u00f3 que su administraci\u00f3n tiene la &#8220;imperiosa&#8221; necesidad de invertir en la reconstrucci\u00f3n total del palacio municipal, toda vez que con base en un dictamen de Protecci\u00f3n Civil, representa un riesgo continuar usando el inmueble. Expuso que las lluvias han evidenciado&#8230; <\/p>\n<div class=\"clear\"><\/div>\n<p><a href=\"https:\/\/plumanegranoticias.com\/?p=13705\" class=\"excerpt-read-more\">Read More<i class=\"fa fa-caret-right icon-caret-right\"><\/i><\/a><\/p>\n","protected":false},"author":2,"featured_media":13707,"comment_status":"open","ping_status":"open","sticky":false,"template":"","format":"standard","meta":{"om_disable_all_campaigns":false,"_monsterinsights_skip_tracking":false,"_monsterinsights_sitenote_active":false,"_monsterinsights_sitenote_note":"","_monsterinsights_sitenote_category":0,"_uf_show_specific_survey":0,"_uf_disable_surveys":false,"footnotes":""},"categories":[13,16,8,12],"tags":[20,22,18],"class_list":["post-13705","post","type-post","status-publish","format-standard","has-post-thumbnail","hentry","category-nota-roja","category-plumazos","category-politica","category-regional","tag-negocios","tag-nota-roja","tag-noticia"],"aioseo_notices":[],"_links":{"self":[{"href":"https:\/\/plumanegranoticias.com\/index.php?rest_route=\/wp\/v2\/posts\/13705","targetHints":{"allow":["GET"]}}],"collection":[{"href":"https:\/\/plumanegranoticias.com\/index.php?rest_route=\/wp\/v2\/posts"}],"about":[{"href":"https:\/\/plumanegranoticias.com\/index.php?rest_route=\/wp\/v2\/types\/post"}],"author":[{"embeddable":true,"href":"https:\/\/plumanegranoticias.com\/index.php?rest_route=\/wp\/v2\/users\/2"}],"replies":[{"embeddable":true,"href":"https:\/\/plumanegranoticias.com\/index.php?rest_route=%2Fwp%2Fv2%2Fcomments&post=13705"}],"version-history":[{"count":1,"href":"https:\/\/plumanegranoticias.com\/index.php?rest_route=\/wp\/v2\/posts\/13705\/revisions"}],"predecessor-version":[{"id":13706,"href":"https:\/\/plumanegranoticias.com\/index.php?rest_route=\/wp\/v2\/posts\/13705\/revisions\/13706"}],"wp:featuredmedia":[{"embeddable":true,"href":"https:\/\/plumanegranoticias.com\/index.php?rest_route=\/wp\/v2\/media\/13707"}],"wp:attachment":[{"href":"https:\/\/plumanegranoticias.com\/index.php?rest_route=%2Fwp%2Fv2%2Fmedia&parent=13705"}],"wp:term":[{"taxonomy":"category","embeddable":true,"href":"https:\/\/plumanegranoticias.com\/index.php?rest_route=%2Fwp%2Fv2%2Fcategories&post=13705"},{"taxonomy":"post_tag","embeddable":true,"href":"https:\/\/plumanegranoticias.com\/index.php?rest_route=%2Fwp%2Fv2%2Ftags&post=13705"}],"curies":[{"name":"wp","href":"https:\/\/api.w.org\/{rel}","templated":true}]}}