{"id":13718,"date":"2026-01-27T16:58:52","date_gmt":"2026-01-27T22:58:52","guid":{"rendered":"https:\/\/plumanegranoticias.com\/?p=13718"},"modified":"2026-01-27T16:59:10","modified_gmt":"2026-01-27T22:59:10","slug":"arranca-dif-municipal-de-veracruz-jornada-de-salud-escolar-en-el-caic-sixtita-bello","status":"publish","type":"post","link":"https:\/\/plumanegranoticias.com\/?p=13718","title":{"rendered":"Arranca DIF Municipal de Veracruz Jornada de Salud Escolar en el CAIC Sixtita Bello"},"content":{"rendered":"\n<p>El objetivo es replicar el programa en todos los centros de atenci\u00f3n del organismo para prevenir enfermedades a temprana edad<\/p>\n\n\n\n<p>El DIF Municipal de Veracruz inici\u00f3 la Jornada de Salud Escolar en el CAIC Sixtita Bello, primer centro en atender a ni\u00f1as y ni\u00f1os con m\u00f3dulos m\u00e9dicos, dentales y visuales que se replicar\u00e1n en los otros 14 CAIC y 9 CADI del municipio para garantizar su bienestar y desarrollo integral.<\/p>\n\n\n\n<p>Los estudiantes pasan por los m\u00f3dulos de Nutrici\u00f3n, Salud Bucal y Salud Visual, donde se mide peso y estatura, se calcula el IMC, se revisa la dentadura y la vista, detectando posibles problemas que requieran seguimiento y ayuden a prevenir enfermedades desde temprana edad.<\/p>\n\n\n\n<p>La presidenta del patronato del DIF Municipal, Daniela Lily Hern\u00e1ndez, y el director general, Roberto Mu\u00f1oz Joach\u00edn, recorrieron los m\u00f3dulos para supervisar la jornada y constatar que los ni\u00f1os reciban atenci\u00f3n de manera segura y adecuada.<\/p>\n\n\n\n<p>Tambi\u00e9n se realizan actividades l\u00fadicas y educativas que fomentan h\u00e1bitos saludables y fortalecen habilidades psicomotoras para que los ni\u00f1os aprendan a cuidar su salud mientras juegan y se desarrollan en un entorno seguro, reforzando el compromiso del H. Ayuntamiento de Veracruz, que encabeza la presidenta municipal, Rosa Mar\u00eda Hern\u00e1ndez Espejo, con la infancia veracruzana.<\/p>\n\n\n\n<figure class=\"wp-block-image size-large\"><img loading=\"lazy\" decoding=\"async\" width=\"1024\" height=\"682\" src=\"https:\/\/plumanegranoticias.com\/wp-content\/uploads\/2026\/01\/img-20260127-wa02922157964749639024428-1024x682.jpg\" alt=\"\" class=\"wp-image-13714\" srcset=\"https:\/\/plumanegranoticias.com\/wp-content\/uploads\/2026\/01\/img-20260127-wa02922157964749639024428-1024x682.jpg 1024w, https:\/\/plumanegranoticias.com\/wp-content\/uploads\/2026\/01\/img-20260127-wa02922157964749639024428-300x200.jpg 300w, https:\/\/plumanegranoticias.com\/wp-content\/uploads\/2026\/01\/img-20260127-wa02922157964749639024428-768x512.jpg 768w, https:\/\/plumanegranoticias.com\/wp-content\/uploads\/2026\/01\/img-20260127-wa02922157964749639024428-1536x1024.jpg 1536w, https:\/\/plumanegranoticias.com\/wp-content\/uploads\/2026\/01\/img-20260127-wa02922157964749639024428.jpg 2000w\" sizes=\"auto, (max-width: 1024px) 100vw, 1024px\" \/><\/figure>\n\n\n\n<figure class=\"wp-block-image\"><img loading=\"lazy\" decoding=\"async\" width=\"1024\" height=\"682\" src=\"https:\/\/plumanegranoticias.com\/wp-content\/uploads\/2026\/01\/img-20260127-wa02954229188139465440619-1024x682.jpg\" alt=\"\" class=\"wp-image-13715\" srcset=\"https:\/\/plumanegranoticias.com\/wp-content\/uploads\/2026\/01\/img-20260127-wa02954229188139465440619-1024x682.jpg 1024w, https:\/\/plumanegranoticias.com\/wp-content\/uploads\/2026\/01\/img-20260127-wa02954229188139465440619-300x200.jpg 300w, https:\/\/plumanegranoticias.com\/wp-content\/uploads\/2026\/01\/img-20260127-wa02954229188139465440619-768x512.jpg 768w, https:\/\/plumanegranoticias.com\/wp-content\/uploads\/2026\/01\/img-20260127-wa02954229188139465440619-1536x1024.jpg 1536w, https:\/\/plumanegranoticias.com\/wp-content\/uploads\/2026\/01\/img-20260127-wa02954229188139465440619.jpg 2000w\" sizes=\"auto, (max-width: 1024px) 100vw, 1024px\" \/><\/figure>\n\n\n\n<figure class=\"wp-block-image\"><img loading=\"lazy\" decoding=\"async\" width=\"1024\" height=\"682\" src=\"https:\/\/plumanegranoticias.com\/wp-content\/uploads\/2026\/01\/img-20260127-wa02983777368581738842931-1024x682.jpg\" alt=\"\" class=\"wp-image-13716\" srcset=\"https:\/\/plumanegranoticias.com\/wp-content\/uploads\/2026\/01\/img-20260127-wa02983777368581738842931-1024x682.jpg 1024w, https:\/\/plumanegranoticias.com\/wp-content\/uploads\/2026\/01\/img-20260127-wa02983777368581738842931-300x200.jpg 300w, https:\/\/plumanegranoticias.com\/wp-content\/uploads\/2026\/01\/img-20260127-wa02983777368581738842931-768x512.jpg 768w, https:\/\/plumanegranoticias.com\/wp-content\/uploads\/2026\/01\/img-20260127-wa02983777368581738842931-1536x1024.jpg 1536w, https:\/\/plumanegranoticias.com\/wp-content\/uploads\/2026\/01\/img-20260127-wa02983777368581738842931.jpg 2000w\" sizes=\"auto, (max-width: 1024px) 100vw, 1024px\" \/><\/figure>\n\n\n\n<figure class=\"wp-block-image\"><img loading=\"lazy\" decoding=\"async\" width=\"1024\" height=\"683\" src=\"https:\/\/plumanegranoticias.com\/wp-content\/uploads\/2026\/01\/img-20260127-wa0299453826187135477409-1024x683.jpg\" alt=\"\" class=\"wp-image-13717\" srcset=\"https:\/\/plumanegranoticias.com\/wp-content\/uploads\/2026\/01\/img-20260127-wa0299453826187135477409-1024x683.jpg 1024w, https:\/\/plumanegranoticias.com\/wp-content\/uploads\/2026\/01\/img-20260127-wa0299453826187135477409-300x200.jpg 300w, https:\/\/plumanegranoticias.com\/wp-content\/uploads\/2026\/01\/img-20260127-wa0299453826187135477409-768x512.jpg 768w, https:\/\/plumanegranoticias.com\/wp-content\/uploads\/2026\/01\/img-20260127-wa0299453826187135477409.jpg 1280w\" sizes=\"auto, (max-width: 1024px) 100vw, 1024px\" \/><\/figure>\n","protected":false},"excerpt":{"rendered":"<p>El objetivo es replicar el programa en todos los centros de atenci\u00f3n del organismo para prevenir enfermedades a temprana edad El DIF Municipal de Veracruz inici\u00f3 la Jornada de Salud Escolar en el CAIC Sixtita Bello, primer centro en atender a ni\u00f1as y ni\u00f1os con m\u00f3dulos m\u00e9dicos, dentales y visuales que se replicar\u00e1n en los&#8230; <\/p>\n<div class=\"clear\"><\/div>\n<p><a href=\"https:\/\/plumanegranoticias.com\/?p=13718\" class=\"excerpt-read-more\">Read More<i class=\"fa fa-caret-right icon-caret-right\"><\/i><\/a><\/p>\n","protected":false},"author":2,"featured_media":13720,"comment_status":"open","ping_status":"open","sticky":false,"template":"","format":"standard","meta":{"om_disable_all_campaigns":false,"_monsterinsights_skip_tracking":false,"_monsterinsights_sitenote_active":false,"_monsterinsights_sitenote_note":"","_monsterinsights_sitenote_category":0,"_uf_show_specific_survey":0,"_uf_disable_surveys":false,"footnotes":""},"categories":[8,12],"tags":[22,18,30,34],"class_list":["post-13718","post","type-post","status-publish","format-standard","has-post-thumbnail","hentry","category-politica","category-regional","tag-nota-roja","tag-noticia","tag-plumazos","tag-policiaca"],"aioseo_notices":[],"_links":{"self":[{"href":"https:\/\/plumanegranoticias.com\/index.php?rest_route=\/wp\/v2\/posts\/13718","targetHints":{"allow":["GET"]}}],"collection":[{"href":"https:\/\/plumanegranoticias.com\/index.php?rest_route=\/wp\/v2\/posts"}],"about":[{"href":"https:\/\/plumanegranoticias.com\/index.php?rest_route=\/wp\/v2\/types\/post"}],"author":[{"embeddable":true,"href":"https:\/\/plumanegranoticias.com\/index.php?rest_route=\/wp\/v2\/users\/2"}],"replies":[{"embeddable":true,"href":"https:\/\/plumanegranoticias.com\/index.php?rest_route=%2Fwp%2Fv2%2Fcomments&post=13718"}],"version-history":[{"count":1,"href":"https:\/\/plumanegranoticias.com\/index.php?rest_route=\/wp\/v2\/posts\/13718\/revisions"}],"predecessor-version":[{"id":13719,"href":"https:\/\/plumanegranoticias.com\/index.php?rest_route=\/wp\/v2\/posts\/13718\/revisions\/13719"}],"wp:featuredmedia":[{"embeddable":true,"href":"https:\/\/plumanegranoticias.com\/index.php?rest_route=\/wp\/v2\/media\/13720"}],"wp:attachment":[{"href":"https:\/\/plumanegranoticias.com\/index.php?rest_route=%2Fwp%2Fv2%2Fmedia&parent=13718"}],"wp:term":[{"taxonomy":"category","embeddable":true,"href":"https:\/\/plumanegranoticias.com\/index.php?rest_route=%2Fwp%2Fv2%2Fcategories&post=13718"},{"taxonomy":"post_tag","embeddable":true,"href":"https:\/\/plumanegranoticias.com\/index.php?rest_route=%2Fwp%2Fv2%2Ftags&post=13718"}],"curies":[{"name":"wp","href":"https:\/\/api.w.org\/{rel}","templated":true}]}}