{"id":13726,"date":"2026-01-28T09:16:04","date_gmt":"2026-01-28T15:16:04","guid":{"rendered":"https:\/\/plumanegranoticias.com\/?p=13726"},"modified":"2026-01-28T09:17:48","modified_gmt":"2026-01-28T15:17:48","slug":"detienen-a-maquinista-de-trenazo-en-oaxaca","status":"publish","type":"post","link":"https:\/\/plumanegranoticias.com\/?p=13726","title":{"rendered":"DETIENEN A MAQUINISTA DE TRENAZO EN OAXACA"},"content":{"rendered":"\n<p>El maquinista del tren de pasajeros Interoce\u00e1nico que descarril\u00f3 en la zona del Istmo fue detenido en Chiapas tras\u00a0 los peritajes que lo se\u00f1alan como responsable de exceso de Veracruz <\/p>\n\n\n\n<p>Se trata de Felipe de Jes\u00fas N quien fue detenido anoche en Palenque Chiapas, confirmaron autoridades federales.<\/p>\n\n\n\n<p>El accidente se registr\u00f3 el 28 de diciembre pasado en los l\u00edmites de Oaxaca y Veracruz en la ruta del Interoce\u00e1nico y dej\u00f3 un saldo de 14 personas sin vida.<\/p>\n\n\n\n<figure class=\"wp-block-image size-large\"><img loading=\"lazy\" decoding=\"async\" width=\"1024\" height=\"768\" src=\"https:\/\/plumanegranoticias.com\/wp-content\/uploads\/2026\/01\/img-20251228-wa008318640372777507091587-1024x768.jpg\" alt=\"\" class=\"wp-image-13723\" srcset=\"https:\/\/plumanegranoticias.com\/wp-content\/uploads\/2026\/01\/img-20251228-wa008318640372777507091587-1024x768.jpg 1024w, https:\/\/plumanegranoticias.com\/wp-content\/uploads\/2026\/01\/img-20251228-wa008318640372777507091587-300x225.jpg 300w, https:\/\/plumanegranoticias.com\/wp-content\/uploads\/2026\/01\/img-20251228-wa008318640372777507091587-768x576.jpg 768w, https:\/\/plumanegranoticias.com\/wp-content\/uploads\/2026\/01\/img-20251228-wa008318640372777507091587-400x300.jpg 400w, https:\/\/plumanegranoticias.com\/wp-content\/uploads\/2026\/01\/img-20251228-wa008318640372777507091587.jpg 1200w\" sizes=\"auto, (max-width: 1024px) 100vw, 1024px\" \/><\/figure>\n\n\n\n<figure class=\"wp-block-image\"><img loading=\"lazy\" decoding=\"async\" width=\"1024\" height=\"768\" src=\"https:\/\/plumanegranoticias.com\/wp-content\/uploads\/2026\/01\/img-20251228-wa00823962273679838591328-1024x768.jpg\" alt=\"\" class=\"wp-image-13722\" srcset=\"https:\/\/plumanegranoticias.com\/wp-content\/uploads\/2026\/01\/img-20251228-wa00823962273679838591328-1024x768.jpg 1024w, https:\/\/plumanegranoticias.com\/wp-content\/uploads\/2026\/01\/img-20251228-wa00823962273679838591328-300x225.jpg 300w, https:\/\/plumanegranoticias.com\/wp-content\/uploads\/2026\/01\/img-20251228-wa00823962273679838591328-768x576.jpg 768w, https:\/\/plumanegranoticias.com\/wp-content\/uploads\/2026\/01\/img-20251228-wa00823962273679838591328-400x300.jpg 400w, https:\/\/plumanegranoticias.com\/wp-content\/uploads\/2026\/01\/img-20251228-wa00823962273679838591328.jpg 1280w\" sizes=\"auto, (max-width: 1024px) 100vw, 1024px\" \/><\/figure>\n\n\n\n<figure class=\"wp-block-image\"><img loading=\"lazy\" decoding=\"async\" width=\"845\" height=\"1024\" src=\"https:\/\/plumanegranoticias.com\/wp-content\/uploads\/2026\/01\/img-20251228-wa00873353676368832655502-845x1024.jpg\" alt=\"\" class=\"wp-image-13721\" srcset=\"https:\/\/plumanegranoticias.com\/wp-content\/uploads\/2026\/01\/img-20251228-wa00873353676368832655502-845x1024.jpg 845w, https:\/\/plumanegranoticias.com\/wp-content\/uploads\/2026\/01\/img-20251228-wa00873353676368832655502-248x300.jpg 248w, https:\/\/plumanegranoticias.com\/wp-content\/uploads\/2026\/01\/img-20251228-wa00873353676368832655502-768x931.jpg 768w, https:\/\/plumanegranoticias.com\/wp-content\/uploads\/2026\/01\/img-20251228-wa00873353676368832655502.jpg 1198w\" sizes=\"auto, (max-width: 845px) 100vw, 845px\" \/><\/figure>\n\n\n\n<figure class=\"wp-block-image\"><img loading=\"lazy\" decoding=\"async\" width=\"771\" height=\"1024\" src=\"https:\/\/plumanegranoticias.com\/wp-content\/uploads\/2026\/01\/img-20251228-wa00898249273602622439717-771x1024.jpg\" alt=\"\" class=\"wp-image-13725\" srcset=\"https:\/\/plumanegranoticias.com\/wp-content\/uploads\/2026\/01\/img-20251228-wa00898249273602622439717-771x1024.jpg 771w, https:\/\/plumanegranoticias.com\/wp-content\/uploads\/2026\/01\/img-20251228-wa00898249273602622439717-226x300.jpg 226w, https:\/\/plumanegranoticias.com\/wp-content\/uploads\/2026\/01\/img-20251228-wa00898249273602622439717-768x1021.jpg 768w, https:\/\/plumanegranoticias.com\/wp-content\/uploads\/2026\/01\/img-20251228-wa00898249273602622439717-1156x1536.jpg 1156w, https:\/\/plumanegranoticias.com\/wp-content\/uploads\/2026\/01\/img-20251228-wa00898249273602622439717.jpg 1204w\" sizes=\"auto, (max-width: 771px) 100vw, 771px\" \/><\/figure>\n\n\n\n<figure class=\"wp-block-image\"><img loading=\"lazy\" decoding=\"async\" width=\"1024\" height=\"768\" src=\"https:\/\/plumanegranoticias.com\/wp-content\/uploads\/2026\/01\/img-20251228-wa00838142518248772454894-1024x768.jpg\" alt=\"\" class=\"wp-image-13724\" srcset=\"https:\/\/plumanegranoticias.com\/wp-content\/uploads\/2026\/01\/img-20251228-wa00838142518248772454894-1024x768.jpg 1024w, https:\/\/plumanegranoticias.com\/wp-content\/uploads\/2026\/01\/img-20251228-wa00838142518248772454894-300x225.jpg 300w, https:\/\/plumanegranoticias.com\/wp-content\/uploads\/2026\/01\/img-20251228-wa00838142518248772454894-768x576.jpg 768w, https:\/\/plumanegranoticias.com\/wp-content\/uploads\/2026\/01\/img-20251228-wa00838142518248772454894-400x300.jpg 400w, https:\/\/plumanegranoticias.com\/wp-content\/uploads\/2026\/01\/img-20251228-wa00838142518248772454894.jpg 1200w\" sizes=\"auto, (max-width: 1024px) 100vw, 1024px\" \/><\/figure>\n","protected":false},"excerpt":{"rendered":"<p>El maquinista del tren de pasajeros Interoce\u00e1nico que descarril\u00f3 en la zona del Istmo fue detenido en Chiapas tras\u00a0 los peritajes que lo se\u00f1alan como responsable de exceso de Veracruz Se trata de Felipe de Jes\u00fas N quien fue detenido anoche en Palenque Chiapas, confirmaron autoridades federales. El accidente se registr\u00f3 el 28 de diciembre&#8230; <\/p>\n<div class=\"clear\"><\/div>\n<p><a href=\"https:\/\/plumanegranoticias.com\/?p=13726\" class=\"excerpt-read-more\">Read More<i class=\"fa fa-caret-right icon-caret-right\"><\/i><\/a><\/p>\n","protected":false},"author":2,"featured_media":13728,"comment_status":"open","ping_status":"open","sticky":false,"template":"","format":"standard","meta":{"om_disable_all_campaigns":false,"_monsterinsights_skip_tracking":false,"_monsterinsights_sitenote_active":false,"_monsterinsights_sitenote_note":"","_monsterinsights_sitenote_category":0,"_uf_show_specific_survey":0,"_uf_disable_surveys":false,"footnotes":""},"categories":[13,16,67,8,12],"tags":[22,18,30,34,61],"class_list":["post-13726","post","type-post","status-publish","format-standard","has-post-thumbnail","hentry","category-nota-roja","category-plumazos","category-policiaca","category-politica","category-regional","tag-nota-roja","tag-noticia","tag-plumazos","tag-policiaca","tag-politica"],"aioseo_notices":[],"_links":{"self":[{"href":"https:\/\/plumanegranoticias.com\/index.php?rest_route=\/wp\/v2\/posts\/13726","targetHints":{"allow":["GET"]}}],"collection":[{"href":"https:\/\/plumanegranoticias.com\/index.php?rest_route=\/wp\/v2\/posts"}],"about":[{"href":"https:\/\/plumanegranoticias.com\/index.php?rest_route=\/wp\/v2\/types\/post"}],"author":[{"embeddable":true,"href":"https:\/\/plumanegranoticias.com\/index.php?rest_route=\/wp\/v2\/users\/2"}],"replies":[{"embeddable":true,"href":"https:\/\/plumanegranoticias.com\/index.php?rest_route=%2Fwp%2Fv2%2Fcomments&post=13726"}],"version-history":[{"count":1,"href":"https:\/\/plumanegranoticias.com\/index.php?rest_route=\/wp\/v2\/posts\/13726\/revisions"}],"predecessor-version":[{"id":13727,"href":"https:\/\/plumanegranoticias.com\/index.php?rest_route=\/wp\/v2\/posts\/13726\/revisions\/13727"}],"wp:featuredmedia":[{"embeddable":true,"href":"https:\/\/plumanegranoticias.com\/index.php?rest_route=\/wp\/v2\/media\/13728"}],"wp:attachment":[{"href":"https:\/\/plumanegranoticias.com\/index.php?rest_route=%2Fwp%2Fv2%2Fmedia&parent=13726"}],"wp:term":[{"taxonomy":"category","embeddable":true,"href":"https:\/\/plumanegranoticias.com\/index.php?rest_route=%2Fwp%2Fv2%2Fcategories&post=13726"},{"taxonomy":"post_tag","embeddable":true,"href":"https:\/\/plumanegranoticias.com\/index.php?rest_route=%2Fwp%2Fv2%2Ftags&post=13726"}],"curies":[{"name":"wp","href":"https:\/\/api.w.org\/{rel}","templated":true}]}}