{"id":13743,"date":"2026-01-28T10:01:48","date_gmt":"2026-01-28T16:01:48","guid":{"rendered":"https:\/\/plumanegranoticias.com\/?p=13743"},"modified":"2026-01-28T10:02:07","modified_gmt":"2026-01-28T16:02:07","slug":"martha-docente-y-catequista-asesinada-en-agua-dulce-veracruz","status":"publish","type":"post","link":"https:\/\/plumanegranoticias.com\/?p=13743","title":{"rendered":"Martha: docente y catequista asesinada en Agua Dulce, Veracruz"},"content":{"rendered":"\n<p>El crimen ha sacudido al sur de Veracruz, tras encontrar el cad\u00e1ver de la docente calcinado frente a su domicilio<\/p>\n\n\n\n<p>Fluvio Cesar Mart\u00ednez\/ Especial<br>Veracruz. \u2013 En el lugar donde fue abandonado el cad\u00e1ver calcinado de la maestra Martha P\u00e9rez Gonz\u00e1lez se ha formado una poza de agua por la lluvia acumulada. Es la entrada a su domicilio, una vivienda color azul donde se habr\u00eda cometido un crimen que marc\u00f3 a Agua Dulce, municipio ubicado al sur del estado de Veracruz.<\/p>\n\n\n\n<p>En las inmediaciones a la escena del crimen se aprecia una cuneta de concreto, donde hay basura y troncos quemados; todo ello, se presume, fue ocupado para calcinar el cuerpo de la maestra del nivel preescolar y borrar toda evidencia.<\/p>\n\n\n\n<p>De acuerdo con los primeros reportes de autoridades, Martha P\u00e9rez fue ahorcada y apu\u00f1alada para privarla de la vida. Por este hecho hay dos detenidos: su hija, J. De 16 a\u00f1os, y P., novio de su hija, de la misma edad.<\/p>\n\n\n\n<p>El crimen fue descubierto por vecinos que dieron aviso a las autoridades, la ma\u00f1ana del 26 de enero; seis horas despu\u00e9s, los dos adolescentes fueron detenidos cuando se trasladaban a bordo del autom\u00f3vil particular de la docente.<\/p>\n\n\n\n<p>\u201cElla (Martha) viv\u00eda sola con su hija aqu\u00ed frente a nuestra casa, todo iba bien, nosotros no escuchamos nada de su hija, pero a veces otros intervienen y como son chamacos no saben lo que hacen; como familia no le damos cr\u00e9dito a lo que sucedi\u00f3\u201d, dijo el se\u00f1or Humberto Ramos, cu\u00f1ado de la v\u00edctima.<\/p>\n\n\n\n<p><em>Cintas amarillas y una veladora resguardan la vivienda de Martha<\/em><\/p>\n\n\n\n<p>La vivienda que habit\u00f3 Martha y su hija, ubicada en la colonia kil\u00f3metro dos, permanece acordonada y con sellos de aseguramiento de la Fiscal\u00eda General del Estado (FGE); debajo de la puerta principal hay una veladora encendida que coloraron familiares de la v\u00edctima y de la hoy detenida.<\/p>\n\n\n\n<p>Sobre la carretera a Rabasa, donde se ubica la casa de Martha, invade un silencio estremecedor que envuelve a los vecinos del sector. Todos los automovilistas que cruzan no dudan en voltear a ver la vivienda de Martha.<\/p>\n\n\n\n<p>Durante un recorrido realizado por este medio, se pudo observar que dentro de la casa hay algunas pertenencias regadas por todas partes, quiz\u00e1, consecuencia del crimen. Los primeros reportes indican que la mujer de 53 a\u00f1os de edad fue privada de la vida en su rec\u00e1mara.<\/p>\n\n\n\n<p>Los responsables habr\u00edan sacado el cuerpo de la docente y lo colocaron en una cuneta donde pasa el agua; prendieron basura con fuego para borrar evidencias pero eso no ocurri\u00f3.<\/p>\n\n\n\n<p>\u201cNo hay modo de explicar esta situaci\u00f3n tan terrible, es muy dif\u00edcil decir, dar un diagn\u00f3stico de que pas\u00f3 y porqu\u00e9 pas\u00f3; no hay palabras\u201d, expresa la maestra Marcela Monroy, quien asegura conocer a Martha desde peque\u00f1as.<\/p>\n\n\n\n<p><em>A\u00fan no se define situaci\u00f3n legal de detenidos<\/em><\/p>\n\n\n\n<p>Los dos detenidos permanecen en la Unidad Integral de Justicia de Coatzacoalcos y podr\u00edan ser presentados ante jueces del Sistema de Responsabilidad Juvenil, y posteriormente al Centro de Internamiento Especial para Adolescentes, ubicado en la poblaci\u00f3n de Palma Sola, en Actopan, Veracruz.<\/p>\n\n\n\n<p><em>Devota a la iglesia cat\u00f3lica, y transmit\u00eda mucho cari\u00f1o a sus alumnos y vecinos<\/em><\/p>\n\n\n\n<p>Martha era catequista en la Iglesia de la Sant\u00edsima Trinidad de la colonia Kil\u00f3metro 2 en este mismo municipio de Agua Dulce y formaba a ni\u00f1os y adolescentes para que hicieran su primera comuni\u00f3n.<\/p>\n\n\n\n<p>\u201cSab\u00edamos que el chavo ya llegaba a su casa, pero nunca vimos nada sospechoso, incluso, eso nos enteramos que iban primero juntos a la iglesia, pero despu\u00e9s no sabemos que pas\u00f3\u201d, dice Humberto.<\/p>\n\n\n\n<p>Informaci\u00f3n obtenida en el lugar, indica que P. conoci\u00f3 a J. en las actividades parroquiales juveniles en donde la menor tambi\u00e9n participaba acompa\u00f1ando a su mam\u00e1 y fue ah\u00ed donde se enamor\u00f3 del joven sin imaginar como terminar\u00eda su relaci\u00f3n.<\/p>\n\n\n\n<p>\u00c1ngel Mario, era el taxista de la familia y asegura que Martha siempre demostr\u00f3 su amor y protecci\u00f3n hacia su hija. \u201cLa quer\u00eda mucho, la proteg\u00eda mucho; yo manejo un taxi y era su chofer de ellas, de la chica y de otra muchachita que se llama luc\u00eda, se llevaban muy bien, de hecho, ella le marcaba a cada rato para saber, hija ya llegaste a la escuela y as\u00ed\u201d, expres\u00f3 el taxista.<\/p>\n\n\n\n<p><em>Esperan arribo del cuerpo<\/em><\/p>\n\n\n\n<p>El cuerpo de la maestra a\u00fan no ha sido entregado a sus familiares, pues est\u00e1 siendo sometidos a estudios de ADN como protocolo legal para acreditar su Identidad, toda vez que sus restos quedaron calcinados, por lo que es un requisito legal practicarle estudios forenses que ser\u00e1n anexados en la Carpeta de Investigaci\u00f3n iniciada.<\/p>\n\n\n\n<p>Desde el mediod\u00eda de este martes, amigos y compa\u00f1eros docentes de Martha, han comenzado a llegar a su casa, para preguntar sobre el funeral, aunque no se ha confirmado la hora.<\/p>\n\n\n\n<p>\u201cDe verdad es que es incre\u00edble, lo que pas\u00f3, Martha no se met\u00eda con nadie, era una madre y una maestra amorosa, de hecho, aqu\u00ed nos crecimos juntas\u201d, reitera Marcela.<\/p>\n\n\n\n<p>En el k\u00ednder &#8220;Leopoldo Lagunes&#8221; en donde laboraba la maestra Martha, este martes se suspendieron las actividades escolares en se\u00f1al de duelo, y la entrada del plantel colocaron una veladora y unas flores en memoria de la educadora Martha.<\/p>\n\n\n\n<p>En redes sociales, cientos de usuarios han manifestado su indignaci\u00f3n por este crimen, siendo el principal cuestionamiento, el motivo que llev\u00f3 a Jana a privar de la vida a su mam\u00e1.<\/p>\n\n\n\n<figure class=\"wp-block-image size-large\"><img loading=\"lazy\" decoding=\"async\" width=\"1024\" height=\"768\" src=\"https:\/\/plumanegranoticias.com\/wp-content\/uploads\/2026\/01\/img-20260128-wa00918635663998074149357-1024x768.jpg\" alt=\"\" class=\"wp-image-13742\" srcset=\"https:\/\/plumanegranoticias.com\/wp-content\/uploads\/2026\/01\/img-20260128-wa00918635663998074149357-1024x768.jpg 1024w, https:\/\/plumanegranoticias.com\/wp-content\/uploads\/2026\/01\/img-20260128-wa00918635663998074149357-300x225.jpg 300w, https:\/\/plumanegranoticias.com\/wp-content\/uploads\/2026\/01\/img-20260128-wa00918635663998074149357-768x576.jpg 768w, https:\/\/plumanegranoticias.com\/wp-content\/uploads\/2026\/01\/img-20260128-wa00918635663998074149357-1536x1152.jpg 1536w, https:\/\/plumanegranoticias.com\/wp-content\/uploads\/2026\/01\/img-20260128-wa00918635663998074149357-400x300.jpg 400w, https:\/\/plumanegranoticias.com\/wp-content\/uploads\/2026\/01\/img-20260128-wa00918635663998074149357.jpg 1600w\" sizes=\"auto, (max-width: 1024px) 100vw, 1024px\" \/><\/figure>\n\n\n\n<figure class=\"wp-block-image\"><img loading=\"lazy\" decoding=\"async\" width=\"713\" height=\"1024\" src=\"https:\/\/plumanegranoticias.com\/wp-content\/uploads\/2026\/01\/img-20260128-wa00935796234955588121252-713x1024.jpg\" alt=\"\" class=\"wp-image-13741\" srcset=\"https:\/\/plumanegranoticias.com\/wp-content\/uploads\/2026\/01\/img-20260128-wa00935796234955588121252-713x1024.jpg 713w, https:\/\/plumanegranoticias.com\/wp-content\/uploads\/2026\/01\/img-20260128-wa00935796234955588121252-209x300.jpg 209w, https:\/\/plumanegranoticias.com\/wp-content\/uploads\/2026\/01\/img-20260128-wa00935796234955588121252-768x1103.jpg 768w, https:\/\/plumanegranoticias.com\/wp-content\/uploads\/2026\/01\/img-20260128-wa00935796234955588121252-1069x1536.jpg 1069w, https:\/\/plumanegranoticias.com\/wp-content\/uploads\/2026\/01\/img-20260128-wa00935796234955588121252.jpg 1114w\" sizes=\"auto, (max-width: 713px) 100vw, 713px\" \/><\/figure>\n\n\n\n<figure class=\"wp-block-image\"><img loading=\"lazy\" decoding=\"async\" width=\"1024\" height=\"404\" src=\"https:\/\/plumanegranoticias.com\/wp-content\/uploads\/2026\/01\/img-20260128-wa00712072078436322688172-1024x404.jpg\" alt=\"\" class=\"wp-image-13740\" srcset=\"https:\/\/plumanegranoticias.com\/wp-content\/uploads\/2026\/01\/img-20260128-wa00712072078436322688172-1024x404.jpg 1024w, https:\/\/plumanegranoticias.com\/wp-content\/uploads\/2026\/01\/img-20260128-wa00712072078436322688172-300x118.jpg 300w, https:\/\/plumanegranoticias.com\/wp-content\/uploads\/2026\/01\/img-20260128-wa00712072078436322688172-768x303.jpg 768w, https:\/\/plumanegranoticias.com\/wp-content\/uploads\/2026\/01\/img-20260128-wa00712072078436322688172-1536x606.jpg 1536w, https:\/\/plumanegranoticias.com\/wp-content\/uploads\/2026\/01\/img-20260128-wa00712072078436322688172.jpg 1600w\" sizes=\"auto, (max-width: 1024px) 100vw, 1024px\" \/><\/figure>\n","protected":false},"excerpt":{"rendered":"<p>El crimen ha sacudido al sur de Veracruz, tras encontrar el cad\u00e1ver de la docente calcinado frente a su domicilio Fluvio Cesar Mart\u00ednez\/ EspecialVeracruz. \u2013 En el lugar donde fue abandonado el cad\u00e1ver calcinado de la maestra Martha P\u00e9rez Gonz\u00e1lez se ha formado una poza de agua por la lluvia acumulada. Es la entrada a&#8230; <\/p>\n<div class=\"clear\"><\/div>\n<p><a href=\"https:\/\/plumanegranoticias.com\/?p=13743\" class=\"excerpt-read-more\">Read More<i class=\"fa fa-caret-right icon-caret-right\"><\/i><\/a><\/p>\n","protected":false},"author":2,"featured_media":13745,"comment_status":"open","ping_status":"open","sticky":false,"template":"","format":"standard","meta":{"om_disable_all_campaigns":false,"_monsterinsights_skip_tracking":false,"_monsterinsights_sitenote_active":false,"_monsterinsights_sitenote_note":"","_monsterinsights_sitenote_category":0,"_uf_show_specific_survey":0,"_uf_disable_surveys":false,"footnotes":""},"categories":[13,67,8,12],"tags":[20,22,18],"class_list":["post-13743","post","type-post","status-publish","format-standard","has-post-thumbnail","hentry","category-nota-roja","category-policiaca","category-politica","category-regional","tag-negocios","tag-nota-roja","tag-noticia"],"aioseo_notices":[],"_links":{"self":[{"href":"https:\/\/plumanegranoticias.com\/index.php?rest_route=\/wp\/v2\/posts\/13743","targetHints":{"allow":["GET"]}}],"collection":[{"href":"https:\/\/plumanegranoticias.com\/index.php?rest_route=\/wp\/v2\/posts"}],"about":[{"href":"https:\/\/plumanegranoticias.com\/index.php?rest_route=\/wp\/v2\/types\/post"}],"author":[{"embeddable":true,"href":"https:\/\/plumanegranoticias.com\/index.php?rest_route=\/wp\/v2\/users\/2"}],"replies":[{"embeddable":true,"href":"https:\/\/plumanegranoticias.com\/index.php?rest_route=%2Fwp%2Fv2%2Fcomments&post=13743"}],"version-history":[{"count":1,"href":"https:\/\/plumanegranoticias.com\/index.php?rest_route=\/wp\/v2\/posts\/13743\/revisions"}],"predecessor-version":[{"id":13744,"href":"https:\/\/plumanegranoticias.com\/index.php?rest_route=\/wp\/v2\/posts\/13743\/revisions\/13744"}],"wp:featuredmedia":[{"embeddable":true,"href":"https:\/\/plumanegranoticias.com\/index.php?rest_route=\/wp\/v2\/media\/13745"}],"wp:attachment":[{"href":"https:\/\/plumanegranoticias.com\/index.php?rest_route=%2Fwp%2Fv2%2Fmedia&parent=13743"}],"wp:term":[{"taxonomy":"category","embeddable":true,"href":"https:\/\/plumanegranoticias.com\/index.php?rest_route=%2Fwp%2Fv2%2Fcategories&post=13743"},{"taxonomy":"post_tag","embeddable":true,"href":"https:\/\/plumanegranoticias.com\/index.php?rest_route=%2Fwp%2Fv2%2Ftags&post=13743"}],"curies":[{"name":"wp","href":"https:\/\/api.w.org\/{rel}","templated":true}]}}