{"id":13753,"date":"2026-01-28T10:27:31","date_gmt":"2026-01-28T16:27:31","guid":{"rendered":"https:\/\/plumanegranoticias.com\/?p=13753"},"modified":"2026-01-28T10:27:52","modified_gmt":"2026-01-28T16:27:52","slug":"reporte-de-persona-desaparecida-en-maltrata-veracruz","status":"publish","type":"post","link":"https:\/\/plumanegranoticias.com\/?p=13753","title":{"rendered":"Reporte de persona desaparecida en Maltrata, Veracruz."},"content":{"rendered":"\n<p>Por GerardoLuna.mx<br>@destacar<br>Maltrata, Ver.\u2013 Autoridades, familiares y ciudadan\u00eda mantienen un llamado urgente para la localizaci\u00f3n de Charlie Emmanuel Andrade Lera, de 27 a\u00f1os de edad, quien fue reportado como desaparecido desde la noche del domingo 26 de enero.<br>De acuerdo con la informaci\u00f3n proporcionada por sus familiares, Charlie Emmanuel sali\u00f3 de su domicilio alrededor de las 21:30 horas con el objetivo de realizar una recarga telef\u00f3nica en calle Matamoros #2, Secci\u00f3n Tercera, Maltrata, sin que regresara posteriormente a su vivienda, lo que gener\u00f3 preocupaci\u00f3n inmediata entre sus seres queridos.<br>Desde ese momento, se desconoce su paradero.<br>La familia ha solicitado formalmente el apoyo de todas las autoridades competentes para la localizaci\u00f3n de la persona, as\u00ed como para determinar si pudiera haber sido v\u00edctima de la comisi\u00f3n de alg\u00fan delito.<br>Asimismo, se ha difundido la informaci\u00f3n a trav\u00e9s de diversos medios de comunicaci\u00f3n y redes sociales con el objetivo de ampliar el alcance de la b\u00fasqueda.<br>Vestimenta al momento de su desaparici\u00f3n:<br>Pants gris con rayas blancas a los costados, Sudadera color crema, Chaleco azul marino, Caracter\u00edsticas f\u00edsicas: Ojos caf\u00e9 oscuro, Piel morena, Barba.<br>Los familiares han solicitado el apoyo de la ciudadan\u00eda para que, en caso de contar con cualquier informaci\u00f3n, por m\u00ednima que parezca, sea comunicada de inmediato, ya sea a las autoridades correspondientes o directamente a los familiares, quienes se mantienen atentos a cualquier dato que pueda contribuir a su localizaci\u00f3n.<br>Asimismo, se exhorta a la poblaci\u00f3n a compartir esta informaci\u00f3n con el fin de ampliar la difusi\u00f3n y facilitar la pronta localizaci\u00f3n de Charlie Emmanuel Andrade Lera.<br>Cualquier dato puede ser determinante para el esclarecimiento de su paradero y para que pueda regresar con bien a su hogar.<\/p>\n\n\n\n<figure class=\"wp-block-image size-large\"><img loading=\"lazy\" decoding=\"async\" width=\"768\" height=\"1024\" src=\"https:\/\/plumanegranoticias.com\/wp-content\/uploads\/2026\/01\/img-20260128-wa00728327134401617316091-768x1024.jpg\" alt=\"\" class=\"wp-image-13752\" srcset=\"https:\/\/plumanegranoticias.com\/wp-content\/uploads\/2026\/01\/img-20260128-wa00728327134401617316091-768x1024.jpg 768w, https:\/\/plumanegranoticias.com\/wp-content\/uploads\/2026\/01\/img-20260128-wa00728327134401617316091-225x300.jpg 225w, https:\/\/plumanegranoticias.com\/wp-content\/uploads\/2026\/01\/img-20260128-wa00728327134401617316091.jpg 960w\" sizes=\"auto, (max-width: 768px) 100vw, 768px\" \/><\/figure>\n","protected":false},"excerpt":{"rendered":"<p>Por GerardoLuna.mx@destacarMaltrata, Ver.\u2013 Autoridades, familiares y ciudadan\u00eda mantienen un llamado urgente para la localizaci\u00f3n de Charlie Emmanuel Andrade Lera, de 27 a\u00f1os de edad, quien fue reportado como desaparecido desde la noche del domingo 26 de enero.De acuerdo con la informaci\u00f3n proporcionada por sus familiares, Charlie Emmanuel sali\u00f3 de su domicilio alrededor de las 21:30&#8230; <\/p>\n<div class=\"clear\"><\/div>\n<p><a href=\"https:\/\/plumanegranoticias.com\/?p=13753\" class=\"excerpt-read-more\">Read More<i class=\"fa fa-caret-right icon-caret-right\"><\/i><\/a><\/p>\n","protected":false},"author":2,"featured_media":13755,"comment_status":"open","ping_status":"open","sticky":false,"template":"","format":"standard","meta":{"om_disable_all_campaigns":false,"_monsterinsights_skip_tracking":false,"_monsterinsights_sitenote_active":false,"_monsterinsights_sitenote_note":"","_monsterinsights_sitenote_category":0,"_uf_show_specific_survey":0,"_uf_disable_surveys":false,"footnotes":""},"categories":[13],"tags":[22,18],"class_list":["post-13753","post","type-post","status-publish","format-standard","has-post-thumbnail","hentry","category-nota-roja","tag-nota-roja","tag-noticia"],"aioseo_notices":[],"_links":{"self":[{"href":"https:\/\/plumanegranoticias.com\/index.php?rest_route=\/wp\/v2\/posts\/13753","targetHints":{"allow":["GET"]}}],"collection":[{"href":"https:\/\/plumanegranoticias.com\/index.php?rest_route=\/wp\/v2\/posts"}],"about":[{"href":"https:\/\/plumanegranoticias.com\/index.php?rest_route=\/wp\/v2\/types\/post"}],"author":[{"embeddable":true,"href":"https:\/\/plumanegranoticias.com\/index.php?rest_route=\/wp\/v2\/users\/2"}],"replies":[{"embeddable":true,"href":"https:\/\/plumanegranoticias.com\/index.php?rest_route=%2Fwp%2Fv2%2Fcomments&post=13753"}],"version-history":[{"count":1,"href":"https:\/\/plumanegranoticias.com\/index.php?rest_route=\/wp\/v2\/posts\/13753\/revisions"}],"predecessor-version":[{"id":13754,"href":"https:\/\/plumanegranoticias.com\/index.php?rest_route=\/wp\/v2\/posts\/13753\/revisions\/13754"}],"wp:featuredmedia":[{"embeddable":true,"href":"https:\/\/plumanegranoticias.com\/index.php?rest_route=\/wp\/v2\/media\/13755"}],"wp:attachment":[{"href":"https:\/\/plumanegranoticias.com\/index.php?rest_route=%2Fwp%2Fv2%2Fmedia&parent=13753"}],"wp:term":[{"taxonomy":"category","embeddable":true,"href":"https:\/\/plumanegranoticias.com\/index.php?rest_route=%2Fwp%2Fv2%2Fcategories&post=13753"},{"taxonomy":"post_tag","embeddable":true,"href":"https:\/\/plumanegranoticias.com\/index.php?rest_route=%2Fwp%2Fv2%2Ftags&post=13753"}],"curies":[{"name":"wp","href":"https:\/\/api.w.org\/{rel}","templated":true}]}}