{"id":13764,"date":"2026-01-28T11:28:14","date_gmt":"2026-01-28T17:28:14","guid":{"rendered":"https:\/\/plumanegranoticias.com\/?p=13764"},"modified":"2026-01-28T11:28:38","modified_gmt":"2026-01-28T17:28:38","slug":"alcalde-de-jesus-carranza-se-pasa-a-morena-admite-que-uso-al-pan-como-instrumento-para-lograr-el-triunfo","status":"publish","type":"post","link":"https:\/\/plumanegranoticias.com\/?p=13764","title":{"rendered":"Alcalde de Jes\u00fas Carranza se pasa a Morena, admite que us\u00f3 al PAN como instrumento para lograr el triunfo"},"content":{"rendered":"\n<p>Dice que nunca se afili\u00f3 al PAN, m\u00e1s bien siempre comulg\u00f3 y hasta trabaj\u00f3 para el Movimiento<\/p>\n\n\n\n<p>-Har\u00e1n bloque regional de alcaldes del sur para obtener apoyos del Gobierno<\/p>\n\n\n\n<p>\u00c1ngeles Gonz\u00e1lez Ceballos<br>Xalapa, Ver., El alcalde del municipio de Jes\u00fas Carranza, Ranferi Plata Rodr\u00edguez, quien logr\u00f3 el triunfo por el PAN, anunci\u00f3 este mi\u00e9rcoles que se pasa a las filas de Morena, porque comulga con la ideolog\u00eda de Morena, de la Presidenta y de la Gobernadora.<\/p>\n\n\n\n<p>Adem\u00e1s, revel\u00f3 que los alcaldes del sur quieren o har\u00e1n un bloque regional con Sayula de Alem\u00e1n, Minatitl\u00e1n, entre otros que tienen vocaci\u00f3n ganadera, para ayudar al tema del gusano barrenador y en general para lograr mayores beneficios de los gobiernos estatal y federal.<\/p>\n\n\n\n<p>&#8220;Vamos a trabajar coordinadamente con la Gobernadora, simpatizamos con el Movimiento, yo nazco con el Movimiento realmente, pero por circunstancias ajenas a nosotros, no fuimos favorecidos con la selecci\u00f3n.<\/p>\n\n\n\n<p>Pero al final del d\u00eda nosotros nacemos, trabajamos y crecimos con el Movimiento, pero la idea es trabajar y adem\u00e1s simpatizamos con la ideolog\u00eda de la Presidenta y de la Gobernadora&#8221;, expres\u00f3 en conferencia de prensa.<\/p>\n\n\n\n<p>Asegur\u00f3 que todas las acciones que lleve a cabo ser\u00e1n en beneficio de los ciudadanos.<\/p>\n\n\n\n<p>&#8220;M\u00e1s que nada un anuncio para reafirmar el compromiso que yo tengo con el municipio de que vamos a trabajar y de que vamos a hacer todo lo posible para poder hacer equipo tanto con la Gobernadora como con la Presidenta.<\/p>\n\n\n\n<p>Sobre todo lo intentamos por la situaci\u00f3n en la que mi municipio est\u00e1, en un trabajo conjunto de todas las comunidades para poder realizar ese sue\u00f1o que toda la regi\u00f3n sur tiene para tener mejores condiciones de desarrollo&#8221;, expres\u00f3.<\/p>\n\n\n\n<p>Cuestionado sobre qu\u00e9 opinan los integrantes de su Cabildo, respondi\u00f3 que aunque son de varios partidos y piensan distinto, todos tienen algo en com\u00fan, que quieren que le vaya bien a Veracruz.<\/p>\n\n\n\n<p>&#8220;Todo mi cabildo me respalda y de hecho antes de venir para ac\u00e1 tuvimos una reuni\u00f3n para hacerle saber las actividades que vamos a estar haciendo para encontrar esta comuni\u00f3n con el gobierno del Estado y el gobierno Federal, ya que Jes\u00fas Carranza es parte importante del Corredor Interoce\u00e1nico y tenemos la necesidad de trabajar coordinadamente los tres \u00f3rdenes de Gobierno&#8221;, afirm\u00f3.<\/p>\n\n\n\n<p>Plata Rodr\u00edguez dijo que a partir de hoy es &#8220;borr\u00f3n y cuenta nueva&#8221; y que a partir de este momento se pone a disposici\u00f3n y a encontrar similitudes del Movimiento de Regeneraci\u00f3n Nacional.<\/p>\n\n\n\n<p>El Alcalde consider\u00f3 que los partidos pol\u00edticos \u00fanicamente son el medio para poder llegar al poder, de lo cual deben hacer conciencia todos.<\/p>\n\n\n\n<p>&#8220;Brincar como tal\u2026 yo nac\u00ed en el Movimiento, yo trabaj\u00e9 en el Movimiento, de hecho yo estuve en el consejo por Morena, brincar yo no lo veo as\u00ed, pero al final del d\u00eda, creo que debemos de ser institucionales y trabajar de la mano con las autoridades.<\/p>\n\n\n\n<p>Yo nunca fui militante del PAN, ser\u00eda una descripci\u00f3n un poquito fuerte (decir que us\u00f3 al PAN), porque cuando nos sentamos con Acci\u00f3n Nacional fue un tema de colaboraci\u00f3n para poder llegar, los partidos pol\u00edticos son el medio legal para poder llegar a este sue\u00f1o&#8221;, expres\u00f3.<\/p>\n\n\n\n<p>Ah\u00ed, reconoci\u00f3 que entonces m\u00e1s bien el Partido Acci\u00f3n Nacional fue una &#8220;herramienta&#8221; para poder lograr el triunfo y que una vez que lleg\u00f3 a la presidencia municipal m\u00e1s bien \u00e9l y todos deben ser apartidistas para trabajar por sus gobernados.<\/p>\n\n\n\n<p>Insisti\u00f3 en que \u00e9l jam\u00e1s se cambi\u00f3 de partido, lo que le interesa es poder trabajar de la mano con la Gobernadora y con la Presidenta, lo que debe ser m\u00e1s importante que est\u00e9 en uno u otro partido, lo importante es velar por los intereses del municipio.<\/p>\n\n\n\n<p>&#8220;En Jes\u00fas Carranza tenemos m\u00e1s o menos un 70% de alta marginaci\u00f3n, en este caso el sureste siempre se ha visto relegado, en el sexenio pasado voltearon a ver a Jes\u00fas Carranza y yo creo que si seguimos esa sinergia podemos obtener m\u00e1s apoyos para nuestras comunidades&#8221;, indic\u00f3.<\/p>\n\n\n\n<figure class=\"wp-block-image size-large\"><img loading=\"lazy\" decoding=\"async\" width=\"1024\" height=\"576\" src=\"https:\/\/plumanegranoticias.com\/wp-content\/uploads\/2026\/01\/img-20260128-wa01164077230078223477224-1024x576.jpg\" alt=\"\" class=\"wp-image-13762\" srcset=\"https:\/\/plumanegranoticias.com\/wp-content\/uploads\/2026\/01\/img-20260128-wa01164077230078223477224-1024x576.jpg 1024w, https:\/\/plumanegranoticias.com\/wp-content\/uploads\/2026\/01\/img-20260128-wa01164077230078223477224-300x169.jpg 300w, https:\/\/plumanegranoticias.com\/wp-content\/uploads\/2026\/01\/img-20260128-wa01164077230078223477224-768x432.jpg 768w, https:\/\/plumanegranoticias.com\/wp-content\/uploads\/2026\/01\/img-20260128-wa01164077230078223477224-1536x864.jpg 1536w, https:\/\/plumanegranoticias.com\/wp-content\/uploads\/2026\/01\/img-20260128-wa01164077230078223477224.jpg 1599w\" sizes=\"auto, (max-width: 1024px) 100vw, 1024px\" \/><\/figure>\n\n\n\n<figure class=\"wp-block-image\"><img loading=\"lazy\" decoding=\"async\" width=\"1024\" height=\"683\" src=\"https:\/\/plumanegranoticias.com\/wp-content\/uploads\/2026\/01\/img-20260128-wa01182069292249224953266-1024x683.jpg\" alt=\"\" class=\"wp-image-13763\" srcset=\"https:\/\/plumanegranoticias.com\/wp-content\/uploads\/2026\/01\/img-20260128-wa01182069292249224953266-1024x683.jpg 1024w, https:\/\/plumanegranoticias.com\/wp-content\/uploads\/2026\/01\/img-20260128-wa01182069292249224953266-300x200.jpg 300w, https:\/\/plumanegranoticias.com\/wp-content\/uploads\/2026\/01\/img-20260128-wa01182069292249224953266-768x512.jpg 768w, https:\/\/plumanegranoticias.com\/wp-content\/uploads\/2026\/01\/img-20260128-wa01182069292249224953266-1536x1024.jpg 1536w, https:\/\/plumanegranoticias.com\/wp-content\/uploads\/2026\/01\/img-20260128-wa01182069292249224953266.jpg 1600w\" sizes=\"auto, (max-width: 1024px) 100vw, 1024px\" \/><\/figure>\n","protected":false},"excerpt":{"rendered":"<p>Dice que nunca se afili\u00f3 al PAN, m\u00e1s bien siempre comulg\u00f3 y hasta trabaj\u00f3 para el Movimiento -Har\u00e1n bloque regional de alcaldes del sur para obtener apoyos del Gobierno \u00c1ngeles Gonz\u00e1lez CeballosXalapa, Ver., El alcalde del municipio de Jes\u00fas Carranza, Ranferi Plata Rodr\u00edguez, quien logr\u00f3 el triunfo por el PAN, anunci\u00f3 este mi\u00e9rcoles que se&#8230; <\/p>\n<div class=\"clear\"><\/div>\n<p><a href=\"https:\/\/plumanegranoticias.com\/?p=13764\" class=\"excerpt-read-more\">Read More<i class=\"fa fa-caret-right icon-caret-right\"><\/i><\/a><\/p>\n","protected":false},"author":2,"featured_media":13766,"comment_status":"open","ping_status":"open","sticky":false,"template":"","format":"standard","meta":{"om_disable_all_campaigns":false,"_monsterinsights_skip_tracking":false,"_monsterinsights_sitenote_active":false,"_monsterinsights_sitenote_note":"","_monsterinsights_sitenote_category":0,"_uf_show_specific_survey":0,"_uf_disable_surveys":false,"footnotes":""},"categories":[67,8,12],"tags":[18,30,34],"class_list":["post-13764","post","type-post","status-publish","format-standard","has-post-thumbnail","hentry","category-policiaca","category-politica","category-regional","tag-noticia","tag-plumazos","tag-policiaca"],"aioseo_notices":[],"_links":{"self":[{"href":"https:\/\/plumanegranoticias.com\/index.php?rest_route=\/wp\/v2\/posts\/13764","targetHints":{"allow":["GET"]}}],"collection":[{"href":"https:\/\/plumanegranoticias.com\/index.php?rest_route=\/wp\/v2\/posts"}],"about":[{"href":"https:\/\/plumanegranoticias.com\/index.php?rest_route=\/wp\/v2\/types\/post"}],"author":[{"embeddable":true,"href":"https:\/\/plumanegranoticias.com\/index.php?rest_route=\/wp\/v2\/users\/2"}],"replies":[{"embeddable":true,"href":"https:\/\/plumanegranoticias.com\/index.php?rest_route=%2Fwp%2Fv2%2Fcomments&post=13764"}],"version-history":[{"count":1,"href":"https:\/\/plumanegranoticias.com\/index.php?rest_route=\/wp\/v2\/posts\/13764\/revisions"}],"predecessor-version":[{"id":13765,"href":"https:\/\/plumanegranoticias.com\/index.php?rest_route=\/wp\/v2\/posts\/13764\/revisions\/13765"}],"wp:featuredmedia":[{"embeddable":true,"href":"https:\/\/plumanegranoticias.com\/index.php?rest_route=\/wp\/v2\/media\/13766"}],"wp:attachment":[{"href":"https:\/\/plumanegranoticias.com\/index.php?rest_route=%2Fwp%2Fv2%2Fmedia&parent=13764"}],"wp:term":[{"taxonomy":"category","embeddable":true,"href":"https:\/\/plumanegranoticias.com\/index.php?rest_route=%2Fwp%2Fv2%2Fcategories&post=13764"},{"taxonomy":"post_tag","embeddable":true,"href":"https:\/\/plumanegranoticias.com\/index.php?rest_route=%2Fwp%2Fv2%2Ftags&post=13764"}],"curies":[{"name":"wp","href":"https:\/\/api.w.org\/{rel}","templated":true}]}}