{"id":13770,"date":"2026-01-28T12:14:12","date_gmt":"2026-01-28T18:14:12","guid":{"rendered":"https:\/\/plumanegranoticias.com\/?p=13770"},"modified":"2026-01-28T12:14:32","modified_gmt":"2026-01-28T18:14:32","slug":"muere-guardia-de-seguridad-de-elektra-frente-a-plazita-en-puente-moreno","status":"publish","type":"post","link":"https:\/\/plumanegranoticias.com\/?p=13770","title":{"rendered":"MUERE GUARDIA DE SEGURIDAD DE ELEKTRA FRENTE A PLAZITA EN PUENTE MORENO"},"content":{"rendered":"\n<p>Medell\u00edn de Bravo, Ver.- La ma\u00f1ana de este mi\u00e9rcoles, un hombre que laboraba como guardia de seguridad de una tienda Elektra perdi\u00f3 la vida de manera repentina cuando se encontraba a las afueras de una plazita comercial en el fraccionamiento Puente Moreno, en el municipio de Medell\u00edn de Bravo.<\/p>\n\n\n\n<p>El hecho ocurri\u00f3 sobre avenida Medell\u00edn, entre Paseo de las Flores y avenida Las Torres, donde el trabajador se desplom\u00f3 s\u00fabitamente, generando alarma entre transe\u00fantes y comerciantes de la zona.<\/p>\n\n\n\n<p>Al sitio acudieron param\u00e9dicos de Protecci\u00f3n Civil de Medell\u00edn, quienes tras valorarlo confirmaron que ya no contaba con signos vitales.<\/p>\n\n\n\n<p>La zona fue acordonada por elementos de la Polic\u00eda Estatal y Naval, quienes notificaron a la Fiscal\u00eda Regional para realizar las diligencias correspondientes y ordenar el levantamiento del cuerpo.<\/p>\n\n\n\n<p>Hasta el momento, se presume que el deceso fue por causas naturales, aunque ser\u00e1 la autoridad ministerial quien determine oficialmente las causas del fallecimiento.<\/p>\n\n\n\n<figure class=\"wp-block-image size-large\"><img loading=\"lazy\" decoding=\"async\" width=\"1024\" height=\"683\" src=\"https:\/\/plumanegranoticias.com\/wp-content\/uploads\/2026\/01\/img-20260128-wa01318829800187485390450-1024x683.jpg\" alt=\"\" class=\"wp-image-13767\" srcset=\"https:\/\/plumanegranoticias.com\/wp-content\/uploads\/2026\/01\/img-20260128-wa01318829800187485390450-1024x683.jpg 1024w, https:\/\/plumanegranoticias.com\/wp-content\/uploads\/2026\/01\/img-20260128-wa01318829800187485390450-300x200.jpg 300w, https:\/\/plumanegranoticias.com\/wp-content\/uploads\/2026\/01\/img-20260128-wa01318829800187485390450-768x512.jpg 768w, https:\/\/plumanegranoticias.com\/wp-content\/uploads\/2026\/01\/img-20260128-wa01318829800187485390450-1536x1024.jpg 1536w, https:\/\/plumanegranoticias.com\/wp-content\/uploads\/2026\/01\/img-20260128-wa01318829800187485390450.jpg 1599w\" sizes=\"auto, (max-width: 1024px) 100vw, 1024px\" \/><\/figure>\n\n\n\n<figure class=\"wp-block-image\"><img loading=\"lazy\" decoding=\"async\" width=\"1024\" height=\"683\" src=\"https:\/\/plumanegranoticias.com\/wp-content\/uploads\/2026\/01\/img-20260128-wa01305604390630717668671-1024x683.jpg\" alt=\"\" class=\"wp-image-13768\" srcset=\"https:\/\/plumanegranoticias.com\/wp-content\/uploads\/2026\/01\/img-20260128-wa01305604390630717668671-1024x683.jpg 1024w, https:\/\/plumanegranoticias.com\/wp-content\/uploads\/2026\/01\/img-20260128-wa01305604390630717668671-300x200.jpg 300w, https:\/\/plumanegranoticias.com\/wp-content\/uploads\/2026\/01\/img-20260128-wa01305604390630717668671-768x512.jpg 768w, https:\/\/plumanegranoticias.com\/wp-content\/uploads\/2026\/01\/img-20260128-wa01305604390630717668671-1536x1024.jpg 1536w, https:\/\/plumanegranoticias.com\/wp-content\/uploads\/2026\/01\/img-20260128-wa01305604390630717668671.jpg 1599w\" sizes=\"auto, (max-width: 1024px) 100vw, 1024px\" \/><\/figure>\n\n\n\n<figure class=\"wp-block-image\"><img loading=\"lazy\" decoding=\"async\" width=\"1024\" height=\"683\" src=\"https:\/\/plumanegranoticias.com\/wp-content\/uploads\/2026\/01\/img-20260128-wa01277060518326854623013-1024x683.jpg\" alt=\"\" class=\"wp-image-13769\" srcset=\"https:\/\/plumanegranoticias.com\/wp-content\/uploads\/2026\/01\/img-20260128-wa01277060518326854623013-1024x683.jpg 1024w, https:\/\/plumanegranoticias.com\/wp-content\/uploads\/2026\/01\/img-20260128-wa01277060518326854623013-300x200.jpg 300w, https:\/\/plumanegranoticias.com\/wp-content\/uploads\/2026\/01\/img-20260128-wa01277060518326854623013-768x512.jpg 768w, https:\/\/plumanegranoticias.com\/wp-content\/uploads\/2026\/01\/img-20260128-wa01277060518326854623013-1536x1024.jpg 1536w, https:\/\/plumanegranoticias.com\/wp-content\/uploads\/2026\/01\/img-20260128-wa01277060518326854623013.jpg 1599w\" sizes=\"auto, (max-width: 1024px) 100vw, 1024px\" \/><\/figure>\n","protected":false},"excerpt":{"rendered":"<p>Medell\u00edn de Bravo, Ver.- La ma\u00f1ana de este mi\u00e9rcoles, un hombre que laboraba como guardia de seguridad de una tienda Elektra perdi\u00f3 la vida de manera repentina cuando se encontraba a las afueras de una plazita comercial en el fraccionamiento Puente Moreno, en el municipio de Medell\u00edn de Bravo. El hecho ocurri\u00f3 sobre avenida Medell\u00edn,&#8230; <\/p>\n<div class=\"clear\"><\/div>\n<p><a href=\"https:\/\/plumanegranoticias.com\/?p=13770\" class=\"excerpt-read-more\">Read More<i class=\"fa fa-caret-right icon-caret-right\"><\/i><\/a><\/p>\n","protected":false},"author":2,"featured_media":13772,"comment_status":"open","ping_status":"open","sticky":false,"template":"","format":"standard","meta":{"om_disable_all_campaigns":false,"_monsterinsights_skip_tracking":false,"_monsterinsights_sitenote_active":false,"_monsterinsights_sitenote_note":"","_monsterinsights_sitenote_category":0,"_uf_show_specific_survey":0,"_uf_disable_surveys":false,"footnotes":""},"categories":[13,67,8,12],"tags":[22,18],"class_list":["post-13770","post","type-post","status-publish","format-standard","has-post-thumbnail","hentry","category-nota-roja","category-policiaca","category-politica","category-regional","tag-nota-roja","tag-noticia"],"aioseo_notices":[],"_links":{"self":[{"href":"https:\/\/plumanegranoticias.com\/index.php?rest_route=\/wp\/v2\/posts\/13770","targetHints":{"allow":["GET"]}}],"collection":[{"href":"https:\/\/plumanegranoticias.com\/index.php?rest_route=\/wp\/v2\/posts"}],"about":[{"href":"https:\/\/plumanegranoticias.com\/index.php?rest_route=\/wp\/v2\/types\/post"}],"author":[{"embeddable":true,"href":"https:\/\/plumanegranoticias.com\/index.php?rest_route=\/wp\/v2\/users\/2"}],"replies":[{"embeddable":true,"href":"https:\/\/plumanegranoticias.com\/index.php?rest_route=%2Fwp%2Fv2%2Fcomments&post=13770"}],"version-history":[{"count":1,"href":"https:\/\/plumanegranoticias.com\/index.php?rest_route=\/wp\/v2\/posts\/13770\/revisions"}],"predecessor-version":[{"id":13771,"href":"https:\/\/plumanegranoticias.com\/index.php?rest_route=\/wp\/v2\/posts\/13770\/revisions\/13771"}],"wp:featuredmedia":[{"embeddable":true,"href":"https:\/\/plumanegranoticias.com\/index.php?rest_route=\/wp\/v2\/media\/13772"}],"wp:attachment":[{"href":"https:\/\/plumanegranoticias.com\/index.php?rest_route=%2Fwp%2Fv2%2Fmedia&parent=13770"}],"wp:term":[{"taxonomy":"category","embeddable":true,"href":"https:\/\/plumanegranoticias.com\/index.php?rest_route=%2Fwp%2Fv2%2Fcategories&post=13770"},{"taxonomy":"post_tag","embeddable":true,"href":"https:\/\/plumanegranoticias.com\/index.php?rest_route=%2Fwp%2Fv2%2Ftags&post=13770"}],"curies":[{"name":"wp","href":"https:\/\/api.w.org\/{rel}","templated":true}]}}