{"id":13778,"date":"2026-01-28T12:27:16","date_gmt":"2026-01-28T18:27:16","guid":{"rendered":"https:\/\/plumanegranoticias.com\/?p=13778"},"modified":"2026-01-28T12:31:02","modified_gmt":"2026-01-28T18:31:02","slug":"movimiento-ciudadano-promovera-amparo-contra-el-alza-al-transporte","status":"publish","type":"post","link":"https:\/\/plumanegranoticias.com\/?p=13778","title":{"rendered":"Movimiento Ciudadano promover\u00e1 amparo contra el alza al transporte"},"content":{"rendered":"\n<p>El coordinador estatal de Movimiento Ciudadano, Luis Carbonell de la Hoz, calific\u00f3 como un golpe a la econom\u00eda familiar el reciente incremento a las tarifas del transporte p\u00fablico y anunci\u00f3 que el partido emprender\u00e1 acciones legales para frenar esta medida.<\/p>\n\n\n\n<p>El dirigente se\u00f1al\u00f3 que el aumento de 9 a 12 pesos es una decisi\u00f3n arbitraria que no se refleja en la calidad del servicio que reciben diariamente miles de ciudadanos.<\/p>\n\n\n\n<p>Durante su pronunciamiento, Carbonell de la Hoz fue tajante al criticar la falta de sensibilidad de las autoridades estatales ante la situaci\u00f3n actual.<\/p>\n\n\n\n<p>&#8220;Una vez m\u00e1s el gobierno del Estado nos da la espalda a los xalape\u00f1os de manera sorpresiva y absurda. Nos aumentaron la tarifa de nueve a 12 pesos, lo que m\u00e1s indigna no s\u00f3lo es el aumento sino las condiciones en la que se encuentran las unidades; pr\u00e1cticamente son chatarra, vidrios rotos, sucios, descuidados e inseguros&#8221;, denunci\u00f3 el l\u00edder naranja.<\/p>\n\n\n\n<p>Para el coordinador estatal, el problema de fondo no se soluciona con incrementos, sino con una reestructuraci\u00f3n profunda de las v\u00edas de comunicaci\u00f3n.<\/p>\n\n\n\n<p>Asegur\u00f3 que Xalapa requiere de manera urgente un plan integral de movilidad que no solo mejore el estado f\u00edsico del transporte p\u00fablico, sino que tambi\u00e9n ofrezca soluciones reales al congestionamiento vial que afecta la calidad de vida en la ciudad.<\/p>\n\n\n\n<p>En cuanto a la ruta legal que seguir\u00e1 el partido, Carbonell inform\u00f3 que ya existe una coordinaci\u00f3n estrecha con la dirigencia federal para dar la batalla en los tribunales.<\/p>\n\n\n\n<p>&#8220;He platicado con nuestro coordinador nacional, Jorge \u00c1lvarez M\u00e1ynez, y nos ha dado todo su respaldo con el equipo jur\u00eddico nacional para poder presentar un amparo que mantenga una tarifa justa y que busque las condiciones adecuadas para el transporte&#8221;, explic\u00f3.<\/p>\n\n\n\n<p>Finalmente, adelant\u00f3 que el recurso legal ser\u00e1 presentado en breve y se mantendr\u00e1 a la poblaci\u00f3n informada sobre los avances de esta defensa.<\/p>\n\n\n\n<figure class=\"wp-block-video\"><video height=\"848\" style=\"aspect-ratio: 480 \/ 848;\" width=\"480\" controls src=\"https:\/\/plumanegranoticias.com\/wp-content\/uploads\/2026\/01\/VID-20260128-WA0135.mp4\"><\/video><\/figure>\n","protected":false},"excerpt":{"rendered":"<p>El coordinador estatal de Movimiento Ciudadano, Luis Carbonell de la Hoz, calific\u00f3 como un golpe a la econom\u00eda familiar el reciente incremento a las tarifas del transporte p\u00fablico y anunci\u00f3 que el partido emprender\u00e1 acciones legales para frenar esta medida. El dirigente se\u00f1al\u00f3 que el aumento de 9 a 12 pesos es una decisi\u00f3n arbitraria&#8230; <\/p>\n<div class=\"clear\"><\/div>\n<p><a href=\"https:\/\/plumanegranoticias.com\/?p=13778\" class=\"excerpt-read-more\">Read More<i class=\"fa fa-caret-right icon-caret-right\"><\/i><\/a><\/p>\n","protected":false},"author":2,"featured_media":13780,"comment_status":"open","ping_status":"open","sticky":false,"template":"","format":"standard","meta":{"om_disable_all_campaigns":false,"_monsterinsights_skip_tracking":false,"_monsterinsights_sitenote_active":false,"_monsterinsights_sitenote_note":"","_monsterinsights_sitenote_category":0,"_uf_show_specific_survey":0,"_uf_disable_surveys":false,"footnotes":""},"categories":[8,12],"tags":[18,30,34],"class_list":["post-13778","post","type-post","status-publish","format-standard","has-post-thumbnail","hentry","category-politica","category-regional","tag-noticia","tag-plumazos","tag-policiaca"],"aioseo_notices":[],"_links":{"self":[{"href":"https:\/\/plumanegranoticias.com\/index.php?rest_route=\/wp\/v2\/posts\/13778","targetHints":{"allow":["GET"]}}],"collection":[{"href":"https:\/\/plumanegranoticias.com\/index.php?rest_route=\/wp\/v2\/posts"}],"about":[{"href":"https:\/\/plumanegranoticias.com\/index.php?rest_route=\/wp\/v2\/types\/post"}],"author":[{"embeddable":true,"href":"https:\/\/plumanegranoticias.com\/index.php?rest_route=\/wp\/v2\/users\/2"}],"replies":[{"embeddable":true,"href":"https:\/\/plumanegranoticias.com\/index.php?rest_route=%2Fwp%2Fv2%2Fcomments&post=13778"}],"version-history":[{"count":1,"href":"https:\/\/plumanegranoticias.com\/index.php?rest_route=\/wp\/v2\/posts\/13778\/revisions"}],"predecessor-version":[{"id":13779,"href":"https:\/\/plumanegranoticias.com\/index.php?rest_route=\/wp\/v2\/posts\/13778\/revisions\/13779"}],"wp:featuredmedia":[{"embeddable":true,"href":"https:\/\/plumanegranoticias.com\/index.php?rest_route=\/wp\/v2\/media\/13780"}],"wp:attachment":[{"href":"https:\/\/plumanegranoticias.com\/index.php?rest_route=%2Fwp%2Fv2%2Fmedia&parent=13778"}],"wp:term":[{"taxonomy":"category","embeddable":true,"href":"https:\/\/plumanegranoticias.com\/index.php?rest_route=%2Fwp%2Fv2%2Fcategories&post=13778"},{"taxonomy":"post_tag","embeddable":true,"href":"https:\/\/plumanegranoticias.com\/index.php?rest_route=%2Fwp%2Fv2%2Ftags&post=13778"}],"curies":[{"name":"wp","href":"https:\/\/api.w.org\/{rel}","templated":true}]}}