{"id":13799,"date":"2026-01-30T14:12:24","date_gmt":"2026-01-30T20:12:24","guid":{"rendered":"https:\/\/plumanegranoticias.com\/?p=13799"},"modified":"2026-01-30T14:12:42","modified_gmt":"2026-01-30T20:12:42","slug":"cumplimentan-orden-de-aprehension-contra-presunto-responsable-de-doble-homicidio-en-nogales-veracruz","status":"publish","type":"post","link":"https:\/\/plumanegranoticias.com\/?p=13799","title":{"rendered":"Cumplimentan orden de aprehensi\u00f3n contra presunto responsable de doble homicidio en Nogales, Veracruz."},"content":{"rendered":"\n<p>Por GerardoLuna.mx<br \/>C\u00f3rdoba, Ver.\u2014 La Delegaci\u00f3n Regional de la Polic\u00eda Ministerial Zona Centro C\u00f3rdoba inform\u00f3 sobre el cumplimiento de una orden de aprehensi\u00f3n en contra de Javier Raymundo A.M., alias \u201cEl Gallo Negro\u201d, de 34 a\u00f1os de edad, por su presunta responsabilidad en el delito de homicidio doloso calificado, cometido en agravio de \u00c1ngela \u201cN\u201d y Fidel \u201cN\u201d.<\/p>\n\n\n\n<p>De acuerdo con informaci\u00f3n oficial, la orden fue emitida dentro del proceso penal 234\/2025, por un Juez de Primera Instancia adscrito al Juzgado de Proceso y Procedimiento Penal Oral del XV Distrito Judicial de Orizaba, como parte de las investigaciones derivadas de los hechos ocurridos el 29 de diciembre de 2024.<\/p>\n\n\n\n<p>Seg\u00fan la carpeta de investigaci\u00f3n, en la fecha referida, el ahora detenido, Javier Raymundo, en compa\u00f1\u00eda de otros sujetos, habr\u00eda arribado a un domicilio ubicado en la calle Guadalupe Victoria, colonia 30 de Mayo, en el municipio de Nogales, donde se encontraban una menor de edad \u2014quien perdi\u00f3 la vida en el lugar\u2014, su madre y su t\u00edo, este \u00faltimo tambi\u00e9n fallecido durante el ataque.<\/p>\n\n\n\n<p>De acuerdo con las autoridades, los agresores presuntamente ingresaron al inmueble y realizaron m\u00faltiples disparos con armas largas, privando de la vida a las dos personas mencionadas, lo que dio origen a la investigaci\u00f3n ministerial y posterior judicializaci\u00f3n del caso.<\/p>\n\n\n\n<p>Fuentes oficiales confirmaron que A. M. era considerado objetivo prioritario dentro de las estrategias de seguridad, al estar identificado en las mesas de seguridad estatal como presunto generador de violencia en la regi\u00f3n centro del estado.<\/p>\n\n\n\n<p>Tras su localizaci\u00f3n, fue detenido y puesto a disposici\u00f3n de la autoridad judicial correspondiente, quien determinar\u00e1 su situaci\u00f3n legal conforme a derecho.<\/p>\n\n\n\n<p>Asimismo, las autoridades indicaron que las investigaciones contin\u00faan para la identificaci\u00f3n y localizaci\u00f3n de otros posibles involucrados en estos hechos, con el objetivo de esclarecer completamente el caso y deslindar responsabilidades.<\/p>\n\n\n\n<p>La Fiscal\u00eda General del Estado reiter\u00f3 que el proceso se desarrolla bajo los principios de legalidad, debido proceso y respeto a los derechos humanos, conforme a lo establecido en la ley.<\/p>\n\n\n\n<figure class=\"wp-block-image size-large\"><img loading=\"lazy\" decoding=\"async\" width=\"300\" height=\"229\" src=\"https:\/\/plumanegranoticias.com\/wp-content\/uploads\/2026\/01\/img-20260130-wa01459031636373119607526-300x229.jpg\" alt=\"\" class=\"wp-image-13798\" srcset=\"https:\/\/plumanegranoticias.com\/wp-content\/uploads\/2026\/01\/img-20260130-wa01459031636373119607526-300x229.jpg 300w, https:\/\/plumanegranoticias.com\/wp-content\/uploads\/2026\/01\/img-20260130-wa01459031636373119607526-768x586.jpg 768w, https:\/\/plumanegranoticias.com\/wp-content\/uploads\/2026\/01\/img-20260130-wa01459031636373119607526.jpg 1014w\" sizes=\"auto, (max-width: 300px) 100vw, 300px\" \/><\/figure>\n","protected":false},"excerpt":{"rendered":"<p>Por GerardoLuna.mxC\u00f3rdoba, Ver.\u2014 La Delegaci\u00f3n Regional de la Polic\u00eda Ministerial Zona Centro C\u00f3rdoba inform\u00f3 sobre el cumplimiento de una orden de aprehensi\u00f3n en contra de Javier Raymundo A.M., alias \u201cEl Gallo Negro\u201d, de 34 a\u00f1os de edad, por su presunta responsabilidad en el delito de homicidio doloso calificado, cometido en agravio de \u00c1ngela \u201cN\u201d y&#8230; <\/p>\n<div class=\"clear\"><\/div>\n<p><a href=\"https:\/\/plumanegranoticias.com\/?p=13799\" class=\"excerpt-read-more\">Read More<i class=\"fa fa-caret-right icon-caret-right\"><\/i><\/a><\/p>\n","protected":false},"author":2,"featured_media":13801,"comment_status":"open","ping_status":"open","sticky":false,"template":"","format":"standard","meta":{"om_disable_all_campaigns":false,"_monsterinsights_skip_tracking":false,"_monsterinsights_sitenote_active":false,"_monsterinsights_sitenote_note":"","_monsterinsights_sitenote_category":0,"_uf_show_specific_survey":0,"_uf_disable_surveys":false,"footnotes":""},"categories":[13,8,12],"tags":[24,20],"class_list":["post-13799","post","type-post","status-publish","format-standard","has-post-thumbnail","hentry","category-nota-roja","category-politica","category-regional","tag-moda","tag-negocios"],"aioseo_notices":[],"_links":{"self":[{"href":"https:\/\/plumanegranoticias.com\/index.php?rest_route=\/wp\/v2\/posts\/13799","targetHints":{"allow":["GET"]}}],"collection":[{"href":"https:\/\/plumanegranoticias.com\/index.php?rest_route=\/wp\/v2\/posts"}],"about":[{"href":"https:\/\/plumanegranoticias.com\/index.php?rest_route=\/wp\/v2\/types\/post"}],"author":[{"embeddable":true,"href":"https:\/\/plumanegranoticias.com\/index.php?rest_route=\/wp\/v2\/users\/2"}],"replies":[{"embeddable":true,"href":"https:\/\/plumanegranoticias.com\/index.php?rest_route=%2Fwp%2Fv2%2Fcomments&post=13799"}],"version-history":[{"count":1,"href":"https:\/\/plumanegranoticias.com\/index.php?rest_route=\/wp\/v2\/posts\/13799\/revisions"}],"predecessor-version":[{"id":13800,"href":"https:\/\/plumanegranoticias.com\/index.php?rest_route=\/wp\/v2\/posts\/13799\/revisions\/13800"}],"wp:featuredmedia":[{"embeddable":true,"href":"https:\/\/plumanegranoticias.com\/index.php?rest_route=\/wp\/v2\/media\/13801"}],"wp:attachment":[{"href":"https:\/\/plumanegranoticias.com\/index.php?rest_route=%2Fwp%2Fv2%2Fmedia&parent=13799"}],"wp:term":[{"taxonomy":"category","embeddable":true,"href":"https:\/\/plumanegranoticias.com\/index.php?rest_route=%2Fwp%2Fv2%2Fcategories&post=13799"},{"taxonomy":"post_tag","embeddable":true,"href":"https:\/\/plumanegranoticias.com\/index.php?rest_route=%2Fwp%2Fv2%2Ftags&post=13799"}],"curies":[{"name":"wp","href":"https:\/\/api.w.org\/{rel}","templated":true}]}}