{"id":13847,"date":"2026-02-01T09:44:25","date_gmt":"2026-02-01T15:44:25","guid":{"rendered":"https:\/\/plumanegranoticias.com\/?p=13847"},"modified":"2026-02-01T09:45:27","modified_gmt":"2026-02-01T15:45:27","slug":"arranco-con-exito-y-gran-participacion-la-expo-ganadera-artesanos-y-emprendedores-2026-en-soledad-de-doblado","status":"publish","type":"post","link":"https:\/\/plumanegranoticias.com\/?p=13847","title":{"rendered":"Arranc\u00f3 con \u00e9xito y gran participaci\u00f3n la Expo Ganadera, Artesanos y Emprendedores 2026 en Soledad de Doblado"},"content":{"rendered":"\n<p>La Expo Ganadera, Artesanos y Emprendedores 2026 en Soledad de Doblado, Veracruz, inici\u00f3 con gran entusiasmo, encabezada por la Presidenta Municipal, Lic. Elsa M\u00e9ndez Ibarra, en el Campo Deportivo del municipio. El acto inaugural cont\u00f3 con la presencia del Ing. Jos\u00e9 Luis Pe\u00f1a, esposo de la Gobernadora de Veracruz, Roc\u00edo Nahle, as\u00ed como del diputado local Adri\u00e1n \u00c1vila Estrada, reafirmando la alianza entre el Ayuntamiento y el Gobierno Estatal para fortalecer las tradiciones que dan identidad a la regi\u00f3n.<\/p>\n\n\n\n<p>En el marco de estas celebraciones, la Cabalgata de la Unidad reuni\u00f3 a cerca de 3,000 jinetes provenientes de municipios vecinos como Cotaxtla, Paso del Macho, Alvarado y Veracruz, consolidando un ambiente de fiesta y hermandad. El evento fue acompa\u00f1ado por familias y visitantes que se sumaron al recorrido. El Ayuntamiento invita a la ciudadan\u00eda a disfrutar de las actividades programadas de la Expo Feria, que se celebrar\u00e1 del 30 de enero al 7 de febrero de 2026, garantizando un espacio seguro, familiar y lleno de orgullo veracruzano.<\/p>\n\n\n\n<h1 class=\"wp-block-heading\">SoledadDeDoblado #CabalgataDeLaUnidad #ExpoGanadera2026 #Tradici\u00f3nYOrgullo #JuntosHacemosHistoria<\/h1>\n\n\n\n<figure class=\"wp-block-image size-large\"><img loading=\"lazy\" decoding=\"async\" width=\"300\" height=\"249\" src=\"https:\/\/plumanegranoticias.com\/wp-content\/uploads\/2026\/02\/image_editor_output_image-1640675658-17699606580891370631674485304006-300x249.jpg\" alt=\"\" class=\"wp-image-13846\" srcset=\"https:\/\/plumanegranoticias.com\/wp-content\/uploads\/2026\/02\/image_editor_output_image-1640675658-17699606580891370631674485304006-300x249.jpg 300w, https:\/\/plumanegranoticias.com\/wp-content\/uploads\/2026\/02\/image_editor_output_image-1640675658-17699606580891370631674485304006.jpg 708w\" sizes=\"auto, (max-width: 300px) 100vw, 300px\" \/><\/figure>\n\n\n\n<figure class=\"wp-block-video\"><video height=\"848\" style=\"aspect-ratio: 480 \/ 848;\" width=\"480\" controls src=\"https:\/\/plumanegranoticias.com\/wp-content\/uploads\/2026\/02\/VID-20260201-WA0033.mp4\"><\/video><\/figure>\n","protected":false},"excerpt":{"rendered":"<p>La Expo Ganadera, Artesanos y Emprendedores 2026 en Soledad de Doblado, Veracruz, inici\u00f3 con gran entusiasmo, encabezada por la Presidenta Municipal, Lic. Elsa M\u00e9ndez Ibarra, en el Campo Deportivo del municipio. El acto inaugural cont\u00f3 con la presencia del Ing. Jos\u00e9 Luis Pe\u00f1a, esposo de la Gobernadora de Veracruz, Roc\u00edo Nahle, as\u00ed como del diputado&#8230; <\/p>\n<div class=\"clear\"><\/div>\n<p><a href=\"https:\/\/plumanegranoticias.com\/?p=13847\" class=\"excerpt-read-more\">Read More<i class=\"fa fa-caret-right icon-caret-right\"><\/i><\/a><\/p>\n","protected":false},"author":2,"featured_media":13849,"comment_status":"open","ping_status":"open","sticky":false,"template":"","format":"standard","meta":{"om_disable_all_campaigns":false,"_monsterinsights_skip_tracking":false,"_monsterinsights_sitenote_active":false,"_monsterinsights_sitenote_note":"","_monsterinsights_sitenote_category":0,"_uf_show_specific_survey":0,"_uf_disable_surveys":false,"footnotes":""},"categories":[13,16,67,8,12],"tags":[22,30,34],"class_list":["post-13847","post","type-post","status-publish","format-standard","has-post-thumbnail","hentry","category-nota-roja","category-plumazos","category-policiaca","category-politica","category-regional","tag-nota-roja","tag-plumazos","tag-policiaca"],"aioseo_notices":[],"_links":{"self":[{"href":"https:\/\/plumanegranoticias.com\/index.php?rest_route=\/wp\/v2\/posts\/13847","targetHints":{"allow":["GET"]}}],"collection":[{"href":"https:\/\/plumanegranoticias.com\/index.php?rest_route=\/wp\/v2\/posts"}],"about":[{"href":"https:\/\/plumanegranoticias.com\/index.php?rest_route=\/wp\/v2\/types\/post"}],"author":[{"embeddable":true,"href":"https:\/\/plumanegranoticias.com\/index.php?rest_route=\/wp\/v2\/users\/2"}],"replies":[{"embeddable":true,"href":"https:\/\/plumanegranoticias.com\/index.php?rest_route=%2Fwp%2Fv2%2Fcomments&post=13847"}],"version-history":[{"count":1,"href":"https:\/\/plumanegranoticias.com\/index.php?rest_route=\/wp\/v2\/posts\/13847\/revisions"}],"predecessor-version":[{"id":13848,"href":"https:\/\/plumanegranoticias.com\/index.php?rest_route=\/wp\/v2\/posts\/13847\/revisions\/13848"}],"wp:featuredmedia":[{"embeddable":true,"href":"https:\/\/plumanegranoticias.com\/index.php?rest_route=\/wp\/v2\/media\/13849"}],"wp:attachment":[{"href":"https:\/\/plumanegranoticias.com\/index.php?rest_route=%2Fwp%2Fv2%2Fmedia&parent=13847"}],"wp:term":[{"taxonomy":"category","embeddable":true,"href":"https:\/\/plumanegranoticias.com\/index.php?rest_route=%2Fwp%2Fv2%2Fcategories&post=13847"},{"taxonomy":"post_tag","embeddable":true,"href":"https:\/\/plumanegranoticias.com\/index.php?rest_route=%2Fwp%2Fv2%2Ftags&post=13847"}],"curies":[{"name":"wp","href":"https:\/\/api.w.org\/{rel}","templated":true}]}}