{"id":14323,"date":"2026-03-11T10:40:26","date_gmt":"2026-03-11T16:40:26","guid":{"rendered":"https:\/\/plumanegranoticias.com\/?p=14323"},"modified":"2026-03-11T10:40:53","modified_gmt":"2026-03-11T16:40:53","slug":"emergencia-en-el-litoral-de-catemaco-diagnostico-ambiental-revela-severos-danos-por-crudo-y-amenaza-a-la-fauna","status":"publish","type":"post","link":"https:\/\/plumanegranoticias.com\/?p=14323","title":{"rendered":"Emergencia en el litoral de Catemaco: Diagn\u00f3stico ambiental revela severos da\u00f1os por crudo y amenaza a la fauna"},"content":{"rendered":"\n<p>Andrea Jaramillo<\/p>\n\n\n\n<p><em>CATEMACO, VER<\/em>\u2014 El para\u00edso ecol\u00f3gico de Catemaco enfrenta una de sus crisis ambientales m\u00e1s complejas de los \u00faltimos a\u00f1os. Tras una exhaustiva supervisi\u00f3n t\u00e9cnica de los 20.14 kil\u00f3metros de litoral municipal, la Direcci\u00f3n de Medio Ambiente y Ecolog\u00eda, encabezada por el bi\u00f3logo Joselito Leal Zacar\u00edas, ha confirmado que el derrame de hidrocarburos en el Golfo de M\u00e9xico ha impactado puntos estrat\u00e9gicos del ecosistema, poniendo en riesgo tanto la biodiversidad como la econom\u00eda de las familias que dependen del mar.<\/p>\n\n\n\n<p>El diagn\u00f3stico, realizado en coordinaci\u00f3n con Protecci\u00f3n Civil, arroja un panorama cr\u00edtico para la fauna marina, espec\u00edficamente en la zona de Capulteolt. En este punto, vital por albergar campamentos tortugueros, se detect\u00f3 la presencia de hidrocarburo no solidificado en una extensi\u00f3n de 200 metros lineales. Este hallazgo representa una amenaza inminente, ya que en el mes de mayo inicia el arribo de diversas especies de tortugas marinas para su proceso de desove; la presencia de este material t\u00f3xico podr\u00eda sabotear el ciclo reproductivo y poner en peligro a las cr\u00edas antes de nacer.<\/p>\n\n\n\n<p>El impacto econ\u00f3mico tambi\u00e9n es evidente en las zonas de Playa Carrizal y la Barra de Sontecomapan. En Carrizal, las cooperativas pesqueras de &#8220;El Real&#8221; y la &#8220;Barra&#8221; reportan la p\u00e9rdida de equipos de trabajo tras documentarse da\u00f1os severos en las redes de pesca debido a manchas de crudo de hasta un kil\u00f3metro de longitud. Lo m\u00e1s alarmante en esta \u00e1rea es que, debido al efecto de las mareas, gran parte del material ha quedado cubierto por la arena, ocultando una contaminaci\u00f3n latente que dificulta las labores de limpieza superficial.<\/p>\n\n\n\n<p>La preocupaci\u00f3n se extiende a la Barra de Sontecomapan, principal motor tur\u00edstico del municipio, donde a escasas semanas de la Semana Santa se detect\u00f3 contaminaci\u00f3n por chapopote solidificado a lo largo de un kil\u00f3metro y medio. Durante la inspecci\u00f3n, los peritos reportaron un intenso olor a crudo perceptible en todo el ambiente, mientras que el uso de tecnolog\u00eda de drones permiti\u00f3 identificar mar adentro una mancha caf\u00e9-verdosa de aproximadamente 100 metros cuadrados frente a Playa Jicacal, lo que sugiere que la amenaza a\u00fan no ha sido neutralizada por completo.<\/p>\n\n\n\n<p>A excepci\u00f3n de Playa Escondida, donde la supervisi\u00f3n a\u00e9rea no mostr\u00f3 indicios de da\u00f1o, el resto del litoral catemaque\u00f1o se encuentra en estado de alerta. Ante este escenario, el bi\u00f3logo Joselito Leal Zacar\u00edas enfatiz\u00f3 la urgencia de que las autoridades federales y ambientales coordinen de inmediato acciones de remediaci\u00f3n profunda. El Ayuntamiento de Catemaco mantiene un monitoreo permanente, advirtiendo que este diagn\u00f3stico es solo el primer paso para exigir la responsabilidad y el apoyo necesario para proteger el equilibrio ecol\u00f3gico y el sustento de los prestadores de servicios y pescadores locales.<\/p>\n\n\n\n<figure class=\"wp-block-image size-large\"><img loading=\"lazy\" decoding=\"async\" width=\"682\" height=\"1024\" src=\"https:\/\/plumanegranoticias.com\/wp-content\/uploads\/2026\/03\/img-20260311-wa01092029852045561182161-682x1024.jpg\" alt=\"\" class=\"wp-image-14320\" srcset=\"https:\/\/plumanegranoticias.com\/wp-content\/uploads\/2026\/03\/img-20260311-wa01092029852045561182161-682x1024.jpg 682w, https:\/\/plumanegranoticias.com\/wp-content\/uploads\/2026\/03\/img-20260311-wa01092029852045561182161-200x300.jpg 200w, https:\/\/plumanegranoticias.com\/wp-content\/uploads\/2026\/03\/img-20260311-wa01092029852045561182161-768x1153.jpg 768w, https:\/\/plumanegranoticias.com\/wp-content\/uploads\/2026\/03\/img-20260311-wa01092029852045561182161-1023x1536.jpg 1023w, https:\/\/plumanegranoticias.com\/wp-content\/uploads\/2026\/03\/img-20260311-wa01092029852045561182161.jpg 1066w\" sizes=\"auto, (max-width: 682px) 100vw, 682px\" \/><\/figure>\n\n\n\n<figure class=\"wp-block-image\"><img loading=\"lazy\" decoding=\"async\" width=\"1024\" height=\"682\" src=\"https:\/\/plumanegranoticias.com\/wp-content\/uploads\/2026\/03\/img-20260311-wa01183423734445698279350-1024x682.jpg\" alt=\"\" class=\"wp-image-14319\" srcset=\"https:\/\/plumanegranoticias.com\/wp-content\/uploads\/2026\/03\/img-20260311-wa01183423734445698279350-1024x682.jpg 1024w, https:\/\/plumanegranoticias.com\/wp-content\/uploads\/2026\/03\/img-20260311-wa01183423734445698279350-300x200.jpg 300w, https:\/\/plumanegranoticias.com\/wp-content\/uploads\/2026\/03\/img-20260311-wa01183423734445698279350-768x512.jpg 768w, https:\/\/plumanegranoticias.com\/wp-content\/uploads\/2026\/03\/img-20260311-wa01183423734445698279350.jpg 1280w\" sizes=\"auto, (max-width: 1024px) 100vw, 1024px\" \/><\/figure>\n\n\n\n<figure class=\"wp-block-image\"><img loading=\"lazy\" decoding=\"async\" width=\"1024\" height=\"682\" src=\"https:\/\/plumanegranoticias.com\/wp-content\/uploads\/2026\/03\/img-20260311-wa01205630230673710381762-1024x682.jpg\" alt=\"\" class=\"wp-image-14321\" srcset=\"https:\/\/plumanegranoticias.com\/wp-content\/uploads\/2026\/03\/img-20260311-wa01205630230673710381762-1024x682.jpg 1024w, https:\/\/plumanegranoticias.com\/wp-content\/uploads\/2026\/03\/img-20260311-wa01205630230673710381762-300x200.jpg 300w, https:\/\/plumanegranoticias.com\/wp-content\/uploads\/2026\/03\/img-20260311-wa01205630230673710381762-768x512.jpg 768w, https:\/\/plumanegranoticias.com\/wp-content\/uploads\/2026\/03\/img-20260311-wa01205630230673710381762.jpg 1280w\" sizes=\"auto, (max-width: 1024px) 100vw, 1024px\" \/><\/figure>\n\n\n\n<figure class=\"wp-block-image\"><img loading=\"lazy\" decoding=\"async\" width=\"1024\" height=\"682\" src=\"https:\/\/plumanegranoticias.com\/wp-content\/uploads\/2026\/03\/img-20260311-wa01146660770560025914013-1024x682.jpg\" alt=\"\" class=\"wp-image-14322\" srcset=\"https:\/\/plumanegranoticias.com\/wp-content\/uploads\/2026\/03\/img-20260311-wa01146660770560025914013-1024x682.jpg 1024w, https:\/\/plumanegranoticias.com\/wp-content\/uploads\/2026\/03\/img-20260311-wa01146660770560025914013-300x200.jpg 300w, https:\/\/plumanegranoticias.com\/wp-content\/uploads\/2026\/03\/img-20260311-wa01146660770560025914013-768x512.jpg 768w, https:\/\/plumanegranoticias.com\/wp-content\/uploads\/2026\/03\/img-20260311-wa01146660770560025914013.jpg 1280w\" sizes=\"auto, (max-width: 1024px) 100vw, 1024px\" \/><\/figure>\n","protected":false},"excerpt":{"rendered":"<p>Andrea Jaramillo CATEMACO, VER\u2014 El para\u00edso ecol\u00f3gico de Catemaco enfrenta una de sus crisis ambientales m\u00e1s complejas de los \u00faltimos a\u00f1os. Tras una exhaustiva supervisi\u00f3n t\u00e9cnica de los 20.14 kil\u00f3metros de litoral municipal, la Direcci\u00f3n de Medio Ambiente y Ecolog\u00eda, encabezada por el bi\u00f3logo Joselito Leal Zacar\u00edas, ha confirmado que el derrame de hidrocarburos en&#8230; <\/p>\n<div class=\"clear\"><\/div>\n<p><a href=\"https:\/\/plumanegranoticias.com\/?p=14323\" class=\"excerpt-read-more\">Read More<i class=\"fa fa-caret-right icon-caret-right\"><\/i><\/a><\/p>\n","protected":false},"author":2,"featured_media":14325,"comment_status":"open","ping_status":"open","sticky":false,"template":"","format":"standard","meta":{"om_disable_all_campaigns":false,"_monsterinsights_skip_tracking":false,"_monsterinsights_sitenote_active":false,"_monsterinsights_sitenote_note":"","_monsterinsights_sitenote_category":0,"_uf_show_specific_survey":0,"_uf_disable_surveys":false,"footnotes":""},"categories":[13,67,8,12],"tags":[20,22,18,73],"class_list":["post-14323","post","type-post","status-publish","format-standard","has-post-thumbnail","hentry","category-nota-roja","category-policiaca","category-politica","category-regional","tag-negocios","tag-nota-roja","tag-noticia","tag-para-que-la-presidenta-adriana-lagunes-sanchez-tome-cartas-sobre-el-asunto"],"aioseo_notices":[],"_links":{"self":[{"href":"https:\/\/plumanegranoticias.com\/index.php?rest_route=\/wp\/v2\/posts\/14323","targetHints":{"allow":["GET"]}}],"collection":[{"href":"https:\/\/plumanegranoticias.com\/index.php?rest_route=\/wp\/v2\/posts"}],"about":[{"href":"https:\/\/plumanegranoticias.com\/index.php?rest_route=\/wp\/v2\/types\/post"}],"author":[{"embeddable":true,"href":"https:\/\/plumanegranoticias.com\/index.php?rest_route=\/wp\/v2\/users\/2"}],"replies":[{"embeddable":true,"href":"https:\/\/plumanegranoticias.com\/index.php?rest_route=%2Fwp%2Fv2%2Fcomments&post=14323"}],"version-history":[{"count":1,"href":"https:\/\/plumanegranoticias.com\/index.php?rest_route=\/wp\/v2\/posts\/14323\/revisions"}],"predecessor-version":[{"id":14324,"href":"https:\/\/plumanegranoticias.com\/index.php?rest_route=\/wp\/v2\/posts\/14323\/revisions\/14324"}],"wp:featuredmedia":[{"embeddable":true,"href":"https:\/\/plumanegranoticias.com\/index.php?rest_route=\/wp\/v2\/media\/14325"}],"wp:attachment":[{"href":"https:\/\/plumanegranoticias.com\/index.php?rest_route=%2Fwp%2Fv2%2Fmedia&parent=14323"}],"wp:term":[{"taxonomy":"category","embeddable":true,"href":"https:\/\/plumanegranoticias.com\/index.php?rest_route=%2Fwp%2Fv2%2Fcategories&post=14323"},{"taxonomy":"post_tag","embeddable":true,"href":"https:\/\/plumanegranoticias.com\/index.php?rest_route=%2Fwp%2Fv2%2Ftags&post=14323"}],"curies":[{"name":"wp","href":"https:\/\/api.w.org\/{rel}","templated":true}]}}