{"id":14331,"date":"2026-03-11T11:11:39","date_gmt":"2026-03-11T17:11:39","guid":{"rendered":"https:\/\/plumanegranoticias.com\/?p=14331"},"modified":"2026-03-11T11:12:06","modified_gmt":"2026-03-11T17:12:06","slug":"transmitiran-escuela-para-padres-a-traves-de-rtv-secretaria","status":"publish","type":"post","link":"https:\/\/plumanegranoticias.com\/?p=14331","title":{"rendered":"Transmitir\u00e1n &#8220;Escuela para Padres&#8221; a trav\u00e9s de RTV: Secretaria"},"content":{"rendered":"\n<p>Esto luego de los hechos de violencia registrados en un plantel escolar de Veracruz<\/p>\n\n\n\n<p>\u00c1ngeles Gonz\u00e1lez Ceballos<br>Xalapa, Ver. Tras hechos de violencia ocurridos en un plantel escolar de Veracruz, en donde un joven golpea a su compa\u00f1era, es necesario que la problem\u00e1tica se atienda con la participaci\u00f3n de maestros, padres de familia y la sociedad.<\/p>\n\n\n\n<p>As\u00ed lo defini\u00f3 la secretaria de Educaci\u00f3n del Estado, Claudia Tello Espinosa, buscan hacer un programa de Escuela para Padres, que podr\u00eda transmitirse a trav\u00e9s de Radio Televisi\u00f3n de Veracruz (RTV).<\/p>\n\n\n\n<p>La idea es que sea un espacio de reflexi\u00f3n sobre la crianza de los estudiantes, en medio de la preocupaci\u00f3n por los hechos violentos que se hicieron virales en redes sociales.<\/p>\n\n\n\n<p>Puntualiz\u00f3 que se le han presentado al menos tres propuestas a la gobernadora Roc\u00edo Nahle para desarrollar el programa, sin embargo, ella pidi\u00f3 elaborar una nueva propuesta para fortalecer el contenido.<\/p>\n\n\n\n<p>De manera que especialistas en diversas \u00e1reas dise\u00f1an un formato que permita difundir pl\u00e1ticas y reflexiones dirigidas a madres y padres de familia en un corto tiempo.<\/p>\n\n\n\n<p>\u201cYa tenemos varias propuestas, s\u00f3lo estamos esperando que la Gobernadora pueda revisar bien los programas, que para m\u00ed son grandiosos, porque hay especialistas que hablan con los padres\u201d, subray\u00f3.<\/p>\n\n\n\n<p>La nueva propuesta que pidi\u00f3 la titular del Ejecutivo incluye participaci\u00f3n de padres de familia, im\u00e1genes de j\u00f3venes y pl\u00e1ticas de especialistas, pero eran de 20 minutos, lo cual resultaba insuficiente para profundizar en los temas.<\/p>\n\n\n\n<figure class=\"wp-block-image size-large\"><img loading=\"lazy\" decoding=\"async\" width=\"241\" height=\"300\" src=\"https:\/\/plumanegranoticias.com\/wp-content\/uploads\/2026\/03\/img-20260311-wa01385832043209076584828-241x300.jpg\" alt=\"\" class=\"wp-image-14330\" srcset=\"https:\/\/plumanegranoticias.com\/wp-content\/uploads\/2026\/03\/img-20260311-wa01385832043209076584828-241x300.jpg 241w, https:\/\/plumanegranoticias.com\/wp-content\/uploads\/2026\/03\/img-20260311-wa01385832043209076584828-440x550.jpg 440w, https:\/\/plumanegranoticias.com\/wp-content\/uploads\/2026\/03\/img-20260311-wa01385832043209076584828.jpg 477w\" sizes=\"auto, (max-width: 241px) 100vw, 241px\" \/><\/figure>\n","protected":false},"excerpt":{"rendered":"<p>Esto luego de los hechos de violencia registrados en un plantel escolar de Veracruz \u00c1ngeles Gonz\u00e1lez CeballosXalapa, Ver. Tras hechos de violencia ocurridos en un plantel escolar de Veracruz, en donde un joven golpea a su compa\u00f1era, es necesario que la problem\u00e1tica se atienda con la participaci\u00f3n de maestros, padres de familia y la sociedad&#8230;. <\/p>\n<div class=\"clear\"><\/div>\n<p><a href=\"https:\/\/plumanegranoticias.com\/?p=14331\" class=\"excerpt-read-more\">Read More<i class=\"fa fa-caret-right icon-caret-right\"><\/i><\/a><\/p>\n","protected":false},"author":2,"featured_media":14333,"comment_status":"open","ping_status":"open","sticky":false,"template":"","format":"standard","meta":{"om_disable_all_campaigns":false,"_monsterinsights_skip_tracking":false,"_monsterinsights_sitenote_active":false,"_monsterinsights_sitenote_note":"","_monsterinsights_sitenote_category":0,"_uf_show_specific_survey":0,"_uf_disable_surveys":false,"footnotes":""},"categories":[13,8],"tags":[28,22,18],"class_list":["post-14331","post","type-post","status-publish","format-standard","has-post-thumbnail","hentry","category-nota-roja","category-politica","tag-nacionales","tag-nota-roja","tag-noticia"],"aioseo_notices":[],"_links":{"self":[{"href":"https:\/\/plumanegranoticias.com\/index.php?rest_route=\/wp\/v2\/posts\/14331","targetHints":{"allow":["GET"]}}],"collection":[{"href":"https:\/\/plumanegranoticias.com\/index.php?rest_route=\/wp\/v2\/posts"}],"about":[{"href":"https:\/\/plumanegranoticias.com\/index.php?rest_route=\/wp\/v2\/types\/post"}],"author":[{"embeddable":true,"href":"https:\/\/plumanegranoticias.com\/index.php?rest_route=\/wp\/v2\/users\/2"}],"replies":[{"embeddable":true,"href":"https:\/\/plumanegranoticias.com\/index.php?rest_route=%2Fwp%2Fv2%2Fcomments&post=14331"}],"version-history":[{"count":1,"href":"https:\/\/plumanegranoticias.com\/index.php?rest_route=\/wp\/v2\/posts\/14331\/revisions"}],"predecessor-version":[{"id":14332,"href":"https:\/\/plumanegranoticias.com\/index.php?rest_route=\/wp\/v2\/posts\/14331\/revisions\/14332"}],"wp:featuredmedia":[{"embeddable":true,"href":"https:\/\/plumanegranoticias.com\/index.php?rest_route=\/wp\/v2\/media\/14333"}],"wp:attachment":[{"href":"https:\/\/plumanegranoticias.com\/index.php?rest_route=%2Fwp%2Fv2%2Fmedia&parent=14331"}],"wp:term":[{"taxonomy":"category","embeddable":true,"href":"https:\/\/plumanegranoticias.com\/index.php?rest_route=%2Fwp%2Fv2%2Fcategories&post=14331"},{"taxonomy":"post_tag","embeddable":true,"href":"https:\/\/plumanegranoticias.com\/index.php?rest_route=%2Fwp%2Fv2%2Ftags&post=14331"}],"curies":[{"name":"wp","href":"https:\/\/api.w.org\/{rel}","templated":true}]}}