{"id":14343,"date":"2026-03-11T13:48:20","date_gmt":"2026-03-11T19:48:20","guid":{"rendered":"https:\/\/plumanegranoticias.com\/?p=14343"},"modified":"2026-03-11T13:48:43","modified_gmt":"2026-03-11T19:48:43","slug":"otro-norte-y-la-uv-suspende-clases-en-la-region-veracruz","status":"publish","type":"post","link":"https:\/\/plumanegranoticias.com\/?p=14343","title":{"rendered":"Otro norte y la UV suspende clases, en la regi\u00f3n Veracruz"},"content":{"rendered":"\n<p>La SPC inform\u00f3 que el FF 40 generar\u00e1 evento de Norte con rachas de 75\u201390 km\/h en la costa central; de 65\u201380 km\/h en las costas norte y sur y, de 60\u201375 km\/h entre Naolinco\u2013Misantla\u2013Xalapa y el valle de Perote<\/p>\n\n\n\n<p>\u00c1ngeles Gonz\u00e1lez Ceballos<br \/>Xalapa, Ver.<\/p>\n\n\n\n<p>La regi\u00f3n Veracruz de la Universidad Veracruzana inform\u00f3 que debido a las condiciones meteorol\u00f3gicas previstas para este jueves 12 de marzo, todas las actividades acad\u00e9micas y administrativas se realizar\u00e1n en l\u00ednea.<\/p>\n\n\n\n<p>El comunicado oficial define que est\u00e1 previsto el paso del Frente Fr\u00edo n\u00famero 40, por lo que toda la comunidad estudiantil, personal acad\u00e9mico, de confianza, administrativo, t\u00e9cnico, manual y eventual no tendr\u00e1n actividades presenciales.<\/p>\n\n\n\n<p>&#8220;Se exhorta a toda la comunidad universitaria a extremar precauciones y mantenerse atenta a los canales oficiales de comunicaci\u00f3n para conocer cualquier actualizaci\u00f3n&#8221;.<\/p>\n\n\n\n<p>La Secretar\u00eda de Protecci\u00f3n Civil del Estado emiti\u00f3 un aviso especial para el d\u00eda de ma\u00f1ana, debido a que se prev\u00e9 que el Frente Fr\u00edo n\u00famero 40 se desplace sobre el estado de Veracruz, incrementando los nublados con potencial para lluvias y tormentas aisladas, con los mayores acumulados en cuencas del Tecolutla al Colipa, regi\u00f3n de Los Tuxtlas y partes altas de las cuencas del sur.<\/p>\n\n\n\n<p>Su masa de aire fr\u00edo de origen polar, que le dar\u00e1 impulso, generar\u00e1 evento de Norte con rachas de 75\u201390 km\/h en la costa central; de 65\u201380 km\/h en las costas norte y sur; y de 60\u201375 km\/h entre Naolinco\u2013Misantla\u2013Xalapa y el valle de Perote.<\/p>\n\n\n\n<p>Asimismo, se prev\u00e9 que haya un oleaje de 2.0 a 3.0 m, as\u00ed como un descenso de las temperaturas m\u00e1ximas.<\/p>\n\n\n\n<figure class=\"wp-block-image size-large\"><img loading=\"lazy\" decoding=\"async\" width=\"1024\" height=\"1024\" src=\"https:\/\/plumanegranoticias.com\/wp-content\/uploads\/2026\/03\/img-20260311-wa01981500449626330539257-1024x1024.jpg\" alt=\"\" class=\"wp-image-14342\" srcset=\"https:\/\/plumanegranoticias.com\/wp-content\/uploads\/2026\/03\/img-20260311-wa01981500449626330539257-1024x1024.jpg 1024w, https:\/\/plumanegranoticias.com\/wp-content\/uploads\/2026\/03\/img-20260311-wa01981500449626330539257-300x300.jpg 300w, https:\/\/plumanegranoticias.com\/wp-content\/uploads\/2026\/03\/img-20260311-wa01981500449626330539257-150x150.jpg 150w, https:\/\/plumanegranoticias.com\/wp-content\/uploads\/2026\/03\/img-20260311-wa01981500449626330539257-768x768.jpg 768w, https:\/\/plumanegranoticias.com\/wp-content\/uploads\/2026\/03\/img-20260311-wa01981500449626330539257-1536x1536.jpg 1536w, https:\/\/plumanegranoticias.com\/wp-content\/uploads\/2026\/03\/img-20260311-wa01981500449626330539257-400x400.jpg 400w, https:\/\/plumanegranoticias.com\/wp-content\/uploads\/2026\/03\/img-20260311-wa01981500449626330539257.jpg 1600w\" sizes=\"auto, (max-width: 1024px) 100vw, 1024px\" \/><\/figure>\n","protected":false},"excerpt":{"rendered":"<p>La SPC inform\u00f3 que el FF 40 generar\u00e1 evento de Norte con rachas de 75\u201390 km\/h en la costa central; de 65\u201380 km\/h en las costas norte y sur y, de 60\u201375 km\/h entre Naolinco\u2013Misantla\u2013Xalapa y el valle de Perote \u00c1ngeles Gonz\u00e1lez CeballosXalapa, Ver. La regi\u00f3n Veracruz de la Universidad Veracruzana inform\u00f3 que debido a&#8230; <\/p>\n<div class=\"clear\"><\/div>\n<p><a href=\"https:\/\/plumanegranoticias.com\/?p=14343\" class=\"excerpt-read-more\">Read More<i class=\"fa fa-caret-right icon-caret-right\"><\/i><\/a><\/p>\n","protected":false},"author":2,"featured_media":14345,"comment_status":"open","ping_status":"open","sticky":false,"template":"","format":"standard","meta":{"om_disable_all_campaigns":false,"_monsterinsights_skip_tracking":false,"_monsterinsights_sitenote_active":false,"_monsterinsights_sitenote_note":"","_monsterinsights_sitenote_category":0,"_uf_show_specific_survey":0,"_uf_disable_surveys":false,"footnotes":""},"categories":[67,8,12,9],"tags":[34,19,31,33],"class_list":["post-14343","post","type-post","status-publish","format-standard","has-post-thumbnail","hentry","category-policiaca","category-politica","category-regional","category-tendencias","tag-policiaca","tag-regional","tag-reporte-ciudadano","tag-tendencias"],"aioseo_notices":[],"_links":{"self":[{"href":"https:\/\/plumanegranoticias.com\/index.php?rest_route=\/wp\/v2\/posts\/14343","targetHints":{"allow":["GET"]}}],"collection":[{"href":"https:\/\/plumanegranoticias.com\/index.php?rest_route=\/wp\/v2\/posts"}],"about":[{"href":"https:\/\/plumanegranoticias.com\/index.php?rest_route=\/wp\/v2\/types\/post"}],"author":[{"embeddable":true,"href":"https:\/\/plumanegranoticias.com\/index.php?rest_route=\/wp\/v2\/users\/2"}],"replies":[{"embeddable":true,"href":"https:\/\/plumanegranoticias.com\/index.php?rest_route=%2Fwp%2Fv2%2Fcomments&post=14343"}],"version-history":[{"count":1,"href":"https:\/\/plumanegranoticias.com\/index.php?rest_route=\/wp\/v2\/posts\/14343\/revisions"}],"predecessor-version":[{"id":14344,"href":"https:\/\/plumanegranoticias.com\/index.php?rest_route=\/wp\/v2\/posts\/14343\/revisions\/14344"}],"wp:featuredmedia":[{"embeddable":true,"href":"https:\/\/plumanegranoticias.com\/index.php?rest_route=\/wp\/v2\/media\/14345"}],"wp:attachment":[{"href":"https:\/\/plumanegranoticias.com\/index.php?rest_route=%2Fwp%2Fv2%2Fmedia&parent=14343"}],"wp:term":[{"taxonomy":"category","embeddable":true,"href":"https:\/\/plumanegranoticias.com\/index.php?rest_route=%2Fwp%2Fv2%2Fcategories&post=14343"},{"taxonomy":"post_tag","embeddable":true,"href":"https:\/\/plumanegranoticias.com\/index.php?rest_route=%2Fwp%2Fv2%2Ftags&post=14343"}],"curies":[{"name":"wp","href":"https:\/\/api.w.org\/{rel}","templated":true}]}}