{"id":14347,"date":"2026-03-11T13:50:10","date_gmt":"2026-03-11T19:50:10","guid":{"rendered":"https:\/\/plumanegranoticias.com\/?p=14347"},"modified":"2026-03-11T13:50:28","modified_gmt":"2026-03-11T19:50:28","slug":"invita-ayuntamiento-de-veracruz-a-jornada-de-box-guantes-rosas","status":"publish","type":"post","link":"https:\/\/plumanegranoticias.com\/?p=14347","title":{"rendered":"Invita Ayuntamiento de Veracruz a jornada de box: \u201cGuantes Rosas\u201d"},"content":{"rendered":"\n<p>El Ayuntamiento de Veracruz invita a la ciudadan\u00eda a participar en la jornada deportiva \u201cGuantes Rosas\u201d, que se realizar\u00e1 este s\u00e1bado 14 de marzo en la Plaza Atarazanas, con el objetivo de promover la activaci\u00f3n f\u00edsica, la participaci\u00f3n de las mujeres y estilos de vida saludables.<\/p>\n\n\n\n<p>Esta actividad forma parte de las acciones impulsadas por la administraci\u00f3n que encabeza la alcaldesa Rosa Mar\u00eda Hern\u00e1ndez Espejo, a trav\u00e9s de la direcci\u00f3n de Deportes, para promover la activaci\u00f3n f\u00edsica y generar espacios de convivencia entre mujeres, j\u00f3venes y familias veracruzanas.<\/p>\n\n\n\n<p>La jornada iniciar\u00e1 a las 8:00 horas con el registro de participantes e incluir\u00e1 una muestra de vendaje de boxeo con el excampe\u00f3n mundial Tom\u00e1s Rojas, adem\u00e1s de clases de Cardio Boxing, Body Combat, t\u00e9cnicas de autodefensa (Krav Maga) y una charla motivacional.<\/p>\n\n\n\n<p>Los asistentes podr\u00e1n disfrutar de hidrataci\u00f3n con bebidas isot\u00f3nicas y la entrega de termos conmemorativos. El registro es gratuito y puede realizarse en el enlace: https:\/\/docs.google.com\/forms\/d\/e\/1FAIpQLSfo_e4cd_F-EpyEGlVW4M5z3H8xhb5Rxo9TRW1k_EcwntxEhw\/viewform?usp=publish-editor<\/p>\n\n\n\n<figure class=\"wp-block-image size-large\"><img loading=\"lazy\" decoding=\"async\" width=\"681\" height=\"1024\" src=\"https:\/\/plumanegranoticias.com\/wp-content\/uploads\/2026\/03\/img-20260311-wa02022723255277367646828-681x1024.jpg\" alt=\"\" class=\"wp-image-14346\" srcset=\"https:\/\/plumanegranoticias.com\/wp-content\/uploads\/2026\/03\/img-20260311-wa02022723255277367646828-681x1024.jpg 681w, https:\/\/plumanegranoticias.com\/wp-content\/uploads\/2026\/03\/img-20260311-wa02022723255277367646828-200x300.jpg 200w, https:\/\/plumanegranoticias.com\/wp-content\/uploads\/2026\/03\/img-20260311-wa02022723255277367646828-768x1155.jpg 768w, https:\/\/plumanegranoticias.com\/wp-content\/uploads\/2026\/03\/img-20260311-wa02022723255277367646828-1021x1536.jpg 1021w, https:\/\/plumanegranoticias.com\/wp-content\/uploads\/2026\/03\/img-20260311-wa02022723255277367646828.jpg 1064w\" sizes=\"auto, (max-width: 681px) 100vw, 681px\" \/><\/figure>\n","protected":false},"excerpt":{"rendered":"<p>El Ayuntamiento de Veracruz invita a la ciudadan\u00eda a participar en la jornada deportiva \u201cGuantes Rosas\u201d, que se realizar\u00e1 este s\u00e1bado 14 de marzo en la Plaza Atarazanas, con el objetivo de promover la activaci\u00f3n f\u00edsica, la participaci\u00f3n de las mujeres y estilos de vida saludables. Esta actividad forma parte de las acciones impulsadas por&#8230; <\/p>\n<div class=\"clear\"><\/div>\n<p><a href=\"https:\/\/plumanegranoticias.com\/?p=14347\" class=\"excerpt-read-more\">Read More<i class=\"fa fa-caret-right icon-caret-right\"><\/i><\/a><\/p>\n","protected":false},"author":2,"featured_media":14349,"comment_status":"open","ping_status":"open","sticky":false,"template":"","format":"standard","meta":{"om_disable_all_campaigns":false,"_monsterinsights_skip_tracking":false,"_monsterinsights_sitenote_active":false,"_monsterinsights_sitenote_note":"","_monsterinsights_sitenote_category":0,"_uf_show_specific_survey":0,"_uf_disable_surveys":false,"footnotes":""},"categories":[14,15],"tags":[27],"class_list":["post-14347","post","type-post","status-publish","format-standard","has-post-thumbnail","hentry","category-deportes","category-nacionales","tag-deportes"],"aioseo_notices":[],"_links":{"self":[{"href":"https:\/\/plumanegranoticias.com\/index.php?rest_route=\/wp\/v2\/posts\/14347","targetHints":{"allow":["GET"]}}],"collection":[{"href":"https:\/\/plumanegranoticias.com\/index.php?rest_route=\/wp\/v2\/posts"}],"about":[{"href":"https:\/\/plumanegranoticias.com\/index.php?rest_route=\/wp\/v2\/types\/post"}],"author":[{"embeddable":true,"href":"https:\/\/plumanegranoticias.com\/index.php?rest_route=\/wp\/v2\/users\/2"}],"replies":[{"embeddable":true,"href":"https:\/\/plumanegranoticias.com\/index.php?rest_route=%2Fwp%2Fv2%2Fcomments&post=14347"}],"version-history":[{"count":1,"href":"https:\/\/plumanegranoticias.com\/index.php?rest_route=\/wp\/v2\/posts\/14347\/revisions"}],"predecessor-version":[{"id":14348,"href":"https:\/\/plumanegranoticias.com\/index.php?rest_route=\/wp\/v2\/posts\/14347\/revisions\/14348"}],"wp:featuredmedia":[{"embeddable":true,"href":"https:\/\/plumanegranoticias.com\/index.php?rest_route=\/wp\/v2\/media\/14349"}],"wp:attachment":[{"href":"https:\/\/plumanegranoticias.com\/index.php?rest_route=%2Fwp%2Fv2%2Fmedia&parent=14347"}],"wp:term":[{"taxonomy":"category","embeddable":true,"href":"https:\/\/plumanegranoticias.com\/index.php?rest_route=%2Fwp%2Fv2%2Fcategories&post=14347"},{"taxonomy":"post_tag","embeddable":true,"href":"https:\/\/plumanegranoticias.com\/index.php?rest_route=%2Fwp%2Fv2%2Ftags&post=14347"}],"curies":[{"name":"wp","href":"https:\/\/api.w.org\/{rel}","templated":true}]}}