{"id":14362,"date":"2026-03-12T09:13:29","date_gmt":"2026-03-12T15:13:29","guid":{"rendered":"https:\/\/plumanegranoticias.com\/?p=14362"},"modified":"2026-03-12T09:14:01","modified_gmt":"2026-03-12T15:14:01","slug":"festival-de-folklor-en-san-andres-tuxtla","status":"publish","type":"post","link":"https:\/\/plumanegranoticias.com\/?p=14362","title":{"rendered":"Festival de Folkl\u00f3r en San Andr\u00e9s Tuxtla"},"content":{"rendered":"\n<p>\u2764\ufe0f #SanAndr\u00e9sTuxtla se convierte en el epicentro del folklore mundial este mes de marzo<\/p>\n\n\n\n<p>La magia, el zapateado y el color regresan al coraz\u00f3n de los Tuxtlas. Del 27 al 30 de marzo, San Andr\u00e9s Tuxtla vestir\u00e1 sus mejores galas para recibir el 4\u00ba Festival Internacional del Folklore \u201cVive San Andr\u00e9s\u201d, un evento que promete consolidar a la regi\u00f3n como un referente cultural a nivel internacional.<\/p>\n\n\n\n<p>Bajo el lema de preservar las ra\u00edces y fortalecer la identidad, el festival ofrecer\u00e1 cuatro d\u00edas de intensas actividades donde delegaciones folcl\u00f3ricas compartir\u00e1n la riqueza de sus tradiciones con el p\u00fablico veracruzano y visitantes de otras latitudes, habla al respecto el profesor Rodolfo Quiroga Alcocer, director del Ballet Folkl\u00f3rocico Quetzalc\u00f3atl.<\/p>\n\n\n\n<figure class=\"wp-block-video\"><video height=\"480\" style=\"aspect-ratio: 848 \/ 480;\" width=\"848\" controls src=\"https:\/\/plumanegranoticias.com\/wp-content\/uploads\/2026\/03\/VID-20260312-WA00491.mp4\"><\/video><\/figure>\n\n\n\n<p>Por: Armando Azamar.<\/p>\n\n\n\n<h1 class=\"wp-block-heading\">LaEntrevista #SanAndr\u00e9sTuxtla #Ballet<\/h1>\n\n\n\n<figure class=\"wp-block-image size-large\"><img loading=\"lazy\" decoding=\"async\" width=\"1024\" height=\"595\" src=\"https:\/\/plumanegranoticias.com\/wp-content\/uploads\/2026\/03\/screenshot_20260312_091217_whatsapp3225364239257792212-1024x595.jpg\" alt=\"\" class=\"wp-image-14360\" srcset=\"https:\/\/plumanegranoticias.com\/wp-content\/uploads\/2026\/03\/screenshot_20260312_091217_whatsapp3225364239257792212-1024x595.jpg 1024w, https:\/\/plumanegranoticias.com\/wp-content\/uploads\/2026\/03\/screenshot_20260312_091217_whatsapp3225364239257792212-300x174.jpg 300w, https:\/\/plumanegranoticias.com\/wp-content\/uploads\/2026\/03\/screenshot_20260312_091217_whatsapp3225364239257792212-768x446.jpg 768w, https:\/\/plumanegranoticias.com\/wp-content\/uploads\/2026\/03\/screenshot_20260312_091217_whatsapp3225364239257792212.jpg 1052w\" sizes=\"auto, (max-width: 1024px) 100vw, 1024px\" \/><\/figure>\n","protected":false},"excerpt":{"rendered":"<p>\u2764\ufe0f #SanAndr\u00e9sTuxtla se convierte en el epicentro del folklore mundial este mes de marzo La magia, el zapateado y el color regresan al coraz\u00f3n de los Tuxtlas. Del 27 al 30 de marzo, San Andr\u00e9s Tuxtla vestir\u00e1 sus mejores galas para recibir el 4\u00ba Festival Internacional del Folklore \u201cVive San Andr\u00e9s\u201d, un evento que promete&#8230; <\/p>\n<div class=\"clear\"><\/div>\n<p><a href=\"https:\/\/plumanegranoticias.com\/?p=14362\" class=\"excerpt-read-more\">Read More<i class=\"fa fa-caret-right icon-caret-right\"><\/i><\/a><\/p>\n","protected":false},"author":2,"featured_media":14364,"comment_status":"open","ping_status":"open","sticky":false,"template":"","format":"standard","meta":{"om_disable_all_campaigns":false,"_monsterinsights_skip_tracking":false,"_monsterinsights_sitenote_active":false,"_monsterinsights_sitenote_note":"","_monsterinsights_sitenote_category":0,"_uf_show_specific_survey":0,"_uf_disable_surveys":false,"footnotes":""},"categories":[1,13,8,12],"tags":[23,24,36,20,18],"class_list":["post-14362","post","type-post","status-publish","format-standard","has-post-thumbnail","hentry","category-blog","category-nota-roja","category-politica","category-regional","tag-entretenimiento","tag-moda","tag-musica","tag-negocios","tag-noticia"],"aioseo_notices":[],"_links":{"self":[{"href":"https:\/\/plumanegranoticias.com\/index.php?rest_route=\/wp\/v2\/posts\/14362","targetHints":{"allow":["GET"]}}],"collection":[{"href":"https:\/\/plumanegranoticias.com\/index.php?rest_route=\/wp\/v2\/posts"}],"about":[{"href":"https:\/\/plumanegranoticias.com\/index.php?rest_route=\/wp\/v2\/types\/post"}],"author":[{"embeddable":true,"href":"https:\/\/plumanegranoticias.com\/index.php?rest_route=\/wp\/v2\/users\/2"}],"replies":[{"embeddable":true,"href":"https:\/\/plumanegranoticias.com\/index.php?rest_route=%2Fwp%2Fv2%2Fcomments&post=14362"}],"version-history":[{"count":1,"href":"https:\/\/plumanegranoticias.com\/index.php?rest_route=\/wp\/v2\/posts\/14362\/revisions"}],"predecessor-version":[{"id":14363,"href":"https:\/\/plumanegranoticias.com\/index.php?rest_route=\/wp\/v2\/posts\/14362\/revisions\/14363"}],"wp:featuredmedia":[{"embeddable":true,"href":"https:\/\/plumanegranoticias.com\/index.php?rest_route=\/wp\/v2\/media\/14364"}],"wp:attachment":[{"href":"https:\/\/plumanegranoticias.com\/index.php?rest_route=%2Fwp%2Fv2%2Fmedia&parent=14362"}],"wp:term":[{"taxonomy":"category","embeddable":true,"href":"https:\/\/plumanegranoticias.com\/index.php?rest_route=%2Fwp%2Fv2%2Fcategories&post=14362"},{"taxonomy":"post_tag","embeddable":true,"href":"https:\/\/plumanegranoticias.com\/index.php?rest_route=%2Fwp%2Fv2%2Ftags&post=14362"}],"curies":[{"name":"wp","href":"https:\/\/api.w.org\/{rel}","templated":true}]}}