{"id":14385,"date":"2026-03-12T10:21:52","date_gmt":"2026-03-12T16:21:52","guid":{"rendered":"https:\/\/plumanegranoticias.com\/?p=14385"},"modified":"2026-03-12T10:22:11","modified_gmt":"2026-03-12T16:22:11","slug":"bloquean-entrada-a-coatepec-por-cierre-de-guarderia-del-imss","status":"publish","type":"post","link":"https:\/\/plumanegranoticias.com\/?p=14385","title":{"rendered":"Bloquean entrada a Coatepec por cierre de guarder\u00eda del IMSS"},"content":{"rendered":"\n<p>\u00c1ngeles Gonz\u00e1lez Ceballos<br>Xalapa, Ver., Madres y padres de familia de la guarder\u00eda &#8220;Papalote&#8221;, ubicada en el municipio de Coatepec, cerraron la entrada al pueblo m\u00e1gico de Coatepec, para exigir la permanencia del servicio infantil.<\/p>\n\n\n\n<p>Insistieron en que si la delegaci\u00f3n del IMSS Veracruz Norte, decide cerrar la guarder\u00eda se afectar\u00e1 a m\u00e1s de 120 familias.<\/p>\n\n\n\n<p>Este es el tercer d\u00eda consecutivo de protestar por parte de los usuarios, de familias trabajadoras que dependen del espacio para el cuidado de sus peque\u00f1os.<\/p>\n\n\n\n<p>Explicaron que el Instituto Mexicano del Seguro Social (IMSS) argumenta que con base en los resultados de una encuesta de satisfacci\u00f3n digital se determin\u00f3 el cierre del espacio de cuidados.<\/p>\n\n\n\n<p>Sin embargo, muchos sostiene que nunca recibieron dicho cuestionario o que las opciones de respuesta no reflejaban realmente su opini\u00f3n sobre el funcionamiento de la estancia infantil.<\/p>\n\n\n\n<p>Los manifestantes han acudido a las oficinas del IMSS Delegaci\u00f3n Veracruz Norte, que se ubica en el mismo sitio de la Cl\u00ednica 11 para exigir una explicaci\u00f3n sobre este proceso, incluso este mismo jueves volver\u00e1n a pedir una audiencia con la delegada.<\/p>\n\n\n\n<p>Advirtieron que mantendr\u00e1n las protestas hasta obtener una respuesta positiva sobre el futuro de la guarder\u00eda.<\/p>\n\n\n\n<figure class=\"wp-block-image size-large\"><img loading=\"lazy\" decoding=\"async\" width=\"1024\" height=\"576\" src=\"https:\/\/plumanegranoticias.com\/wp-content\/uploads\/2026\/03\/img-20260312-wa00715806102436204282358-1024x576.jpg\" alt=\"\" class=\"wp-image-14383\" srcset=\"https:\/\/plumanegranoticias.com\/wp-content\/uploads\/2026\/03\/img-20260312-wa00715806102436204282358-1024x576.jpg 1024w, https:\/\/plumanegranoticias.com\/wp-content\/uploads\/2026\/03\/img-20260312-wa00715806102436204282358-300x169.jpg 300w, https:\/\/plumanegranoticias.com\/wp-content\/uploads\/2026\/03\/img-20260312-wa00715806102436204282358-768x432.jpg 768w, https:\/\/plumanegranoticias.com\/wp-content\/uploads\/2026\/03\/img-20260312-wa00715806102436204282358-1536x864.jpg 1536w, https:\/\/plumanegranoticias.com\/wp-content\/uploads\/2026\/03\/img-20260312-wa00715806102436204282358.jpg 1599w\" sizes=\"auto, (max-width: 1024px) 100vw, 1024px\" \/><\/figure>\n\n\n\n<figure class=\"wp-block-image\"><img loading=\"lazy\" decoding=\"async\" width=\"1024\" height=\"576\" src=\"https:\/\/plumanegranoticias.com\/wp-content\/uploads\/2026\/03\/img-20260312-wa00726181081439314115842-1024x576.jpg\" alt=\"\" class=\"wp-image-14384\" srcset=\"https:\/\/plumanegranoticias.com\/wp-content\/uploads\/2026\/03\/img-20260312-wa00726181081439314115842-1024x576.jpg 1024w, https:\/\/plumanegranoticias.com\/wp-content\/uploads\/2026\/03\/img-20260312-wa00726181081439314115842-300x169.jpg 300w, https:\/\/plumanegranoticias.com\/wp-content\/uploads\/2026\/03\/img-20260312-wa00726181081439314115842-768x432.jpg 768w, https:\/\/plumanegranoticias.com\/wp-content\/uploads\/2026\/03\/img-20260312-wa00726181081439314115842-1536x864.jpg 1536w, https:\/\/plumanegranoticias.com\/wp-content\/uploads\/2026\/03\/img-20260312-wa00726181081439314115842.jpg 1599w\" sizes=\"auto, (max-width: 1024px) 100vw, 1024px\" \/><\/figure>\n","protected":false},"excerpt":{"rendered":"<p>\u00c1ngeles Gonz\u00e1lez CeballosXalapa, Ver., Madres y padres de familia de la guarder\u00eda &#8220;Papalote&#8221;, ubicada en el municipio de Coatepec, cerraron la entrada al pueblo m\u00e1gico de Coatepec, para exigir la permanencia del servicio infantil. Insistieron en que si la delegaci\u00f3n del IMSS Veracruz Norte, decide cerrar la guarder\u00eda se afectar\u00e1 a m\u00e1s de 120 familias&#8230;. <\/p>\n<div class=\"clear\"><\/div>\n<p><a href=\"https:\/\/plumanegranoticias.com\/?p=14385\" class=\"excerpt-read-more\">Read More<i class=\"fa fa-caret-right icon-caret-right\"><\/i><\/a><\/p>\n","protected":false},"author":2,"featured_media":14387,"comment_status":"open","ping_status":"open","sticky":false,"template":"","format":"standard","meta":{"om_disable_all_campaigns":false,"_monsterinsights_skip_tracking":false,"_monsterinsights_sitenote_active":false,"_monsterinsights_sitenote_note":"","_monsterinsights_sitenote_category":0,"_uf_show_specific_survey":0,"_uf_disable_surveys":false,"footnotes":""},"categories":[13],"tags":[22,18,30,34],"class_list":["post-14385","post","type-post","status-publish","format-standard","has-post-thumbnail","hentry","category-nota-roja","tag-nota-roja","tag-noticia","tag-plumazos","tag-policiaca"],"aioseo_notices":[],"_links":{"self":[{"href":"https:\/\/plumanegranoticias.com\/index.php?rest_route=\/wp\/v2\/posts\/14385","targetHints":{"allow":["GET"]}}],"collection":[{"href":"https:\/\/plumanegranoticias.com\/index.php?rest_route=\/wp\/v2\/posts"}],"about":[{"href":"https:\/\/plumanegranoticias.com\/index.php?rest_route=\/wp\/v2\/types\/post"}],"author":[{"embeddable":true,"href":"https:\/\/plumanegranoticias.com\/index.php?rest_route=\/wp\/v2\/users\/2"}],"replies":[{"embeddable":true,"href":"https:\/\/plumanegranoticias.com\/index.php?rest_route=%2Fwp%2Fv2%2Fcomments&post=14385"}],"version-history":[{"count":1,"href":"https:\/\/plumanegranoticias.com\/index.php?rest_route=\/wp\/v2\/posts\/14385\/revisions"}],"predecessor-version":[{"id":14386,"href":"https:\/\/plumanegranoticias.com\/index.php?rest_route=\/wp\/v2\/posts\/14385\/revisions\/14386"}],"wp:featuredmedia":[{"embeddable":true,"href":"https:\/\/plumanegranoticias.com\/index.php?rest_route=\/wp\/v2\/media\/14387"}],"wp:attachment":[{"href":"https:\/\/plumanegranoticias.com\/index.php?rest_route=%2Fwp%2Fv2%2Fmedia&parent=14385"}],"wp:term":[{"taxonomy":"category","embeddable":true,"href":"https:\/\/plumanegranoticias.com\/index.php?rest_route=%2Fwp%2Fv2%2Fcategories&post=14385"},{"taxonomy":"post_tag","embeddable":true,"href":"https:\/\/plumanegranoticias.com\/index.php?rest_route=%2Fwp%2Fv2%2Ftags&post=14385"}],"curies":[{"name":"wp","href":"https:\/\/api.w.org\/{rel}","templated":true}]}}