{"id":14389,"date":"2026-03-12T10:44:41","date_gmt":"2026-03-12T16:44:41","guid":{"rendered":"https:\/\/plumanegranoticias.com\/?p=14389"},"modified":"2026-03-12T10:45:00","modified_gmt":"2026-03-12T16:45:00","slug":"pedro-romera-es-el-presidente-de-la-asoc-de-hoteles-y-moteles-de-veracruz","status":"publish","type":"post","link":"https:\/\/plumanegranoticias.com\/?p=14389","title":{"rendered":"Pedro Romera es el Presidente de la Asoc de Hoteles y Moteles de Veracruz"},"content":{"rendered":"\n<p>Alejandro \u00c1vila<\/p>\n\n\n\n<p>Veracruz, Ver.- La tarde de este mi\u00e9rcoles 11 de marzo se realiz\u00f3 el Consejo Directivo de la Asociaci\u00f3n de Hoteles y Moteles de Veracruz &#8211; Boca del R\u00edo, donde se eligi\u00f3 la nueva directiva que encabezar\u00e1 el due\u00f1o del Hotel Mocambo, Pedro Romero Bueno.<\/p>\n\n\n\n<p>Su gesti\u00f3n ser\u00e1 del 2026 al 2028 con opci\u00f3n de un ciclo m\u00e1s, su mesa directiva queda de la siguiente manera:<\/p>\n\n\n\n<p>1ra. Vicepresidenta: Carla Jim\u00e9nez M\u00e1rques<br \/>2do. Vicepresidente: Israel Ramos Mange<br \/>Secretaria: Mar\u00eda Fernanda L\u00f3pez Arias<br \/>Tesorera: Maricarmen Ogando<\/p>\n\n\n\n<p>La nueva directiva se\u00f1al\u00f3 que tiene como finalidad consolidar el crecimiento del sector tur\u00edstico en la regi\u00f3n conocida como &#8220;Primeros Pasos de Cort\u00e9s&#8221;.<\/p>\n\n\n\n<p>Entre los principales objetivos de esta nueva etapa destacan el fortalecimiento de la bolsa de trabajo del sector, el impulso de programas de capacitaci\u00f3n para los trabajadores, la realizaci\u00f3n de caravanas de promoci\u00f3n tur\u00edstica, as\u00ed como el fortalecimiento de los canales de comunicaci\u00f3n entre la Asociaci\u00f3n y sus miembros.<\/p>\n\n\n\n<figure class=\"wp-block-image size-large\"><img loading=\"lazy\" decoding=\"async\" width=\"1024\" height=\"576\" src=\"https:\/\/plumanegranoticias.com\/wp-content\/uploads\/2026\/03\/img-20260312-wa00925387990808589666441-1024x576.jpg\" alt=\"\" class=\"wp-image-14388\" srcset=\"https:\/\/plumanegranoticias.com\/wp-content\/uploads\/2026\/03\/img-20260312-wa00925387990808589666441-1024x576.jpg 1024w, https:\/\/plumanegranoticias.com\/wp-content\/uploads\/2026\/03\/img-20260312-wa00925387990808589666441-300x169.jpg 300w, https:\/\/plumanegranoticias.com\/wp-content\/uploads\/2026\/03\/img-20260312-wa00925387990808589666441-768x432.jpg 768w, https:\/\/plumanegranoticias.com\/wp-content\/uploads\/2026\/03\/img-20260312-wa00925387990808589666441.jpg 1280w\" sizes=\"auto, (max-width: 1024px) 100vw, 1024px\" \/><\/figure>\n","protected":false},"excerpt":{"rendered":"<p>Alejandro \u00c1vila Veracruz, Ver.- La tarde de este mi\u00e9rcoles 11 de marzo se realiz\u00f3 el Consejo Directivo de la Asociaci\u00f3n de Hoteles y Moteles de Veracruz &#8211; Boca del R\u00edo, donde se eligi\u00f3 la nueva directiva que encabezar\u00e1 el due\u00f1o del Hotel Mocambo, Pedro Romero Bueno. Su gesti\u00f3n ser\u00e1 del 2026 al 2028 con opci\u00f3n&#8230; <\/p>\n<div class=\"clear\"><\/div>\n<p><a href=\"https:\/\/plumanegranoticias.com\/?p=14389\" class=\"excerpt-read-more\">Read More<i class=\"fa fa-caret-right icon-caret-right\"><\/i><\/a><\/p>\n","protected":false},"author":2,"featured_media":14391,"comment_status":"open","ping_status":"open","sticky":false,"template":"","format":"standard","meta":{"om_disable_all_campaigns":false,"_monsterinsights_skip_tracking":false,"_monsterinsights_sitenote_active":false,"_monsterinsights_sitenote_note":"","_monsterinsights_sitenote_category":0,"_uf_show_specific_survey":0,"_uf_disable_surveys":false,"footnotes":""},"categories":[12,10,9],"tags":[22,18],"class_list":["post-14389","post","type-post","status-publish","format-standard","has-post-thumbnail","hentry","category-regional","category-sociales","category-tendencias","tag-nota-roja","tag-noticia"],"aioseo_notices":[],"_links":{"self":[{"href":"https:\/\/plumanegranoticias.com\/index.php?rest_route=\/wp\/v2\/posts\/14389","targetHints":{"allow":["GET"]}}],"collection":[{"href":"https:\/\/plumanegranoticias.com\/index.php?rest_route=\/wp\/v2\/posts"}],"about":[{"href":"https:\/\/plumanegranoticias.com\/index.php?rest_route=\/wp\/v2\/types\/post"}],"author":[{"embeddable":true,"href":"https:\/\/plumanegranoticias.com\/index.php?rest_route=\/wp\/v2\/users\/2"}],"replies":[{"embeddable":true,"href":"https:\/\/plumanegranoticias.com\/index.php?rest_route=%2Fwp%2Fv2%2Fcomments&post=14389"}],"version-history":[{"count":1,"href":"https:\/\/plumanegranoticias.com\/index.php?rest_route=\/wp\/v2\/posts\/14389\/revisions"}],"predecessor-version":[{"id":14390,"href":"https:\/\/plumanegranoticias.com\/index.php?rest_route=\/wp\/v2\/posts\/14389\/revisions\/14390"}],"wp:featuredmedia":[{"embeddable":true,"href":"https:\/\/plumanegranoticias.com\/index.php?rest_route=\/wp\/v2\/media\/14391"}],"wp:attachment":[{"href":"https:\/\/plumanegranoticias.com\/index.php?rest_route=%2Fwp%2Fv2%2Fmedia&parent=14389"}],"wp:term":[{"taxonomy":"category","embeddable":true,"href":"https:\/\/plumanegranoticias.com\/index.php?rest_route=%2Fwp%2Fv2%2Fcategories&post=14389"},{"taxonomy":"post_tag","embeddable":true,"href":"https:\/\/plumanegranoticias.com\/index.php?rest_route=%2Fwp%2Fv2%2Ftags&post=14389"}],"curies":[{"name":"wp","href":"https:\/\/api.w.org\/{rel}","templated":true}]}}