{"id":14401,"date":"2026-03-12T10:53:24","date_gmt":"2026-03-12T16:53:24","guid":{"rendered":"https:\/\/plumanegranoticias.com\/?p=14401"},"modified":"2026-03-12T10:53:45","modified_gmt":"2026-03-12T16:53:45","slug":"generan-conciencia-sobre-cancer-de-mama-en-medellin-de-bravo","status":"publish","type":"post","link":"https:\/\/plumanegranoticias.com\/?p=14401","title":{"rendered":"Generan conciencia sobre c\u00e1ncer de mama en Medell\u00edn de Bravo"},"content":{"rendered":"\n<p>MUAC realizan pl\u00e1tica de concientizaci\u00f3n sobre c\u00e1ncer de mama en Medell\u00edn de Bravo<\/p>\n\n\n\n<p>Alejandro \u00c1vila<\/p>\n\n\n\n<p>Medell\u00edn de Bravo, Ver.- La Asociaci\u00f3n Mujeres Activas contra el C\u00e1ncer de Mama (MUAC) realizaron una pl\u00e1tica a mujeres de Medell\u00edn de Bravo denominada &#8220;Por ti, por m\u00ed, por todas&#8221;, evento gestionado por la regidora primera, Ana Karen Rangel Mata.<\/p>\n\n\n\n<p>Durante su intervenci\u00f3n, la presidenta de la asociaci\u00f3n Mujeres Activas contra el C\u00e1ncer (MUAC), Bety Cruz Sol\u00f3rzano, destac\u00f3 la importancia de llevar informaci\u00f3n a la ciudadan\u00eda, ya que el c\u00e1ncer de mama es una enfermedad que, detectada a tiempo, puede salvar vidas.<\/p>\n\n\n\n<p>Por su parte, la regidora Karen Rangel puntualiz\u00f3 la importancia de que las mujeres medellinenses conozcan la forma de detectar anomal\u00edas mediante exploraciones peri\u00f3dicas, adem\u00e1s de expresar su preocupaci\u00f3n por el incremento de casos de esta enfermedad en mujeres cada vez m\u00e1s j\u00f3venes.<\/p>\n\n\n\n<p>\u201cComo bien sabemos, el c\u00e1ncer de mama es un tema que, de una u otra manera, nos involucra a todos. Muchas personas lo han vivido de cerca, y otros tenemos alg\u00fan familiar, amistad o conocido que ha tenido que enfrentar esta enfermedad. Por ello quiero agradecer profundamente la presencia de la asociaci\u00f3n MUAC por acompa\u00f1arnos y compartir con nosotros informaci\u00f3n tan valiosa sobre este tema, que desgraciadamente ya presenta casos en mujeres muy j\u00f3venes, pero que con una detecci\u00f3n a tiempo puede salvar vidas\u201d, expres\u00f3.<\/p>\n\n\n\n<p>La pl\u00e1tica informativa fue impartida por la doctora Karla Ruz Sald\u00edvar, especialista en el tema, quien explic\u00f3 los principales factores de riesgo y las se\u00f1ales que deben tomarse en cuenta para acudir a una consulta oncol\u00f3gica. Asimismo, detall\u00f3 las formas correctas de realizar la autoexploraci\u00f3n y c\u00f3mo llevar un control desde casa.<\/p>\n\n\n\n<p>Durante el evento, Ingrid Nayeli Palacios Lara y Elia del Carmen Saavedra Serrano compartieron con las asistentes sus testimonios de vida, con el prop\u00f3sito de crear conciencia sobre la importancia de no ignorar las se\u00f1ales que el cuerpo env\u00eda.<\/p>\n\n\n\n<p>Finalmente, Karen Rangel destac\u00f3 que uno de los principales motivos para llevar a cabo esta pl\u00e1tica fue la cercan\u00eda con una gran amiga que enfrent\u00f3 el c\u00e1ncer con valent\u00eda, entusiasmo y siempre buscando apoyar a quienes atravesaban esta enfermedad. Aunque perdi\u00f3 la lucha, dej\u00f3 un gran legado y ense\u00f1anza que todas las mujeres medellinenses deben continuar, en memoria de Frissia Soto.<\/p>\n\n\n\n<p>En el evento tambi\u00e9n se cont\u00f3 con la presencia de la presidenta del DIF municipal, Jessica Dur\u00e1n; la regidora segunda, Mar\u00eda del Carmen Hern\u00e1ndez; la empresaria medellinense Mabely Ortega Uscanga; la corredora de coraz\u00f3n Lupita Baizabal; y el empresario veracruzano impulsor de programas en apoyo de familias medellinenses, Guillermo Herrada Jim\u00e9nez.<\/p>\n\n\n\n<figure class=\"wp-block-image size-large\"><img loading=\"lazy\" decoding=\"async\" width=\"1024\" height=\"682\" src=\"https:\/\/plumanegranoticias.com\/wp-content\/uploads\/2026\/03\/img-20260312-wa0103680723162521701143-1024x682.jpg\" alt=\"\" class=\"wp-image-14398\" srcset=\"https:\/\/plumanegranoticias.com\/wp-content\/uploads\/2026\/03\/img-20260312-wa0103680723162521701143-1024x682.jpg 1024w, https:\/\/plumanegranoticias.com\/wp-content\/uploads\/2026\/03\/img-20260312-wa0103680723162521701143-300x200.jpg 300w, https:\/\/plumanegranoticias.com\/wp-content\/uploads\/2026\/03\/img-20260312-wa0103680723162521701143-768x512.jpg 768w, https:\/\/plumanegranoticias.com\/wp-content\/uploads\/2026\/03\/img-20260312-wa0103680723162521701143-1536x1023.jpg 1536w, https:\/\/plumanegranoticias.com\/wp-content\/uploads\/2026\/03\/img-20260312-wa0103680723162521701143.jpg 1600w\" sizes=\"auto, (max-width: 1024px) 100vw, 1024px\" \/><\/figure>\n\n\n\n<figure class=\"wp-block-image\"><img loading=\"lazy\" decoding=\"async\" width=\"1024\" height=\"866\" src=\"https:\/\/plumanegranoticias.com\/wp-content\/uploads\/2026\/03\/img-20260312-wa01062730543150270815016-1024x866.jpg\" alt=\"\" class=\"wp-image-14399\" srcset=\"https:\/\/plumanegranoticias.com\/wp-content\/uploads\/2026\/03\/img-20260312-wa01062730543150270815016-1024x866.jpg 1024w, https:\/\/plumanegranoticias.com\/wp-content\/uploads\/2026\/03\/img-20260312-wa01062730543150270815016-300x254.jpg 300w, https:\/\/plumanegranoticias.com\/wp-content\/uploads\/2026\/03\/img-20260312-wa01062730543150270815016-768x649.jpg 768w, https:\/\/plumanegranoticias.com\/wp-content\/uploads\/2026\/03\/img-20260312-wa01062730543150270815016.jpg 1280w\" sizes=\"auto, (max-width: 1024px) 100vw, 1024px\" \/><\/figure>\n\n\n\n<figure class=\"wp-block-image\"><img loading=\"lazy\" decoding=\"async\" width=\"1024\" height=\"716\" src=\"https:\/\/plumanegranoticias.com\/wp-content\/uploads\/2026\/03\/img-20260312-wa0105592808484751927597-1024x716.jpg\" alt=\"\" class=\"wp-image-14400\" srcset=\"https:\/\/plumanegranoticias.com\/wp-content\/uploads\/2026\/03\/img-20260312-wa0105592808484751927597-1024x716.jpg 1024w, https:\/\/plumanegranoticias.com\/wp-content\/uploads\/2026\/03\/img-20260312-wa0105592808484751927597-300x210.jpg 300w, https:\/\/plumanegranoticias.com\/wp-content\/uploads\/2026\/03\/img-20260312-wa0105592808484751927597-768x537.jpg 768w, https:\/\/plumanegranoticias.com\/wp-content\/uploads\/2026\/03\/img-20260312-wa0105592808484751927597.jpg 1280w\" sizes=\"auto, (max-width: 1024px) 100vw, 1024px\" \/><\/figure>\n","protected":false},"excerpt":{"rendered":"<p>MUAC realizan pl\u00e1tica de concientizaci\u00f3n sobre c\u00e1ncer de mama en Medell\u00edn de Bravo Alejandro \u00c1vila Medell\u00edn de Bravo, Ver.- La Asociaci\u00f3n Mujeres Activas contra el C\u00e1ncer de Mama (MUAC) realizaron una pl\u00e1tica a mujeres de Medell\u00edn de Bravo denominada &#8220;Por ti, por m\u00ed, por todas&#8221;, evento gestionado por la regidora primera, Ana Karen Rangel Mata&#8230;. <\/p>\n<div class=\"clear\"><\/div>\n<p><a href=\"https:\/\/plumanegranoticias.com\/?p=14401\" class=\"excerpt-read-more\">Read More<i class=\"fa fa-caret-right icon-caret-right\"><\/i><\/a><\/p>\n","protected":false},"author":2,"featured_media":14403,"comment_status":"open","ping_status":"open","sticky":false,"template":"","format":"standard","meta":{"om_disable_all_campaigns":false,"_monsterinsights_skip_tracking":false,"_monsterinsights_sitenote_active":false,"_monsterinsights_sitenote_note":"","_monsterinsights_sitenote_category":0,"_uf_show_specific_survey":0,"_uf_disable_surveys":false,"footnotes":""},"categories":[13,8,12,11,10,9],"tags":[20,22,18],"class_list":["post-14401","post","type-post","status-publish","format-standard","has-post-thumbnail","hentry","category-nota-roja","category-politica","category-regional","category-reporte-ciudadano","category-sociales","category-tendencias","tag-negocios","tag-nota-roja","tag-noticia"],"aioseo_notices":[],"_links":{"self":[{"href":"https:\/\/plumanegranoticias.com\/index.php?rest_route=\/wp\/v2\/posts\/14401","targetHints":{"allow":["GET"]}}],"collection":[{"href":"https:\/\/plumanegranoticias.com\/index.php?rest_route=\/wp\/v2\/posts"}],"about":[{"href":"https:\/\/plumanegranoticias.com\/index.php?rest_route=\/wp\/v2\/types\/post"}],"author":[{"embeddable":true,"href":"https:\/\/plumanegranoticias.com\/index.php?rest_route=\/wp\/v2\/users\/2"}],"replies":[{"embeddable":true,"href":"https:\/\/plumanegranoticias.com\/index.php?rest_route=%2Fwp%2Fv2%2Fcomments&post=14401"}],"version-history":[{"count":1,"href":"https:\/\/plumanegranoticias.com\/index.php?rest_route=\/wp\/v2\/posts\/14401\/revisions"}],"predecessor-version":[{"id":14402,"href":"https:\/\/plumanegranoticias.com\/index.php?rest_route=\/wp\/v2\/posts\/14401\/revisions\/14402"}],"wp:featuredmedia":[{"embeddable":true,"href":"https:\/\/plumanegranoticias.com\/index.php?rest_route=\/wp\/v2\/media\/14403"}],"wp:attachment":[{"href":"https:\/\/plumanegranoticias.com\/index.php?rest_route=%2Fwp%2Fv2%2Fmedia&parent=14401"}],"wp:term":[{"taxonomy":"category","embeddable":true,"href":"https:\/\/plumanegranoticias.com\/index.php?rest_route=%2Fwp%2Fv2%2Fcategories&post=14401"},{"taxonomy":"post_tag","embeddable":true,"href":"https:\/\/plumanegranoticias.com\/index.php?rest_route=%2Fwp%2Fv2%2Ftags&post=14401"}],"curies":[{"name":"wp","href":"https:\/\/api.w.org\/{rel}","templated":true}]}}