{"id":14444,"date":"2026-03-14T15:03:23","date_gmt":"2026-03-14T21:03:23","guid":{"rendered":"https:\/\/plumanegranoticias.com\/?p=14444"},"modified":"2026-03-14T15:03:40","modified_gmt":"2026-03-14T21:03:40","slug":"denuncian-presunto-basurero-clandestino-del-ayuntamiento-en-colonia-costa-de-marfil","status":"publish","type":"post","link":"https:\/\/plumanegranoticias.com\/?p=14444","title":{"rendered":"Denuncian presunto basurero clandestino del Ayuntamiento en colonia Costa de Marfil."},"content":{"rendered":"\n<p>Jos\u00e9 Vargas.<\/p>\n\n\n\n<p>Minatitl\u00e1n, Ver.\u2014 Habitantes de la colonia Costa de Marfil denunciaron la creaci\u00f3n de lo que califican como un basurero clandestino, donde presuntamente unidades del Ayuntamiento de Minatitl\u00e1n han comenzado a depositar grandes cantidades de residuos en un terreno cercano a la zona habitacional.<\/p>\n\n\n\n<p>De acuerdo con testimonios de vecinos, al menos 14 camiones cargados con basura llegan diariamente al predio para descargar desechos, convirtiendo el lugar en un punto de acumulaci\u00f3n de residuos a cielo abierto, lo que ha generado fuertes olores, proliferaci\u00f3n de moscas y roedores, as\u00ed como un evidente foco de contaminaci\u00f3n.<\/p>\n\n\n\n<p>Los colonos aseguran que el movimiento de unidades recolectoras comenz\u00f3 recientemente y, en cuesti\u00f3n de d\u00edas, el terreno pas\u00f3 de ser un espacio bald\u00edo a un tiradero improvisado que ya empieza a afectar directamente a las familias que viven en los alrededores.<\/p>\n\n\n\n<p>Adem\u00e1s del impacto ambiental, los habitantes advierten que la situaci\u00f3n representa un riesgo sanitario, pues la basura se encuentra expuesta y sin ning\u00fan tipo de control o manejo adecuado.<\/p>\n\n\n\n<p>Vecinos del sector se\u00f1alan que el terreno no cuenta con permisos ni autorizaci\u00f3n para operar como sitio de disposici\u00f3n de residuos, por lo que consideran que el uso de este espacio como tiradero podr\u00eda tratarse de un basurero clandestino tolerado o impulsado por autoridades municipales.<\/p>\n\n\n\n<p>\u201cPr\u00e1cticamente lo est\u00e1n convirtiendo en el nuevo basurero de Minatitl\u00e1n, pero aqu\u00ed hay casas, hay ni\u00f1os, hay familias que tienen que soportar los olores y la contaminaci\u00f3n\u201d, expres\u00f3 uno de los habitantes inconformes.<\/p>\n\n\n\n<p>Ante la falta de una explicaci\u00f3n oficial por parte del Ayuntamiento, los pobladores advirtieron que buscar\u00e1n escalar la denuncia hasta el Gobierno del Estado, con la intenci\u00f3n de que se investigue el origen de las descargas y se determine qui\u00e9n autoriz\u00f3 que ese terreno comenzara a utilizarse como dep\u00f3sito de basura, ya que aseguran que esta pr\u00e1ctica pone en riesgo la salud y la calidad de vida de cientos de personas en la colonia Costa de Marfil.<\/p>\n\n\n\n<figure class=\"wp-block-image size-large\"><img loading=\"lazy\" decoding=\"async\" width=\"1024\" height=\"576\" src=\"https:\/\/plumanegranoticias.com\/wp-content\/uploads\/2026\/03\/img-20260314-wa01222989101975287434348-1024x576.jpg\" alt=\"\" class=\"wp-image-14442\" srcset=\"https:\/\/plumanegranoticias.com\/wp-content\/uploads\/2026\/03\/img-20260314-wa01222989101975287434348-1024x576.jpg 1024w, https:\/\/plumanegranoticias.com\/wp-content\/uploads\/2026\/03\/img-20260314-wa01222989101975287434348-300x169.jpg 300w, https:\/\/plumanegranoticias.com\/wp-content\/uploads\/2026\/03\/img-20260314-wa01222989101975287434348-768x432.jpg 768w, https:\/\/plumanegranoticias.com\/wp-content\/uploads\/2026\/03\/img-20260314-wa01222989101975287434348.jpg 1280w\" sizes=\"auto, (max-width: 1024px) 100vw, 1024px\" \/><\/figure>\n\n\n\n<figure class=\"wp-block-image\"><img loading=\"lazy\" decoding=\"async\" width=\"1024\" height=\"576\" src=\"https:\/\/plumanegranoticias.com\/wp-content\/uploads\/2026\/03\/img-20260314-wa01234344935597471453355-1024x576.jpg\" alt=\"\" class=\"wp-image-14441\" srcset=\"https:\/\/plumanegranoticias.com\/wp-content\/uploads\/2026\/03\/img-20260314-wa01234344935597471453355-1024x576.jpg 1024w, https:\/\/plumanegranoticias.com\/wp-content\/uploads\/2026\/03\/img-20260314-wa01234344935597471453355-300x169.jpg 300w, https:\/\/plumanegranoticias.com\/wp-content\/uploads\/2026\/03\/img-20260314-wa01234344935597471453355-768x432.jpg 768w, https:\/\/plumanegranoticias.com\/wp-content\/uploads\/2026\/03\/img-20260314-wa01234344935597471453355.jpg 1280w\" sizes=\"auto, (max-width: 1024px) 100vw, 1024px\" \/><\/figure>\n\n\n\n<figure class=\"wp-block-image\"><img loading=\"lazy\" decoding=\"async\" width=\"1024\" height=\"576\" src=\"https:\/\/plumanegranoticias.com\/wp-content\/uploads\/2026\/03\/img-20260314-wa01248761792014164347015-1024x576.jpg\" alt=\"\" class=\"wp-image-14443\" srcset=\"https:\/\/plumanegranoticias.com\/wp-content\/uploads\/2026\/03\/img-20260314-wa01248761792014164347015-1024x576.jpg 1024w, https:\/\/plumanegranoticias.com\/wp-content\/uploads\/2026\/03\/img-20260314-wa01248761792014164347015-300x169.jpg 300w, https:\/\/plumanegranoticias.com\/wp-content\/uploads\/2026\/03\/img-20260314-wa01248761792014164347015-768x432.jpg 768w, https:\/\/plumanegranoticias.com\/wp-content\/uploads\/2026\/03\/img-20260314-wa01248761792014164347015.jpg 1280w\" sizes=\"auto, (max-width: 1024px) 100vw, 1024px\" \/><\/figure>\n","protected":false},"excerpt":{"rendered":"<p>Jos\u00e9 Vargas. Minatitl\u00e1n, Ver.\u2014 Habitantes de la colonia Costa de Marfil denunciaron la creaci\u00f3n de lo que califican como un basurero clandestino, donde presuntamente unidades del Ayuntamiento de Minatitl\u00e1n han comenzado a depositar grandes cantidades de residuos en un terreno cercano a la zona habitacional. De acuerdo con testimonios de vecinos, al menos 14 camiones&#8230; <\/p>\n<div class=\"clear\"><\/div>\n<p><a href=\"https:\/\/plumanegranoticias.com\/?p=14444\" class=\"excerpt-read-more\">Read More<i class=\"fa fa-caret-right icon-caret-right\"><\/i><\/a><\/p>\n","protected":false},"author":2,"featured_media":14446,"comment_status":"open","ping_status":"open","sticky":false,"template":"","format":"standard","meta":{"om_disable_all_campaigns":false,"_monsterinsights_skip_tracking":false,"_monsterinsights_sitenote_active":false,"_monsterinsights_sitenote_note":"","_monsterinsights_sitenote_category":0,"_uf_show_specific_survey":0,"_uf_disable_surveys":false,"footnotes":""},"categories":[16,12,10,9],"tags":[61,19,31,29],"class_list":["post-14444","post","type-post","status-publish","format-standard","has-post-thumbnail","hentry","category-plumazos","category-regional","category-sociales","category-tendencias","tag-politica","tag-regional","tag-reporte-ciudadano","tag-salud"],"aioseo_notices":[],"_links":{"self":[{"href":"https:\/\/plumanegranoticias.com\/index.php?rest_route=\/wp\/v2\/posts\/14444","targetHints":{"allow":["GET"]}}],"collection":[{"href":"https:\/\/plumanegranoticias.com\/index.php?rest_route=\/wp\/v2\/posts"}],"about":[{"href":"https:\/\/plumanegranoticias.com\/index.php?rest_route=\/wp\/v2\/types\/post"}],"author":[{"embeddable":true,"href":"https:\/\/plumanegranoticias.com\/index.php?rest_route=\/wp\/v2\/users\/2"}],"replies":[{"embeddable":true,"href":"https:\/\/plumanegranoticias.com\/index.php?rest_route=%2Fwp%2Fv2%2Fcomments&post=14444"}],"version-history":[{"count":1,"href":"https:\/\/plumanegranoticias.com\/index.php?rest_route=\/wp\/v2\/posts\/14444\/revisions"}],"predecessor-version":[{"id":14445,"href":"https:\/\/plumanegranoticias.com\/index.php?rest_route=\/wp\/v2\/posts\/14444\/revisions\/14445"}],"wp:featuredmedia":[{"embeddable":true,"href":"https:\/\/plumanegranoticias.com\/index.php?rest_route=\/wp\/v2\/media\/14446"}],"wp:attachment":[{"href":"https:\/\/plumanegranoticias.com\/index.php?rest_route=%2Fwp%2Fv2%2Fmedia&parent=14444"}],"wp:term":[{"taxonomy":"category","embeddable":true,"href":"https:\/\/plumanegranoticias.com\/index.php?rest_route=%2Fwp%2Fv2%2Fcategories&post=14444"},{"taxonomy":"post_tag","embeddable":true,"href":"https:\/\/plumanegranoticias.com\/index.php?rest_route=%2Fwp%2Fv2%2Ftags&post=14444"}],"curies":[{"name":"wp","href":"https:\/\/api.w.org\/{rel}","templated":true}]}}