{"id":14485,"date":"2026-04-28T12:20:03","date_gmt":"2026-04-28T18:20:03","guid":{"rendered":"https:\/\/plumanegranoticias.com\/?p=14485"},"modified":"2026-04-28T12:20:43","modified_gmt":"2026-04-28T18:20:43","slug":"joven-es-llevada-al-hospital-tras-aventarse-de-puente-en-veracruz-puerto","status":"publish","type":"post","link":"https:\/\/plumanegranoticias.com\/?p=14485","title":{"rendered":"Joven es llevada al hospital tras aventarse de puente en Veracruz puerto"},"content":{"rendered":"\n<p>Alejandro \u00c1vila<\/p>\n\n\n\n<p>Veracruz, Ver.- Una joven de identidad reservada fue llevada de emergencia al hospital por los cuerpos de emergencia tras haberse aventado de un puente en la zona norte del municipio de Veracruz.<\/p>\n\n\n\n<p>Los hechos ocurrieron alrededor de las 11 de la ma\u00f1ana en el puente peatonal ubicado sobre la avenida Rafael Cuervo a la altura del fraccionamiento Villa Rica.<\/p>\n\n\n\n<p>&#8220;S\u00ed, la vi tirada y pens\u00e9 que era un accidente de moto, pero me acerqu\u00e9 y dijeron que se hab\u00eda aventado de aqu\u00ed del puente peatonal de espalda, una de las chicas que estaba aqu\u00ed le llam\u00f3 a su pap\u00e1, y el pap\u00e1 lleg\u00f3 se puede decir que enseguida no s\u00e9 si viven aqu\u00ed cerca, y el pap\u00e1 coment\u00f3 que se pele\u00f3 con la mam\u00e1 por eso yo creo que tom\u00f3 esa decisi\u00f3n&#8221;, coment\u00f3 una testigo de nombre Ang\u00e9lica.<\/p>\n\n\n\n<p>La joven qui\u00e9n es menor de edad tendr\u00eda presuntos problemas psicol\u00f3gicos, ya que no es la primera ocasi\u00f3n que intenta atentar contra su vida, pues se menciona ya se hab\u00eda intentado cortar las venas.<\/p>\n\n\n\n<figure class=\"wp-block-image size-large\"><img loading=\"lazy\" decoding=\"async\" width=\"576\" height=\"1024\" src=\"https:\/\/plumanegranoticias.com\/wp-content\/uploads\/2026\/04\/img-20260428-wa01377410073239946787123-576x1024.jpg\" alt=\"\" class=\"wp-image-14484\" srcset=\"https:\/\/plumanegranoticias.com\/wp-content\/uploads\/2026\/04\/img-20260428-wa01377410073239946787123-576x1024.jpg 576w, https:\/\/plumanegranoticias.com\/wp-content\/uploads\/2026\/04\/img-20260428-wa01377410073239946787123-169x300.jpg 169w, https:\/\/plumanegranoticias.com\/wp-content\/uploads\/2026\/04\/img-20260428-wa01377410073239946787123-768x1365.jpg 768w, https:\/\/plumanegranoticias.com\/wp-content\/uploads\/2026\/04\/img-20260428-wa01377410073239946787123-864x1536.jpg 864w, https:\/\/plumanegranoticias.com\/wp-content\/uploads\/2026\/04\/img-20260428-wa01377410073239946787123.jpg 900w\" sizes=\"auto, (max-width: 576px) 100vw, 576px\" \/><\/figure>\n","protected":false},"excerpt":{"rendered":"<p>Alejandro \u00c1vila Veracruz, Ver.- Una joven de identidad reservada fue llevada de emergencia al hospital por los cuerpos de emergencia tras haberse aventado de un puente en la zona norte del municipio de Veracruz. Los hechos ocurrieron alrededor de las 11 de la ma\u00f1ana en el puente peatonal ubicado sobre la avenida Rafael Cuervo a&#8230; <\/p>\n<div class=\"clear\"><\/div>\n<p><a href=\"https:\/\/plumanegranoticias.com\/?p=14485\" class=\"excerpt-read-more\">Read More<i class=\"fa fa-caret-right icon-caret-right\"><\/i><\/a><\/p>\n","protected":false},"author":2,"featured_media":14487,"comment_status":"open","ping_status":"open","sticky":false,"template":"","format":"standard","meta":{"om_disable_all_campaigns":false,"_monsterinsights_skip_tracking":false,"_monsterinsights_sitenote_active":false,"_monsterinsights_sitenote_note":"","_monsterinsights_sitenote_category":0,"_uf_show_specific_survey":0,"_uf_disable_surveys":false,"footnotes":""},"categories":[13,8,11],"tags":[20,22,18,34,61,19],"class_list":["post-14485","post","type-post","status-publish","format-standard","has-post-thumbnail","hentry","category-nota-roja","category-politica","category-reporte-ciudadano","tag-negocios","tag-nota-roja","tag-noticia","tag-policiaca","tag-politica","tag-regional"],"aioseo_notices":[],"_links":{"self":[{"href":"https:\/\/plumanegranoticias.com\/index.php?rest_route=\/wp\/v2\/posts\/14485","targetHints":{"allow":["GET"]}}],"collection":[{"href":"https:\/\/plumanegranoticias.com\/index.php?rest_route=\/wp\/v2\/posts"}],"about":[{"href":"https:\/\/plumanegranoticias.com\/index.php?rest_route=\/wp\/v2\/types\/post"}],"author":[{"embeddable":true,"href":"https:\/\/plumanegranoticias.com\/index.php?rest_route=\/wp\/v2\/users\/2"}],"replies":[{"embeddable":true,"href":"https:\/\/plumanegranoticias.com\/index.php?rest_route=%2Fwp%2Fv2%2Fcomments&post=14485"}],"version-history":[{"count":1,"href":"https:\/\/plumanegranoticias.com\/index.php?rest_route=\/wp\/v2\/posts\/14485\/revisions"}],"predecessor-version":[{"id":14486,"href":"https:\/\/plumanegranoticias.com\/index.php?rest_route=\/wp\/v2\/posts\/14485\/revisions\/14486"}],"wp:featuredmedia":[{"embeddable":true,"href":"https:\/\/plumanegranoticias.com\/index.php?rest_route=\/wp\/v2\/media\/14487"}],"wp:attachment":[{"href":"https:\/\/plumanegranoticias.com\/index.php?rest_route=%2Fwp%2Fv2%2Fmedia&parent=14485"}],"wp:term":[{"taxonomy":"category","embeddable":true,"href":"https:\/\/plumanegranoticias.com\/index.php?rest_route=%2Fwp%2Fv2%2Fcategories&post=14485"},{"taxonomy":"post_tag","embeddable":true,"href":"https:\/\/plumanegranoticias.com\/index.php?rest_route=%2Fwp%2Fv2%2Ftags&post=14485"}],"curies":[{"name":"wp","href":"https:\/\/api.w.org\/{rel}","templated":true}]}}