{"id":15065,"date":"2026-08-31T09:13:59","date_gmt":"2026-08-31T15:13:59","guid":{"rendered":"https:\/\/plumanegranoticias.com\/?p=15065"},"modified":"2026-08-31T09:13:59","modified_gmt":"2026-08-31T15:13:59","slug":"no-podran-entrar-ni-alumnos-ni-maestros-con-celulares-a-clases-nahle","status":"publish","type":"post","link":"https:\/\/plumanegranoticias.com\/?p=15065","title":{"rendered":"No podr\u00e1n entrar ni alumnos ni maestros con celulares a clases: Nahle"},"content":{"rendered":"\n<p class=\"wp-block-paragraph\"><\/p>\n\n\n\n<p class=\"wp-block-paragraph\">-La SEP ya envi\u00f3 reglamento a Veracruz<\/p>\n\n\n\n<p class=\"wp-block-paragraph\">-Consider\u00f3 que no pasa nada si no tienen el tel\u00e9fono media ma\u00f1ana<\/p>\n\n\n\n<p class=\"wp-block-paragraph\">\u00c1ngeles Gonz\u00e1lez Ceballos<br>Xalapa, Ver.  Al dar inicio el nuevo ciclo escolar, la gobernadora de Veracruz, Roc\u00edo Nahle Garc\u00eda, inform\u00f3 que la presidencia de la Rep\u00fablica, a trav\u00e9s de la SEP ya envi\u00f3 a Veracruz un reglamento para la restricci\u00f3n de uso de los celulares y, aunque les dieron tres opciones, la que el Estado aplicar\u00e1 es que tanto ni\u00f1os como docentes no entren a clases con los dispositivos m\u00f3viles.<\/p>\n\n\n\n<p class=\"wp-block-paragraph\">&#8220;Ya pusieron un reglamento, ya nos lo turn\u00f3 la SEP, ya nosotros estamos turn\u00e1ndolo a la Secretar\u00eda de Educaci\u00f3n de Veracruz.<\/p>\n\n\n\n<p class=\"wp-block-paragraph\">Nos dan tres opciones. Una de las opciones que estamos eligiendo es que no lleven celulares ni los ni\u00f1os ni los maestros durante la clase&#8221;, expuso.<\/p>\n\n\n\n<p class=\"wp-block-paragraph\">Manifest\u00f3 que otra de las opciones es que los celulares se queden en un caj\u00f3n, pero su instrucci\u00f3n en la Entidad es que no los lleven a clases.<\/p>\n\n\n\n<p class=\"wp-block-paragraph\">&#8220;No pasa nada si est\u00e1n media ma\u00f1ana sin los celulares. Ese es un tema que estaremos sacando pr\u00f3ximamente&#8221;, indic\u00f3.<\/p>\n\n\n\n<p class=\"wp-block-paragraph\">En entrevista en una radio local, resalt\u00f3 que a partir de este lunes m\u00e1s de 2 millones de estudiantes regresan a clases, ciclo que tendr\u00e1 una duraci\u00f3n de 185 d\u00edas aproximadamente.<\/p>\n\n\n\n<p class=\"wp-block-paragraph\">&#8220;Es una instrucci\u00f3n de la presidenta la inversi\u00f3n en educaci\u00f3n, abrir m\u00e1s escuelas, que aumente la matr\u00edcula, avanzar en el tema de analfabetismo, que se vayan preparando nuestros estudiantes.<\/p>\n\n\n\n<p class=\"wp-block-paragraph\">Hoy les deseo a todos nuestros ni\u00f1os y nuestras ni\u00f1as un feliz retorno a clases, es preciosa la etapa de estudiante, es preciosa porque se convive, se aprende&#8221;, asever\u00f3.<\/p>\n\n\n\n<p class=\"wp-block-paragraph\">En ese orden de ideas, la titular del Ejecutivo del Estado, manifest\u00f3 que uno de los objetivos de su administraci\u00f3n es que los estudiantes puedan acudir a clases contando con uniformes libros y dem\u00e1s, que les d\u00e9 el Estado.<\/p>\n\n\n\n<p class=\"wp-block-paragraph\">Ah\u00ed, record\u00f3 que este a\u00f1o ya se les empezaron a dar mochilas y \u00fatiles escolares en los municipios m\u00e1s vulnerables de acuerdo como lo maneja el INEGI.<\/p>\n\n\n\n<p class=\"wp-block-paragraph\">Record\u00f3 la entrega de los primeros apoyos se hicieron en marzo y abril en los diversos municipios de la Huasteca veracruzana.<\/p>\n\n\n\n<p class=\"wp-block-paragraph\">Asimismo, refiri\u00f3 que la semana pasada hicieron una entrega similar en 16 municipios de la Sierra de Zongolica, posteriormente en 14 municipios de la Sierra de Zoteapan.<\/p>\n\n\n\n<p class=\"wp-block-paragraph\">&#8220;Mi objetivo es que el a\u00f1o que entra avancemos en m\u00e1s municipios, quiero terminar de entregar. Mi objetivo es que antes de que concluya mi mandato, poderle entregar a todos los ni\u00f1os y ni\u00f1as de preescolar, primaria y secundaria sus \u00fatiles y sus mochilas&#8221;, destac\u00f3.<\/p>\n\n\n\n<p class=\"wp-block-paragraph\">Nahle Garc\u00eda resalt\u00f3 que esto es independiente de la beca &#8220;Rita Zetina&#8221; que proporciona el gobierno de M\u00e9xico, que es para la compra de uniformes. <\/p>\n\n\n\n<figure class=\"wp-block-image size-large\"><img loading=\"lazy\" decoding=\"async\" width=\"1024\" height=\"458\" src=\"https:\/\/plumanegranoticias.com\/wp-content\/uploads\/2026\/08\/36bf48bf-3f86-4a31-b831-41a996084712-1024x458.jpeg\" class=\"wp-image-15062\" srcset=\"https:\/\/plumanegranoticias.com\/wp-content\/uploads\/2026\/08\/36bf48bf-3f86-4a31-b831-41a996084712-1024x458.jpeg 1024w, https:\/\/plumanegranoticias.com\/wp-content\/uploads\/2026\/08\/36bf48bf-3f86-4a31-b831-41a996084712-300x134.jpeg 300w, https:\/\/plumanegranoticias.com\/wp-content\/uploads\/2026\/08\/36bf48bf-3f86-4a31-b831-41a996084712-768x344.jpeg 768w, https:\/\/plumanegranoticias.com\/wp-content\/uploads\/2026\/08\/36bf48bf-3f86-4a31-b831-41a996084712-1536x687.jpeg 1536w, https:\/\/plumanegranoticias.com\/wp-content\/uploads\/2026\/08\/36bf48bf-3f86-4a31-b831-41a996084712.jpeg 1600w\" sizes=\"auto, (max-width: 1024px) 100vw, 1024px\" \/><\/figure>\n\n\n\n<figure class=\"wp-block-image size-large\"><img loading=\"lazy\" decoding=\"async\" width=\"1024\" height=\"768\" src=\"https:\/\/plumanegranoticias.com\/wp-content\/uploads\/2026\/08\/2ffa9378-0540-46d4-934c-bb385c656e69-1024x768.jpeg\" class=\"wp-image-15063\" srcset=\"https:\/\/plumanegranoticias.com\/wp-content\/uploads\/2026\/08\/2ffa9378-0540-46d4-934c-bb385c656e69-1024x768.jpeg 1024w, https:\/\/plumanegranoticias.com\/wp-content\/uploads\/2026\/08\/2ffa9378-0540-46d4-934c-bb385c656e69-300x225.jpeg 300w, https:\/\/plumanegranoticias.com\/wp-content\/uploads\/2026\/08\/2ffa9378-0540-46d4-934c-bb385c656e69-768x576.jpeg 768w, https:\/\/plumanegranoticias.com\/wp-content\/uploads\/2026\/08\/2ffa9378-0540-46d4-934c-bb385c656e69-1536x1152.jpeg 1536w, https:\/\/plumanegranoticias.com\/wp-content\/uploads\/2026\/08\/2ffa9378-0540-46d4-934c-bb385c656e69-400x300.jpeg 400w, https:\/\/plumanegranoticias.com\/wp-content\/uploads\/2026\/08\/2ffa9378-0540-46d4-934c-bb385c656e69.jpeg 1600w\" sizes=\"auto, (max-width: 1024px) 100vw, 1024px\" \/><\/figure>\n\n\n\n<p class=\"wp-block-paragraph\"><\/p>\n","protected":false},"excerpt":{"rendered":"<p>-La SEP ya envi\u00f3 reglamento a Veracruz -Consider\u00f3 que no pasa nada si no tienen el tel\u00e9fono media ma\u00f1ana \u00c1ngeles Gonz\u00e1lez CeballosXalapa, Ver. Al dar inicio el nuevo ciclo escolar, la gobernadora de Veracruz, Roc\u00edo Nahle Garc\u00eda, inform\u00f3 que la presidencia de la Rep\u00fablica, a trav\u00e9s de la SEP ya envi\u00f3 a Veracruz un reglamento&#8230; <\/p>\n<div class=\"clear\"><\/div>\n<p><a href=\"https:\/\/plumanegranoticias.com\/?p=15065\" class=\"excerpt-read-more\">Read More<i class=\"fa fa-caret-right icon-caret-right\"><\/i><\/a><\/p>\n","protected":false},"author":6,"featured_media":15064,"comment_status":"closed","ping_status":"open","sticky":false,"template":"","format":"standard","meta":{"om_disable_all_campaigns":false,"_monsterinsights_skip_tracking":false,"_uf_show_specific_survey":0,"_uf_disable_surveys":false,"footnotes":""},"categories":[16,8,12],"tags":[76,30,61],"class_list":["post-15065","post","type-post","status-publish","format-standard","has-post-thumbnail","hentry","category-plumazos","category-politica","category-regional","tag-educacion","tag-plumazos","tag-politica"],"aioseo_notices":[],"aioseo_head":"\n\t\t<!-- All in One SEO 5.0.0.1 - aioseo.com -->\n\t<meta name=\"description\" content=\"-La SEP ya envi\u00f3 reglamento a Veracruz -Consider\u00f3 que no pasa nada si no tienen el tel\u00e9fono media ma\u00f1ana \u00c1ngeles Gonz\u00e1lez CeballosXalapa, Ver. Al dar inicio el nuevo ciclo escolar, la gobernadora de Veracruz, Roc\u00edo Nahle Garc\u00eda, inform\u00f3 que la presidencia de la Rep\u00fablica, a trav\u00e9s de la SEP ya envi\u00f3 a Veracruz un reglamento\" \/>\n\t<meta name=\"robots\" content=\"max-image-preview:large\" \/>\n\t<meta name=\"author\" content=\"Sergio Ricardo Alonso Carrizales\"\/>\n\t<link rel=\"canonical\" href=\"https:\/\/plumanegranoticias.com\/?p=15065\" \/>\n\t<meta name=\"generator\" content=\"All in One SEO (AIOSEO) 5.0.0.1\" \/>\n\t\t<meta property=\"og:locale\" content=\"es_MX\" \/>\n\t\t<meta property=\"og:site_name\" content=\"plumanegranoticias.com -\" \/>\n\t\t<meta property=\"og:type\" content=\"article\" \/>\n\t\t<meta property=\"og:title\" content=\"No podr\u00e1n entrar ni alumnos ni maestros con celulares a clases: Nahle - plumanegranoticias.com\" \/>\n\t\t<meta property=\"og:description\" content=\"-La SEP ya envi\u00f3 reglamento a Veracruz -Consider\u00f3 que no pasa nada si no tienen el tel\u00e9fono media ma\u00f1ana \u00c1ngeles Gonz\u00e1lez CeballosXalapa, Ver. Al dar inicio el nuevo ciclo escolar, la gobernadora de Veracruz, Roc\u00edo Nahle Garc\u00eda, inform\u00f3 que la presidencia de la Rep\u00fablica, a trav\u00e9s de la SEP ya envi\u00f3 a Veracruz un reglamento\" \/>\n\t\t<meta property=\"og:url\" content=\"https:\/\/plumanegranoticias.com\/?p=15065\" \/>\n\t\t<meta property=\"article:published_time\" content=\"2026-08-31T15:13:59+00:00\" \/>\n\t\t<meta property=\"article:modified_time\" content=\"2026-08-31T15:13:59+00:00\" \/>\n\t\t<meta name=\"twitter:card\" content=\"summary_large_image\" \/>\n\t\t<meta name=\"twitter:title\" content=\"No podr\u00e1n entrar ni alumnos ni maestros con celulares a clases: Nahle - plumanegranoticias.com\" \/>\n\t\t<meta name=\"twitter:description\" content=\"-La SEP ya envi\u00f3 reglamento a Veracruz -Consider\u00f3 que no pasa nada si no tienen el tel\u00e9fono media ma\u00f1ana \u00c1ngeles Gonz\u00e1lez CeballosXalapa, Ver. Al dar inicio el nuevo ciclo escolar, la gobernadora de Veracruz, Roc\u00edo Nahle Garc\u00eda, inform\u00f3 que la presidencia de la Rep\u00fablica, a trav\u00e9s de la SEP ya envi\u00f3 a Veracruz un reglamento\" \/>\n\t\t<script type=\"application\/ld+json\" class=\"aioseo-schema\">\n\t\t\t{\"@context\":\"https:\\\/\\\/schema.org\",\"@graph\":[{\"@type\":\"BlogPosting\",\"@id\":\"https:\\\/\\\/plumanegranoticias.com\\\/?p=15065#blogposting\",\"name\":\"No podr\\u00e1n entrar ni alumnos ni maestros con celulares a clases: Nahle - plumanegranoticias.com\",\"headline\":\"No podr\\u00e1n entrar ni alumnos ni maestros con celulares a clases: Nahle\",\"author\":{\"@id\":\"https:\\\/\\\/plumanegranoticias.com\\\/?author=6#author\"},\"publisher\":{\"@id\":\"https:\\\/\\\/plumanegranoticias.com\\\/#organization\"},\"image\":{\"@type\":\"ImageObject\",\"url\":\"https:\\\/\\\/plumanegranoticias.com\\\/wp-content\\\/uploads\\\/2026\\\/08\\\/ce569a29-d687-4847-a271-52aa43527108.jpeg\",\"width\":1600,\"height\":716},\"datePublished\":\"2026-08-31T09:13:59-06:00\",\"dateModified\":\"2026-08-31T09:13:59-06:00\",\"inLanguage\":\"es-MX\",\"mainEntityOfPage\":{\"@id\":\"https:\\\/\\\/plumanegranoticias.com\\\/?p=15065#webpage\"},\"isPartOf\":{\"@id\":\"https:\\\/\\\/plumanegranoticias.com\\\/?p=15065#webpage\"},\"articleSection\":\"Plumazos, Pol\\u00edtica, Regional, educaci\\u00f3n, Plumazos, Pol\\u00edtica\"},{\"@type\":\"BreadcrumbList\",\"@id\":\"https:\\\/\\\/plumanegranoticias.com\\\/?p=15065#breadcrumblist\",\"itemListElement\":[{\"@type\":\"ListItem\",\"@id\":\"https:\\\/\\\/plumanegranoticias.com#listItem\",\"position\":1,\"name\":\"Home\",\"item\":\"https:\\\/\\\/plumanegranoticias.com\",\"nextItem\":{\"@type\":\"ListItem\",\"@id\":\"https:\\\/\\\/plumanegranoticias.com\\\/?cat=8#listItem\",\"name\":\"Pol\\u00edtica\"}},{\"@type\":\"ListItem\",\"@id\":\"https:\\\/\\\/plumanegranoticias.com\\\/?cat=8#listItem\",\"position\":2,\"name\":\"Pol\\u00edtica\",\"item\":\"https:\\\/\\\/plumanegranoticias.com\\\/?cat=8\",\"nextItem\":{\"@type\":\"ListItem\",\"@id\":\"https:\\\/\\\/plumanegranoticias.com\\\/?p=15065#listItem\",\"name\":\"No podr\\u00e1n entrar ni alumnos ni maestros con celulares a clases: Nahle\"},\"previousItem\":{\"@type\":\"ListItem\",\"@id\":\"https:\\\/\\\/plumanegranoticias.com#listItem\",\"name\":\"Home\"}},{\"@type\":\"ListItem\",\"@id\":\"https:\\\/\\\/plumanegranoticias.com\\\/?p=15065#listItem\",\"position\":3,\"name\":\"No podr\\u00e1n entrar ni alumnos ni maestros con celulares a clases: Nahle\",\"previousItem\":{\"@type\":\"ListItem\",\"@id\":\"https:\\\/\\\/plumanegranoticias.com\\\/?cat=8#listItem\",\"name\":\"Pol\\u00edtica\"}}]},{\"@type\":\"Organization\",\"@id\":\"https:\\\/\\\/plumanegranoticias.com\\\/#organization\",\"name\":\"plumanegranoticias.com\",\"url\":\"https:\\\/\\\/plumanegranoticias.com\\\/\"},{\"@type\":\"Person\",\"@id\":\"https:\\\/\\\/plumanegranoticias.com\\\/?author=6#author\",\"url\":\"https:\\\/\\\/plumanegranoticias.com\\\/?author=6\",\"name\":\"Sergio Ricardo Alonso Carrizales\",\"image\":{\"@type\":\"ImageObject\",\"@id\":\"https:\\\/\\\/plumanegranoticias.com\\\/?p=15065#authorImage\",\"url\":\"https:\\\/\\\/secure.gravatar.com\\\/avatar\\\/4a2109b4c1db10373767b38e9de5044c15288afe263d87faf7256dffb8a9285f?s=96&d=mm&r=g\",\"width\":96,\"height\":96,\"caption\":\"Sergio Ricardo Alonso Carrizales\"}},{\"@type\":\"WebPage\",\"@id\":\"https:\\\/\\\/plumanegranoticias.com\\\/?p=15065#webpage\",\"url\":\"https:\\\/\\\/plumanegranoticias.com\\\/?p=15065\",\"name\":\"No podr\\u00e1n entrar ni alumnos ni maestros con celulares a clases: Nahle - plumanegranoticias.com\",\"description\":\"-La SEP ya envi\\u00f3 reglamento a Veracruz -Consider\\u00f3 que no pasa nada si no tienen el tel\\u00e9fono media ma\\u00f1ana \\u00c1ngeles Gonz\\u00e1lez CeballosXalapa, Ver. Al dar inicio el nuevo ciclo escolar, la gobernadora de Veracruz, Roc\\u00edo Nahle Garc\\u00eda, inform\\u00f3 que la presidencia de la Rep\\u00fablica, a trav\\u00e9s de la SEP ya envi\\u00f3 a Veracruz un reglamento\",\"inLanguage\":\"es-MX\",\"isPartOf\":{\"@id\":\"https:\\\/\\\/plumanegranoticias.com\\\/#website\"},\"breadcrumb\":{\"@id\":\"https:\\\/\\\/plumanegranoticias.com\\\/?p=15065#breadcrumblist\"},\"author\":{\"@id\":\"https:\\\/\\\/plumanegranoticias.com\\\/?author=6#author\"},\"creator\":{\"@id\":\"https:\\\/\\\/plumanegranoticias.com\\\/?author=6#author\"},\"image\":{\"@type\":\"ImageObject\",\"url\":\"https:\\\/\\\/plumanegranoticias.com\\\/wp-content\\\/uploads\\\/2026\\\/08\\\/ce569a29-d687-4847-a271-52aa43527108.jpeg\",\"@id\":\"https:\\\/\\\/plumanegranoticias.com\\\/?p=15065\\\/#mainImage\",\"width\":1600,\"height\":716},\"primaryImageOfPage\":{\"@id\":\"https:\\\/\\\/plumanegranoticias.com\\\/?p=15065#mainImage\"},\"datePublished\":\"2026-08-31T09:13:59-06:00\",\"dateModified\":\"2026-08-31T09:13:59-06:00\"},{\"@type\":\"WebSite\",\"@id\":\"https:\\\/\\\/plumanegranoticias.com\\\/#website\",\"url\":\"https:\\\/\\\/plumanegranoticias.com\\\/\",\"name\":\"plumanegranoticias.com\",\"inLanguage\":\"es-MX\",\"publisher\":{\"@id\":\"https:\\\/\\\/plumanegranoticias.com\\\/#organization\"}}]}\n\t\t<\/script>\n\t\t<!-- All in One SEO -->\n\n","aioseo_head_json":{"title":"No podr\u00e1n entrar ni alumnos ni maestros con celulares a clases: Nahle - plumanegranoticias.com","description":"-La SEP ya envi\u00f3 reglamento a Veracruz -Consider\u00f3 que no pasa nada si no tienen el tel\u00e9fono media ma\u00f1ana \u00c1ngeles Gonz\u00e1lez CeballosXalapa, Ver. Al dar inicio el nuevo ciclo escolar, la gobernadora de Veracruz, Roc\u00edo Nahle Garc\u00eda, inform\u00f3 que la presidencia de la Rep\u00fablica, a trav\u00e9s de la SEP ya envi\u00f3 a Veracruz un reglamento","canonical_url":"https:\/\/plumanegranoticias.com\/?p=15065","robots":"max-image-preview:large","keywords":"","webmasterTools":{"miscellaneous":""},"schema":{"@context":"https:\/\/schema.org","@graph":[{"@type":"BlogPosting","@id":"https:\/\/plumanegranoticias.com\/?p=15065#blogposting","name":"No podr\u00e1n entrar ni alumnos ni maestros con celulares a clases: Nahle - plumanegranoticias.com","headline":"No podr\u00e1n entrar ni alumnos ni maestros con celulares a clases: Nahle","author":{"@id":"https:\/\/plumanegranoticias.com\/?author=6#author"},"publisher":{"@id":"https:\/\/plumanegranoticias.com\/#organization"},"image":{"@type":"ImageObject","url":"https:\/\/plumanegranoticias.com\/wp-content\/uploads\/2026\/08\/ce569a29-d687-4847-a271-52aa43527108.jpeg","width":1600,"height":716},"datePublished":"2026-08-31T09:13:59-06:00","dateModified":"2026-08-31T09:13:59-06:00","inLanguage":"es-MX","mainEntityOfPage":{"@id":"https:\/\/plumanegranoticias.com\/?p=15065#webpage"},"isPartOf":{"@id":"https:\/\/plumanegranoticias.com\/?p=15065#webpage"},"articleSection":"Plumazos, Pol\u00edtica, Regional, educaci\u00f3n, Plumazos, Pol\u00edtica"},{"@type":"BreadcrumbList","@id":"https:\/\/plumanegranoticias.com\/?p=15065#breadcrumblist","itemListElement":[{"@type":"ListItem","@id":"https:\/\/plumanegranoticias.com#listItem","position":1,"name":"Home","item":"https:\/\/plumanegranoticias.com","nextItem":{"@type":"ListItem","@id":"https:\/\/plumanegranoticias.com\/?cat=8#listItem","name":"Pol\u00edtica"}},{"@type":"ListItem","@id":"https:\/\/plumanegranoticias.com\/?cat=8#listItem","position":2,"name":"Pol\u00edtica","item":"https:\/\/plumanegranoticias.com\/?cat=8","nextItem":{"@type":"ListItem","@id":"https:\/\/plumanegranoticias.com\/?p=15065#listItem","name":"No podr\u00e1n entrar ni alumnos ni maestros con celulares a clases: Nahle"},"previousItem":{"@type":"ListItem","@id":"https:\/\/plumanegranoticias.com#listItem","name":"Home"}},{"@type":"ListItem","@id":"https:\/\/plumanegranoticias.com\/?p=15065#listItem","position":3,"name":"No podr\u00e1n entrar ni alumnos ni maestros con celulares a clases: Nahle","previousItem":{"@type":"ListItem","@id":"https:\/\/plumanegranoticias.com\/?cat=8#listItem","name":"Pol\u00edtica"}}]},{"@type":"Organization","@id":"https:\/\/plumanegranoticias.com\/#organization","name":"plumanegranoticias.com","url":"https:\/\/plumanegranoticias.com\/"},{"@type":"Person","@id":"https:\/\/plumanegranoticias.com\/?author=6#author","url":"https:\/\/plumanegranoticias.com\/?author=6","name":"Sergio Ricardo Alonso Carrizales","image":{"@type":"ImageObject","@id":"https:\/\/plumanegranoticias.com\/?p=15065#authorImage","url":"https:\/\/secure.gravatar.com\/avatar\/4a2109b4c1db10373767b38e9de5044c15288afe263d87faf7256dffb8a9285f?s=96&d=mm&r=g","width":96,"height":96,"caption":"Sergio Ricardo Alonso Carrizales"}},{"@type":"WebPage","@id":"https:\/\/plumanegranoticias.com\/?p=15065#webpage","url":"https:\/\/plumanegranoticias.com\/?p=15065","name":"No podr\u00e1n entrar ni alumnos ni maestros con celulares a clases: Nahle - plumanegranoticias.com","description":"-La SEP ya envi\u00f3 reglamento a Veracruz -Consider\u00f3 que no pasa nada si no tienen el tel\u00e9fono media ma\u00f1ana \u00c1ngeles Gonz\u00e1lez CeballosXalapa, Ver. Al dar inicio el nuevo ciclo escolar, la gobernadora de Veracruz, Roc\u00edo Nahle Garc\u00eda, inform\u00f3 que la presidencia de la Rep\u00fablica, a trav\u00e9s de la SEP ya envi\u00f3 a Veracruz un reglamento","inLanguage":"es-MX","isPartOf":{"@id":"https:\/\/plumanegranoticias.com\/#website"},"breadcrumb":{"@id":"https:\/\/plumanegranoticias.com\/?p=15065#breadcrumblist"},"author":{"@id":"https:\/\/plumanegranoticias.com\/?author=6#author"},"creator":{"@id":"https:\/\/plumanegranoticias.com\/?author=6#author"},"image":{"@type":"ImageObject","url":"https:\/\/plumanegranoticias.com\/wp-content\/uploads\/2026\/08\/ce569a29-d687-4847-a271-52aa43527108.jpeg","@id":"https:\/\/plumanegranoticias.com\/?p=15065\/#mainImage","width":1600,"height":716},"primaryImageOfPage":{"@id":"https:\/\/plumanegranoticias.com\/?p=15065#mainImage"},"datePublished":"2026-08-31T09:13:59-06:00","dateModified":"2026-08-31T09:13:59-06:00"},{"@type":"WebSite","@id":"https:\/\/plumanegranoticias.com\/#website","url":"https:\/\/plumanegranoticias.com\/","name":"plumanegranoticias.com","inLanguage":"es-MX","publisher":{"@id":"https:\/\/plumanegranoticias.com\/#organization"}}]},"og:locale":"es_MX","og:site_name":"plumanegranoticias.com -","og:type":"article","og:title":"No podr\u00e1n entrar ni alumnos ni maestros con celulares a clases: Nahle - plumanegranoticias.com","og:description":"-La SEP ya envi\u00f3 reglamento a Veracruz -Consider\u00f3 que no pasa nada si no tienen el tel\u00e9fono media ma\u00f1ana \u00c1ngeles Gonz\u00e1lez CeballosXalapa, Ver. Al dar inicio el nuevo ciclo escolar, la gobernadora de Veracruz, Roc\u00edo Nahle Garc\u00eda, inform\u00f3 que la presidencia de la Rep\u00fablica, a trav\u00e9s de la SEP ya envi\u00f3 a Veracruz un reglamento","og:url":"https:\/\/plumanegranoticias.com\/?p=15065","article:published_time":"2026-08-31T15:13:59+00:00","article:modified_time":"2026-08-31T15:13:59+00:00","twitter:card":"summary_large_image","twitter:title":"No podr\u00e1n entrar ni alumnos ni maestros con celulares a clases: Nahle - plumanegranoticias.com","twitter:description":"-La SEP ya envi\u00f3 reglamento a Veracruz -Consider\u00f3 que no pasa nada si no tienen el tel\u00e9fono media ma\u00f1ana \u00c1ngeles Gonz\u00e1lez CeballosXalapa, Ver. Al dar inicio el nuevo ciclo escolar, la gobernadora de Veracruz, Roc\u00edo Nahle Garc\u00eda, inform\u00f3 que la presidencia de la Rep\u00fablica, a trav\u00e9s de la SEP ya envi\u00f3 a Veracruz un reglamento"},"aioseo_meta_data":[],"aioseo_breadcrumb":"<div class=\"aioseo-breadcrumbs\"><span class=\"aioseo-breadcrumb\">\n\t\t\t<a href=\"https:\/\/plumanegranoticias.com\" title=\"Home\">Home<\/a>\n\t\t<\/span><span class=\"aioseo-breadcrumb-separator\">&raquo;<\/span><span class=\"aioseo-breadcrumb\">\n\t\t\t<a href=\"https:\/\/plumanegranoticias.com\/?cat=8\" title=\"Pol\u00edtica\">Pol\u00edtica<\/a>\n\t\t<\/span><span class=\"aioseo-breadcrumb-separator\">&raquo;<\/span><span class=\"aioseo-breadcrumb\">\n\t\t\tNo podr\u00e1n entrar ni alumnos ni maestros con celulares a clases: Nahle\n\t\t<\/span><\/div>","aioseo_breadcrumb_json":[{"label":"Home","link":"https:\/\/plumanegranoticias.com"},{"label":"Pol\u00edtica","link":"https:\/\/plumanegranoticias.com\/?cat=8"},{"label":"No podr\u00e1n entrar ni alumnos ni maestros con celulares a clases: Nahle","link":"https:\/\/plumanegranoticias.com\/?p=15065"}],"_links":{"self":[{"href":"https:\/\/plumanegranoticias.com\/index.php?rest_route=\/wp\/v2\/posts\/15065","targetHints":{"allow":["GET"]}}],"collection":[{"href":"https:\/\/plumanegranoticias.com\/index.php?rest_route=\/wp\/v2\/posts"}],"about":[{"href":"https:\/\/plumanegranoticias.com\/index.php?rest_route=\/wp\/v2\/types\/post"}],"author":[{"embeddable":true,"href":"https:\/\/plumanegranoticias.com\/index.php?rest_route=\/wp\/v2\/users\/6"}],"replies":[{"embeddable":true,"href":"https:\/\/plumanegranoticias.com\/index.php?rest_route=%2Fwp%2Fv2%2Fcomments&post=15065"}],"version-history":[{"count":1,"href":"https:\/\/plumanegranoticias.com\/index.php?rest_route=\/wp\/v2\/posts\/15065\/revisions"}],"predecessor-version":[{"id":15066,"href":"https:\/\/plumanegranoticias.com\/index.php?rest_route=\/wp\/v2\/posts\/15065\/revisions\/15066"}],"wp:featuredmedia":[{"embeddable":true,"href":"https:\/\/plumanegranoticias.com\/index.php?rest_route=\/wp\/v2\/media\/15064"}],"wp:attachment":[{"href":"https:\/\/plumanegranoticias.com\/index.php?rest_route=%2Fwp%2Fv2%2Fmedia&parent=15065"}],"wp:term":[{"taxonomy":"category","embeddable":true,"href":"https:\/\/plumanegranoticias.com\/index.php?rest_route=%2Fwp%2Fv2%2Fcategories&post=15065"},{"taxonomy":"post_tag","embeddable":true,"href":"https:\/\/plumanegranoticias.com\/index.php?rest_route=%2Fwp%2Fv2%2Ftags&post=15065"}],"curies":[{"name":"wp","href":"https:\/\/api.w.org\/{rel}","templated":true}]}}