{"id":15068,"date":"2026-08-31T09:15:53","date_gmt":"2026-08-31T15:15:53","guid":{"rendered":"https:\/\/plumanegranoticias.com\/?p=15068"},"modified":"2026-08-31T09:16:07","modified_gmt":"2026-08-31T15:16:07","slug":"avanza-creacion-de-primera-ley-general-de-derechos-indigenas-y-afromexicanos-en-la-historia-del-pais","status":"publish","type":"post","link":"https:\/\/plumanegranoticias.com\/?p=15068","title":{"rendered":"Avanza creaci\u00f3n de primera Ley General de Derechos Ind\u00edgenas y Afromexicanos en la historia del pa\u00eds"},"content":{"rendered":"\n<p class=\"wp-block-paragraph\"><\/p>\n\n\n\n<p class=\"wp-block-paragraph\">-Este fin de semana en diversos puntos del Estado final, se recogi\u00f3 la voz directa de las comunidades y se recibieron propuestas y opiniones para construir una iniciativa donde todos los derechos de las comunidades se garanticen<\/p>\n\n\n\n<p class=\"wp-block-paragraph\">\u00c1ngeles Gonz\u00e1lez Ceballos<br>Xalapa, Ver.Con el objetivo de que el Poder Legislativo analice, discuta y, en su caso, lo apruebe, la presidenta Claudia Sheinbaum presentar\u00e1 el pr\u00f3ximo 12 de octubre ante el Congreso de la Uni\u00f3n, la propuesta de Iniciativa de Ley General de Derechos de los Pueblos Ind\u00edgenas y Afromexicanos.<\/p>\n\n\n\n<p class=\"wp-block-paragraph\">\u200bLa propuesta busca garantizar de manera integral el marco normativo para los sectores originarios y afromexicanos al otorgarles estatus legal formal. De acuerdo con el texto central del proyecto.<\/p>\n\n\n\n<p class=\"wp-block-paragraph\">&#8220;La normativa tiene por objeto promover, proteger, garantizar e implementar los derechos de los Pueblos y Comunidades Ind\u00edgenas y Afromexicanas en su car\u00e1cter de sujetos de derecho p\u00fablico con personalidad jur\u00eddica y patrimonio propio, para el ejercicio de su libre determinaci\u00f3n y autonom\u00eda&#8221;, expres\u00f3 la titular de la Oficina de representaci\u00f3n del INPI en el Estado de Veracruz, Magdalena Hern\u00e1ndez Hern\u00e1ndez.<\/p>\n\n\n\n<p class=\"wp-block-paragraph\">Durante el Foro informativo sobre la Consulta Previa, Libre e Informada de la propuesta de Iniciativa de Ley General de Derechos de los Pueblos Ind\u00edgenas y Afromexicanos, celebrado en la comunidad de Mata Clara, perteneciente al municipio de Cuitl\u00e1huac, se puntualiz\u00f3 que con la eventual aprobaci\u00f3n de esta iniciativa, el marco legislativo nacional alcanzar\u00e1 un &#8220;hito in\u00e9dito&#8221; en materia de inclusi\u00f3n e igualdad social, ya que por primera vez en nuestro pa\u00eds se estar\u00eda contando con una Ley de Pueblos y Comunidades ind\u00edgenas y afromexicanas.<\/p>\n\n\n\n<p class=\"wp-block-paragraph\">\u200bPara concretar el documento final, este fin de semana se recogi\u00f3 la voz directa de las comunidades a trav\u00e9s de un proceso participativo formal donde se recibieron propuestas y opiniones que buscan construir una iniciativa donde todos los derechos de las comunidades se garanticen.<\/p>\n\n\n\n<p class=\"wp-block-paragraph\">\u200bEl proceso de acopio de opiniones tuvo lugar los d\u00edas 29 y 30 de agosto y las sedes del encuentro incluyeron la comunidad de Cerro de Nanchital en el municipio de Las Choapas y el municipio de Orizaba, espacios en los que el personal institucional atendi\u00f3 a los pueblos Nahua, Totonaco, Tzeltal, Zoque, Tzotzil, Mazateco, Popoluca y Cho&#8217;l, as\u00ed como la sede en Cuitl\u00e1huac.<\/p>\n\n\n\n<p class=\"wp-block-paragraph\">La titular de la Oficina de representaci\u00f3n del INPI en el Estado de Veracruz, Magdalena Hern\u00e1ndez Hern\u00e1ndez, estuvo acompa\u00f1ada de directores de los Centros Coordinadores y personal adscrito a las oficinas centrales del INPI en M\u00e9xico.<\/p>\n","protected":false},"excerpt":{"rendered":"<p>-Este fin de semana en diversos puntos del Estado final, se recogi\u00f3 la voz directa de las comunidades y se recibieron propuestas y opiniones para construir una iniciativa donde todos los derechos de las comunidades se garanticen \u00c1ngeles Gonz\u00e1lez CeballosXalapa, Ver.Con el objetivo de que el Poder Legislativo analice, discuta y, en su caso, lo&#8230; <\/p>\n<div class=\"clear\"><\/div>\n<p><a href=\"https:\/\/plumanegranoticias.com\/?p=15068\" class=\"excerpt-read-more\">Read More<i class=\"fa fa-caret-right icon-caret-right\"><\/i><\/a><\/p>\n","protected":false},"author":6,"featured_media":15067,"comment_status":"closed","ping_status":"open","sticky":false,"template":"","format":"standard","meta":{"om_disable_all_campaigns":false,"_monsterinsights_skip_tracking":false,"_uf_show_specific_survey":0,"_uf_disable_surveys":false,"footnotes":""},"categories":[16,8],"tags":[76,30,61],"class_list":["post-15068","post","type-post","status-publish","format-standard","has-post-thumbnail","hentry","category-plumazos","category-politica","tag-educacion","tag-plumazos","tag-politica"],"aioseo_notices":[],"aioseo_head":"\n\t\t<!-- All in One SEO 5.0.0.1 - aioseo.com -->\n\t<meta name=\"description\" content=\"-Este fin de semana en diversos puntos del Estado final, se recogi\u00f3 la voz directa de las comunidades y se recibieron propuestas y opiniones para construir una iniciativa donde todos los derechos de las comunidades se garanticen \u00c1ngeles Gonz\u00e1lez CeballosXalapa, Ver.Con el objetivo de que el Poder Legislativo analice, discuta y, en su caso, lo\" \/>\n\t<meta name=\"robots\" content=\"max-image-preview:large\" \/>\n\t<meta name=\"author\" content=\"Sergio Ricardo Alonso Carrizales\"\/>\n\t<link rel=\"canonical\" href=\"https:\/\/plumanegranoticias.com\/?p=15068\" \/>\n\t<meta name=\"generator\" content=\"All in One SEO (AIOSEO) 5.0.0.1\" \/>\n\t\t<meta property=\"og:locale\" content=\"es_MX\" \/>\n\t\t<meta property=\"og:site_name\" content=\"plumanegranoticias.com -\" \/>\n\t\t<meta property=\"og:type\" content=\"article\" \/>\n\t\t<meta property=\"og:title\" content=\"Avanza creaci\u00f3n de primera Ley General de Derechos Ind\u00edgenas y Afromexicanos en la historia del pa\u00eds - plumanegranoticias.com\" \/>\n\t\t<meta property=\"og:description\" content=\"-Este fin de semana en diversos puntos del Estado final, se recogi\u00f3 la voz directa de las comunidades y se recibieron propuestas y opiniones para construir una iniciativa donde todos los derechos de las comunidades se garanticen \u00c1ngeles Gonz\u00e1lez CeballosXalapa, Ver.Con el objetivo de que el Poder Legislativo analice, discuta y, en su caso, lo\" \/>\n\t\t<meta property=\"og:url\" content=\"https:\/\/plumanegranoticias.com\/?p=15068\" \/>\n\t\t<meta property=\"article:published_time\" content=\"2026-08-31T15:15:53+00:00\" \/>\n\t\t<meta property=\"article:modified_time\" content=\"2026-08-31T15:16:07+00:00\" \/>\n\t\t<meta name=\"twitter:card\" content=\"summary_large_image\" \/>\n\t\t<meta name=\"twitter:title\" content=\"Avanza creaci\u00f3n de primera Ley General de Derechos Ind\u00edgenas y Afromexicanos en la historia del pa\u00eds - plumanegranoticias.com\" \/>\n\t\t<meta name=\"twitter:description\" content=\"-Este fin de semana en diversos puntos del Estado final, se recogi\u00f3 la voz directa de las comunidades y se recibieron propuestas y opiniones para construir una iniciativa donde todos los derechos de las comunidades se garanticen \u00c1ngeles Gonz\u00e1lez CeballosXalapa, Ver.Con el objetivo de que el Poder Legislativo analice, discuta y, en su caso, lo\" \/>\n\t\t<script type=\"application\/ld+json\" class=\"aioseo-schema\">\n\t\t\t{\"@context\":\"https:\\\/\\\/schema.org\",\"@graph\":[{\"@type\":\"BlogPosting\",\"@id\":\"https:\\\/\\\/plumanegranoticias.com\\\/?p=15068#blogposting\",\"name\":\"Avanza creaci\\u00f3n de primera Ley General de Derechos Ind\\u00edgenas y Afromexicanos en la historia del pa\\u00eds - plumanegranoticias.com\",\"headline\":\"Avanza creaci\\u00f3n de primera Ley General de Derechos Ind\\u00edgenas y Afromexicanos en la historia del pa\\u00eds\",\"author\":{\"@id\":\"https:\\\/\\\/plumanegranoticias.com\\\/?author=6#author\"},\"publisher\":{\"@id\":\"https:\\\/\\\/plumanegranoticias.com\\\/#organization\"},\"image\":{\"@type\":\"ImageObject\",\"url\":\"https:\\\/\\\/plumanegranoticias.com\\\/wp-content\\\/uploads\\\/2026\\\/08\\\/26184848-789d-47ed-af17-b7ff361fa282.jpeg\",\"width\":1092,\"height\":608},\"datePublished\":\"2026-08-31T09:15:53-06:00\",\"dateModified\":\"2026-08-31T09:16:07-06:00\",\"inLanguage\":\"es-MX\",\"mainEntityOfPage\":{\"@id\":\"https:\\\/\\\/plumanegranoticias.com\\\/?p=15068#webpage\"},\"isPartOf\":{\"@id\":\"https:\\\/\\\/plumanegranoticias.com\\\/?p=15068#webpage\"},\"articleSection\":\"Plumazos, Pol\\u00edtica, educaci\\u00f3n, Plumazos, Pol\\u00edtica\"},{\"@type\":\"BreadcrumbList\",\"@id\":\"https:\\\/\\\/plumanegranoticias.com\\\/?p=15068#breadcrumblist\",\"itemListElement\":[{\"@type\":\"ListItem\",\"@id\":\"https:\\\/\\\/plumanegranoticias.com#listItem\",\"position\":1,\"name\":\"Home\",\"item\":\"https:\\\/\\\/plumanegranoticias.com\",\"nextItem\":{\"@type\":\"ListItem\",\"@id\":\"https:\\\/\\\/plumanegranoticias.com\\\/?cat=8#listItem\",\"name\":\"Pol\\u00edtica\"}},{\"@type\":\"ListItem\",\"@id\":\"https:\\\/\\\/plumanegranoticias.com\\\/?cat=8#listItem\",\"position\":2,\"name\":\"Pol\\u00edtica\",\"item\":\"https:\\\/\\\/plumanegranoticias.com\\\/?cat=8\",\"nextItem\":{\"@type\":\"ListItem\",\"@id\":\"https:\\\/\\\/plumanegranoticias.com\\\/?p=15068#listItem\",\"name\":\"Avanza creaci\\u00f3n de primera Ley General de Derechos Ind\\u00edgenas y Afromexicanos en la historia del pa\\u00eds\"},\"previousItem\":{\"@type\":\"ListItem\",\"@id\":\"https:\\\/\\\/plumanegranoticias.com#listItem\",\"name\":\"Home\"}},{\"@type\":\"ListItem\",\"@id\":\"https:\\\/\\\/plumanegranoticias.com\\\/?p=15068#listItem\",\"position\":3,\"name\":\"Avanza creaci\\u00f3n de primera Ley General de Derechos Ind\\u00edgenas y Afromexicanos en la historia del pa\\u00eds\",\"previousItem\":{\"@type\":\"ListItem\",\"@id\":\"https:\\\/\\\/plumanegranoticias.com\\\/?cat=8#listItem\",\"name\":\"Pol\\u00edtica\"}}]},{\"@type\":\"Organization\",\"@id\":\"https:\\\/\\\/plumanegranoticias.com\\\/#organization\",\"name\":\"plumanegranoticias.com\",\"url\":\"https:\\\/\\\/plumanegranoticias.com\\\/\"},{\"@type\":\"Person\",\"@id\":\"https:\\\/\\\/plumanegranoticias.com\\\/?author=6#author\",\"url\":\"https:\\\/\\\/plumanegranoticias.com\\\/?author=6\",\"name\":\"Sergio Ricardo Alonso Carrizales\",\"image\":{\"@type\":\"ImageObject\",\"@id\":\"https:\\\/\\\/plumanegranoticias.com\\\/?p=15068#authorImage\",\"url\":\"https:\\\/\\\/secure.gravatar.com\\\/avatar\\\/4a2109b4c1db10373767b38e9de5044c15288afe263d87faf7256dffb8a9285f?s=96&d=mm&r=g\",\"width\":96,\"height\":96,\"caption\":\"Sergio Ricardo Alonso Carrizales\"}},{\"@type\":\"WebPage\",\"@id\":\"https:\\\/\\\/plumanegranoticias.com\\\/?p=15068#webpage\",\"url\":\"https:\\\/\\\/plumanegranoticias.com\\\/?p=15068\",\"name\":\"Avanza creaci\\u00f3n de primera Ley General de Derechos Ind\\u00edgenas y Afromexicanos en la historia del pa\\u00eds - plumanegranoticias.com\",\"description\":\"-Este fin de semana en diversos puntos del Estado final, se recogi\\u00f3 la voz directa de las comunidades y se recibieron propuestas y opiniones para construir una iniciativa donde todos los derechos de las comunidades se garanticen \\u00c1ngeles Gonz\\u00e1lez CeballosXalapa, Ver.Con el objetivo de que el Poder Legislativo analice, discuta y, en su caso, lo\",\"inLanguage\":\"es-MX\",\"isPartOf\":{\"@id\":\"https:\\\/\\\/plumanegranoticias.com\\\/#website\"},\"breadcrumb\":{\"@id\":\"https:\\\/\\\/plumanegranoticias.com\\\/?p=15068#breadcrumblist\"},\"author\":{\"@id\":\"https:\\\/\\\/plumanegranoticias.com\\\/?author=6#author\"},\"creator\":{\"@id\":\"https:\\\/\\\/plumanegranoticias.com\\\/?author=6#author\"},\"image\":{\"@type\":\"ImageObject\",\"url\":\"https:\\\/\\\/plumanegranoticias.com\\\/wp-content\\\/uploads\\\/2026\\\/08\\\/26184848-789d-47ed-af17-b7ff361fa282.jpeg\",\"@id\":\"https:\\\/\\\/plumanegranoticias.com\\\/?p=15068\\\/#mainImage\",\"width\":1092,\"height\":608},\"primaryImageOfPage\":{\"@id\":\"https:\\\/\\\/plumanegranoticias.com\\\/?p=15068#mainImage\"},\"datePublished\":\"2026-08-31T09:15:53-06:00\",\"dateModified\":\"2026-08-31T09:16:07-06:00\"},{\"@type\":\"WebSite\",\"@id\":\"https:\\\/\\\/plumanegranoticias.com\\\/#website\",\"url\":\"https:\\\/\\\/plumanegranoticias.com\\\/\",\"name\":\"plumanegranoticias.com\",\"inLanguage\":\"es-MX\",\"publisher\":{\"@id\":\"https:\\\/\\\/plumanegranoticias.com\\\/#organization\"}}]}\n\t\t<\/script>\n\t\t<!-- All in One SEO -->\n\n","aioseo_head_json":{"title":"Avanza creaci\u00f3n de primera Ley General de Derechos Ind\u00edgenas y Afromexicanos en la historia del pa\u00eds - plumanegranoticias.com","description":"-Este fin de semana en diversos puntos del Estado final, se recogi\u00f3 la voz directa de las comunidades y se recibieron propuestas y opiniones para construir una iniciativa donde todos los derechos de las comunidades se garanticen \u00c1ngeles Gonz\u00e1lez CeballosXalapa, Ver.Con el objetivo de que el Poder Legislativo analice, discuta y, en su caso, lo","canonical_url":"https:\/\/plumanegranoticias.com\/?p=15068","robots":"max-image-preview:large","keywords":"","webmasterTools":{"miscellaneous":""},"schema":{"@context":"https:\/\/schema.org","@graph":[{"@type":"BlogPosting","@id":"https:\/\/plumanegranoticias.com\/?p=15068#blogposting","name":"Avanza creaci\u00f3n de primera Ley General de Derechos Ind\u00edgenas y Afromexicanos en la historia del pa\u00eds - plumanegranoticias.com","headline":"Avanza creaci\u00f3n de primera Ley General de Derechos Ind\u00edgenas y Afromexicanos en la historia del pa\u00eds","author":{"@id":"https:\/\/plumanegranoticias.com\/?author=6#author"},"publisher":{"@id":"https:\/\/plumanegranoticias.com\/#organization"},"image":{"@type":"ImageObject","url":"https:\/\/plumanegranoticias.com\/wp-content\/uploads\/2026\/08\/26184848-789d-47ed-af17-b7ff361fa282.jpeg","width":1092,"height":608},"datePublished":"2026-08-31T09:15:53-06:00","dateModified":"2026-08-31T09:16:07-06:00","inLanguage":"es-MX","mainEntityOfPage":{"@id":"https:\/\/plumanegranoticias.com\/?p=15068#webpage"},"isPartOf":{"@id":"https:\/\/plumanegranoticias.com\/?p=15068#webpage"},"articleSection":"Plumazos, Pol\u00edtica, educaci\u00f3n, Plumazos, Pol\u00edtica"},{"@type":"BreadcrumbList","@id":"https:\/\/plumanegranoticias.com\/?p=15068#breadcrumblist","itemListElement":[{"@type":"ListItem","@id":"https:\/\/plumanegranoticias.com#listItem","position":1,"name":"Home","item":"https:\/\/plumanegranoticias.com","nextItem":{"@type":"ListItem","@id":"https:\/\/plumanegranoticias.com\/?cat=8#listItem","name":"Pol\u00edtica"}},{"@type":"ListItem","@id":"https:\/\/plumanegranoticias.com\/?cat=8#listItem","position":2,"name":"Pol\u00edtica","item":"https:\/\/plumanegranoticias.com\/?cat=8","nextItem":{"@type":"ListItem","@id":"https:\/\/plumanegranoticias.com\/?p=15068#listItem","name":"Avanza creaci\u00f3n de primera Ley General de Derechos Ind\u00edgenas y Afromexicanos en la historia del pa\u00eds"},"previousItem":{"@type":"ListItem","@id":"https:\/\/plumanegranoticias.com#listItem","name":"Home"}},{"@type":"ListItem","@id":"https:\/\/plumanegranoticias.com\/?p=15068#listItem","position":3,"name":"Avanza creaci\u00f3n de primera Ley General de Derechos Ind\u00edgenas y Afromexicanos en la historia del pa\u00eds","previousItem":{"@type":"ListItem","@id":"https:\/\/plumanegranoticias.com\/?cat=8#listItem","name":"Pol\u00edtica"}}]},{"@type":"Organization","@id":"https:\/\/plumanegranoticias.com\/#organization","name":"plumanegranoticias.com","url":"https:\/\/plumanegranoticias.com\/"},{"@type":"Person","@id":"https:\/\/plumanegranoticias.com\/?author=6#author","url":"https:\/\/plumanegranoticias.com\/?author=6","name":"Sergio Ricardo Alonso Carrizales","image":{"@type":"ImageObject","@id":"https:\/\/plumanegranoticias.com\/?p=15068#authorImage","url":"https:\/\/secure.gravatar.com\/avatar\/4a2109b4c1db10373767b38e9de5044c15288afe263d87faf7256dffb8a9285f?s=96&d=mm&r=g","width":96,"height":96,"caption":"Sergio Ricardo Alonso Carrizales"}},{"@type":"WebPage","@id":"https:\/\/plumanegranoticias.com\/?p=15068#webpage","url":"https:\/\/plumanegranoticias.com\/?p=15068","name":"Avanza creaci\u00f3n de primera Ley General de Derechos Ind\u00edgenas y Afromexicanos en la historia del pa\u00eds - plumanegranoticias.com","description":"-Este fin de semana en diversos puntos del Estado final, se recogi\u00f3 la voz directa de las comunidades y se recibieron propuestas y opiniones para construir una iniciativa donde todos los derechos de las comunidades se garanticen \u00c1ngeles Gonz\u00e1lez CeballosXalapa, Ver.Con el objetivo de que el Poder Legislativo analice, discuta y, en su caso, lo","inLanguage":"es-MX","isPartOf":{"@id":"https:\/\/plumanegranoticias.com\/#website"},"breadcrumb":{"@id":"https:\/\/plumanegranoticias.com\/?p=15068#breadcrumblist"},"author":{"@id":"https:\/\/plumanegranoticias.com\/?author=6#author"},"creator":{"@id":"https:\/\/plumanegranoticias.com\/?author=6#author"},"image":{"@type":"ImageObject","url":"https:\/\/plumanegranoticias.com\/wp-content\/uploads\/2026\/08\/26184848-789d-47ed-af17-b7ff361fa282.jpeg","@id":"https:\/\/plumanegranoticias.com\/?p=15068\/#mainImage","width":1092,"height":608},"primaryImageOfPage":{"@id":"https:\/\/plumanegranoticias.com\/?p=15068#mainImage"},"datePublished":"2026-08-31T09:15:53-06:00","dateModified":"2026-08-31T09:16:07-06:00"},{"@type":"WebSite","@id":"https:\/\/plumanegranoticias.com\/#website","url":"https:\/\/plumanegranoticias.com\/","name":"plumanegranoticias.com","inLanguage":"es-MX","publisher":{"@id":"https:\/\/plumanegranoticias.com\/#organization"}}]},"og:locale":"es_MX","og:site_name":"plumanegranoticias.com -","og:type":"article","og:title":"Avanza creaci\u00f3n de primera Ley General de Derechos Ind\u00edgenas y Afromexicanos en la historia del pa\u00eds - plumanegranoticias.com","og:description":"-Este fin de semana en diversos puntos del Estado final, se recogi\u00f3 la voz directa de las comunidades y se recibieron propuestas y opiniones para construir una iniciativa donde todos los derechos de las comunidades se garanticen \u00c1ngeles Gonz\u00e1lez CeballosXalapa, Ver.Con el objetivo de que el Poder Legislativo analice, discuta y, en su caso, lo","og:url":"https:\/\/plumanegranoticias.com\/?p=15068","article:published_time":"2026-08-31T15:15:53+00:00","article:modified_time":"2026-08-31T15:16:07+00:00","twitter:card":"summary_large_image","twitter:title":"Avanza creaci\u00f3n de primera Ley General de Derechos Ind\u00edgenas y Afromexicanos en la historia del pa\u00eds - plumanegranoticias.com","twitter:description":"-Este fin de semana en diversos puntos del Estado final, se recogi\u00f3 la voz directa de las comunidades y se recibieron propuestas y opiniones para construir una iniciativa donde todos los derechos de las comunidades se garanticen \u00c1ngeles Gonz\u00e1lez CeballosXalapa, Ver.Con el objetivo de que el Poder Legislativo analice, discuta y, en su caso, lo"},"aioseo_meta_data":[],"aioseo_breadcrumb":"<div class=\"aioseo-breadcrumbs\"><span class=\"aioseo-breadcrumb\">\n\t\t\t<a href=\"https:\/\/plumanegranoticias.com\" title=\"Home\">Home<\/a>\n\t\t<\/span><span class=\"aioseo-breadcrumb-separator\">&raquo;<\/span><span class=\"aioseo-breadcrumb\">\n\t\t\t<a href=\"https:\/\/plumanegranoticias.com\/?cat=8\" title=\"Pol\u00edtica\">Pol\u00edtica<\/a>\n\t\t<\/span><span class=\"aioseo-breadcrumb-separator\">&raquo;<\/span><span class=\"aioseo-breadcrumb\">\n\t\t\tAvanza creaci\u00f3n de primera Ley General de Derechos Ind\u00edgenas y Afromexicanos en la historia del pa\u00eds\n\t\t<\/span><\/div>","aioseo_breadcrumb_json":[{"label":"Home","link":"https:\/\/plumanegranoticias.com"},{"label":"Pol\u00edtica","link":"https:\/\/plumanegranoticias.com\/?cat=8"},{"label":"Avanza creaci\u00f3n de primera Ley General de Derechos Ind\u00edgenas y Afromexicanos en la historia del pa\u00eds","link":"https:\/\/plumanegranoticias.com\/?p=15068"}],"_links":{"self":[{"href":"https:\/\/plumanegranoticias.com\/index.php?rest_route=\/wp\/v2\/posts\/15068","targetHints":{"allow":["GET"]}}],"collection":[{"href":"https:\/\/plumanegranoticias.com\/index.php?rest_route=\/wp\/v2\/posts"}],"about":[{"href":"https:\/\/plumanegranoticias.com\/index.php?rest_route=\/wp\/v2\/types\/post"}],"author":[{"embeddable":true,"href":"https:\/\/plumanegranoticias.com\/index.php?rest_route=\/wp\/v2\/users\/6"}],"replies":[{"embeddable":true,"href":"https:\/\/plumanegranoticias.com\/index.php?rest_route=%2Fwp%2Fv2%2Fcomments&post=15068"}],"version-history":[{"count":1,"href":"https:\/\/plumanegranoticias.com\/index.php?rest_route=\/wp\/v2\/posts\/15068\/revisions"}],"predecessor-version":[{"id":15069,"href":"https:\/\/plumanegranoticias.com\/index.php?rest_route=\/wp\/v2\/posts\/15068\/revisions\/15069"}],"wp:featuredmedia":[{"embeddable":true,"href":"https:\/\/plumanegranoticias.com\/index.php?rest_route=\/wp\/v2\/media\/15067"}],"wp:attachment":[{"href":"https:\/\/plumanegranoticias.com\/index.php?rest_route=%2Fwp%2Fv2%2Fmedia&parent=15068"}],"wp:term":[{"taxonomy":"category","embeddable":true,"href":"https:\/\/plumanegranoticias.com\/index.php?rest_route=%2Fwp%2Fv2%2Fcategories&post=15068"},{"taxonomy":"post_tag","embeddable":true,"href":"https:\/\/plumanegranoticias.com\/index.php?rest_route=%2Fwp%2Fv2%2Ftags&post=15068"}],"curies":[{"name":"wp","href":"https:\/\/api.w.org\/{rel}","templated":true}]}}