{"id":15073,"date":"2026-08-31T09:17:29","date_gmt":"2026-08-31T15:17:29","guid":{"rendered":"https:\/\/plumanegranoticias.com\/?p=15073"},"modified":"2026-08-31T09:17:29","modified_gmt":"2026-08-31T15:17:29","slug":"viene-la-presidenta-el-10-de-septiembre-a-rendir-su-segundo-informe-de-labores","status":"publish","type":"post","link":"https:\/\/plumanegranoticias.com\/?p=15073","title":{"rendered":"Viene la Presidenta el 10 de septiembre a rendir su segundo informe de labores"},"content":{"rendered":"\n<p class=\"wp-block-paragraph\"><\/p>\n\n\n\n<p class=\"wp-block-paragraph\">-Ya est\u00e1 lista la iniciativa para crear la Procuradur\u00eda de la Defensa del Adulto Mayor: Nahle<\/p>\n\n\n\n<p class=\"wp-block-paragraph\">\u00c1ngeles Gonz\u00e1lez Ceballos<br>Xalapa, Ver. En el marco del Segundo Informe de Labores de la presidenta Claudia Sheinbaum, volver\u00e1 a Veracruz este 10 de septiembre para rendir su Segundo Informe de Labores.<\/p>\n\n\n\n<p class=\"wp-block-paragraph\">As\u00ed lo inform\u00f3 la gobernadora Roc\u00edo Nahle Garc\u00eda, quien confirm\u00f3 que este 1 de septiembre estar\u00e1 en Palacio Nacional, para acompa\u00f1ar a la mandataria Federal, junto con el resto de los gobernadores y gobernadoras, as\u00ed como la jefa de Gobierno de la Ciudad de M\u00e9xico, en el informe de la Presidenta.<\/p>\n\n\n\n<p class=\"wp-block-paragraph\">&#8220;Estar\u00e1 en las entidades dando su informe\u2026 s\u00ed viene a Veracruz el 10 de septiembre y se va a realizar en el estadio de b\u00e9isbol, en el &#8220;Beto \u00c1vila&#8221;, en Veracruz.<\/p>\n\n\n\n<p class=\"wp-block-paragraph\">Todav\u00eda no tengo el horario, pero s\u00ed invitar a todos a acompa\u00f1ar a la Presidenta, una presidenta que viene a los estados a rendir cuentas, eso tambi\u00e9n es nuevo&#8221;, asever\u00f3.<\/p>\n\n\n\n<p class=\"wp-block-paragraph\">En ese sentido, la Mandataria record\u00f3 que antes se paraban labores y se presentaba el informe a trav\u00e9s de la radio o la televisi\u00f3n y era lejano del pueblo.<\/p>\n\n\n\n<p class=\"wp-block-paragraph\">&#8220;Nuestra presidenta viene a Veracruz y va a todos los estados&#8221;, recalc\u00f3.<\/p>\n\n\n\n<p class=\"wp-block-paragraph\">En otro tema, la Gobernadora inform\u00f3 que ya est\u00e1 lista la iniciativa que turnar\u00e1 al Congreso del Estado para crear la Procuradur\u00eda de la Defensa del Adulto Mayor.<\/p>\n\n\n\n<p class=\"wp-block-paragraph\">Resalt\u00f3 que la Cuarta Transformaci\u00f3n s\u00ed atendi\u00f3 a los adultos mayores, no s\u00f3lo por las pensiones, sino que ahora mandan a personal m\u00e9dico y de Enfermer\u00eda a checar la salud.<\/p>\n\n\n\n<p class=\"wp-block-paragraph\">&#8220;En mi caso, ya la termin\u00f3 (la iniciativa) la procuradora del DIF, yo quiero hacer una Procuradur\u00eda para la Defensa del Adulto Mayor, porque nos encontramos muchas veces a personas en una situaci\u00f3n de maltrato, abandonadas en su vejez&#8221;.<\/p>\n\n\n\n<p class=\"wp-block-paragraph\">En ese sentido, dijo que es un tema que quiere concluir este a\u00f1o, incluso recalc\u00f3 que ya est\u00e1 lista la iniciativa.<\/p>\n\n\n\n<p class=\"wp-block-paragraph\">&#8220;S\u00f3lo la est\u00e1n revisando para que posteriormente se se pase a una mesa con los diputados, para poder enriquecerla y salga bien y contar con una nueva procuradur\u00eda que estar\u00eda dentro del DIF Estatal&#8221;, puntualiz\u00f3.<\/p>\n","protected":false},"excerpt":{"rendered":"<p>-Ya est\u00e1 lista la iniciativa para crear la Procuradur\u00eda de la Defensa del Adulto Mayor: Nahle \u00c1ngeles Gonz\u00e1lez CeballosXalapa, Ver. En el marco del Segundo Informe de Labores de la presidenta Claudia Sheinbaum, volver\u00e1 a Veracruz este 10 de septiembre para rendir su Segundo Informe de Labores. As\u00ed lo inform\u00f3 la gobernadora Roc\u00edo Nahle Garc\u00eda,&#8230; <\/p>\n<div class=\"clear\"><\/div>\n<p><a href=\"https:\/\/plumanegranoticias.com\/?p=15073\" class=\"excerpt-read-more\">Read More<i class=\"fa fa-caret-right icon-caret-right\"><\/i><\/a><\/p>\n","protected":false},"author":6,"featured_media":15072,"comment_status":"closed","ping_status":"open","sticky":false,"template":"","format":"standard","meta":{"om_disable_all_campaigns":false,"_monsterinsights_skip_tracking":false,"_uf_show_specific_survey":0,"_uf_disable_surveys":false,"footnotes":""},"categories":[16,8],"tags":[30,61],"class_list":["post-15073","post","type-post","status-publish","format-standard","has-post-thumbnail","hentry","category-plumazos","category-politica","tag-plumazos","tag-politica"],"aioseo_notices":[],"aioseo_head":"\n\t\t<!-- All in One SEO 5.0.0.1 - aioseo.com -->\n\t<meta name=\"description\" content=\"-Ya est\u00e1 lista la iniciativa para crear la Procuradur\u00eda de la Defensa del Adulto Mayor: Nahle \u00c1ngeles Gonz\u00e1lez CeballosXalapa, Ver. En el marco del Segundo Informe de Labores de la presidenta Claudia Sheinbaum, volver\u00e1 a Veracruz este 10 de septiembre para rendir su Segundo Informe de Labores. As\u00ed lo inform\u00f3 la gobernadora Roc\u00edo Nahle Garc\u00eda,\" \/>\n\t<meta name=\"robots\" content=\"max-image-preview:large\" \/>\n\t<meta name=\"author\" content=\"Sergio Ricardo Alonso Carrizales\"\/>\n\t<link rel=\"canonical\" href=\"https:\/\/plumanegranoticias.com\/?p=15073\" \/>\n\t<meta name=\"generator\" content=\"All in One SEO (AIOSEO) 5.0.0.1\" \/>\n\t\t<meta property=\"og:locale\" content=\"es_MX\" \/>\n\t\t<meta property=\"og:site_name\" content=\"plumanegranoticias.com -\" \/>\n\t\t<meta property=\"og:type\" content=\"article\" \/>\n\t\t<meta property=\"og:title\" content=\"Viene la Presidenta el 10 de septiembre a rendir su segundo informe de labores - plumanegranoticias.com\" \/>\n\t\t<meta property=\"og:description\" content=\"-Ya est\u00e1 lista la iniciativa para crear la Procuradur\u00eda de la Defensa del Adulto Mayor: Nahle \u00c1ngeles Gonz\u00e1lez CeballosXalapa, Ver. En el marco del Segundo Informe de Labores de la presidenta Claudia Sheinbaum, volver\u00e1 a Veracruz este 10 de septiembre para rendir su Segundo Informe de Labores. As\u00ed lo inform\u00f3 la gobernadora Roc\u00edo Nahle Garc\u00eda,\" \/>\n\t\t<meta property=\"og:url\" content=\"https:\/\/plumanegranoticias.com\/?p=15073\" \/>\n\t\t<meta property=\"article:published_time\" content=\"2026-08-31T15:17:29+00:00\" \/>\n\t\t<meta property=\"article:modified_time\" content=\"2026-08-31T15:17:29+00:00\" \/>\n\t\t<meta name=\"twitter:card\" content=\"summary_large_image\" \/>\n\t\t<meta name=\"twitter:title\" content=\"Viene la Presidenta el 10 de septiembre a rendir su segundo informe de labores - plumanegranoticias.com\" \/>\n\t\t<meta name=\"twitter:description\" content=\"-Ya est\u00e1 lista la iniciativa para crear la Procuradur\u00eda de la Defensa del Adulto Mayor: Nahle \u00c1ngeles Gonz\u00e1lez CeballosXalapa, Ver. En el marco del Segundo Informe de Labores de la presidenta Claudia Sheinbaum, volver\u00e1 a Veracruz este 10 de septiembre para rendir su Segundo Informe de Labores. As\u00ed lo inform\u00f3 la gobernadora Roc\u00edo Nahle Garc\u00eda,\" \/>\n\t\t<script type=\"application\/ld+json\" class=\"aioseo-schema\">\n\t\t\t{\"@context\":\"https:\\\/\\\/schema.org\",\"@graph\":[{\"@type\":\"BlogPosting\",\"@id\":\"https:\\\/\\\/plumanegranoticias.com\\\/?p=15073#blogposting\",\"name\":\"Viene la Presidenta el 10 de septiembre a rendir su segundo informe de labores - plumanegranoticias.com\",\"headline\":\"Viene la Presidenta el 10 de septiembre a rendir su segundo informe de labores\",\"author\":{\"@id\":\"https:\\\/\\\/plumanegranoticias.com\\\/?author=6#author\"},\"publisher\":{\"@id\":\"https:\\\/\\\/plumanegranoticias.com\\\/#organization\"},\"image\":{\"@type\":\"ImageObject\",\"url\":\"https:\\\/\\\/plumanegranoticias.com\\\/wp-content\\\/uploads\\\/2026\\\/08\\\/efa61f43-2d35-4a9f-940d-e870b5f88411-1.jpeg\",\"width\":1094,\"height\":670},\"datePublished\":\"2026-08-31T09:17:29-06:00\",\"dateModified\":\"2026-08-31T09:17:29-06:00\",\"inLanguage\":\"es-MX\",\"mainEntityOfPage\":{\"@id\":\"https:\\\/\\\/plumanegranoticias.com\\\/?p=15073#webpage\"},\"isPartOf\":{\"@id\":\"https:\\\/\\\/plumanegranoticias.com\\\/?p=15073#webpage\"},\"articleSection\":\"Plumazos, Pol\\u00edtica, Plumazos, Pol\\u00edtica\"},{\"@type\":\"BreadcrumbList\",\"@id\":\"https:\\\/\\\/plumanegranoticias.com\\\/?p=15073#breadcrumblist\",\"itemListElement\":[{\"@type\":\"ListItem\",\"@id\":\"https:\\\/\\\/plumanegranoticias.com#listItem\",\"position\":1,\"name\":\"Home\",\"item\":\"https:\\\/\\\/plumanegranoticias.com\",\"nextItem\":{\"@type\":\"ListItem\",\"@id\":\"https:\\\/\\\/plumanegranoticias.com\\\/?cat=8#listItem\",\"name\":\"Pol\\u00edtica\"}},{\"@type\":\"ListItem\",\"@id\":\"https:\\\/\\\/plumanegranoticias.com\\\/?cat=8#listItem\",\"position\":2,\"name\":\"Pol\\u00edtica\",\"item\":\"https:\\\/\\\/plumanegranoticias.com\\\/?cat=8\",\"nextItem\":{\"@type\":\"ListItem\",\"@id\":\"https:\\\/\\\/plumanegranoticias.com\\\/?p=15073#listItem\",\"name\":\"Viene la Presidenta el 10 de septiembre a rendir su segundo informe de labores\"},\"previousItem\":{\"@type\":\"ListItem\",\"@id\":\"https:\\\/\\\/plumanegranoticias.com#listItem\",\"name\":\"Home\"}},{\"@type\":\"ListItem\",\"@id\":\"https:\\\/\\\/plumanegranoticias.com\\\/?p=15073#listItem\",\"position\":3,\"name\":\"Viene la Presidenta el 10 de septiembre a rendir su segundo informe de labores\",\"previousItem\":{\"@type\":\"ListItem\",\"@id\":\"https:\\\/\\\/plumanegranoticias.com\\\/?cat=8#listItem\",\"name\":\"Pol\\u00edtica\"}}]},{\"@type\":\"Organization\",\"@id\":\"https:\\\/\\\/plumanegranoticias.com\\\/#organization\",\"name\":\"plumanegranoticias.com\",\"url\":\"https:\\\/\\\/plumanegranoticias.com\\\/\"},{\"@type\":\"Person\",\"@id\":\"https:\\\/\\\/plumanegranoticias.com\\\/?author=6#author\",\"url\":\"https:\\\/\\\/plumanegranoticias.com\\\/?author=6\",\"name\":\"Sergio Ricardo Alonso Carrizales\",\"image\":{\"@type\":\"ImageObject\",\"@id\":\"https:\\\/\\\/plumanegranoticias.com\\\/?p=15073#authorImage\",\"url\":\"https:\\\/\\\/secure.gravatar.com\\\/avatar\\\/4a2109b4c1db10373767b38e9de5044c15288afe263d87faf7256dffb8a9285f?s=96&d=mm&r=g\",\"width\":96,\"height\":96,\"caption\":\"Sergio Ricardo Alonso Carrizales\"}},{\"@type\":\"WebPage\",\"@id\":\"https:\\\/\\\/plumanegranoticias.com\\\/?p=15073#webpage\",\"url\":\"https:\\\/\\\/plumanegranoticias.com\\\/?p=15073\",\"name\":\"Viene la Presidenta el 10 de septiembre a rendir su segundo informe de labores - plumanegranoticias.com\",\"description\":\"-Ya est\\u00e1 lista la iniciativa para crear la Procuradur\\u00eda de la Defensa del Adulto Mayor: Nahle \\u00c1ngeles Gonz\\u00e1lez CeballosXalapa, Ver. En el marco del Segundo Informe de Labores de la presidenta Claudia Sheinbaum, volver\\u00e1 a Veracruz este 10 de septiembre para rendir su Segundo Informe de Labores. As\\u00ed lo inform\\u00f3 la gobernadora Roc\\u00edo Nahle Garc\\u00eda,\",\"inLanguage\":\"es-MX\",\"isPartOf\":{\"@id\":\"https:\\\/\\\/plumanegranoticias.com\\\/#website\"},\"breadcrumb\":{\"@id\":\"https:\\\/\\\/plumanegranoticias.com\\\/?p=15073#breadcrumblist\"},\"author\":{\"@id\":\"https:\\\/\\\/plumanegranoticias.com\\\/?author=6#author\"},\"creator\":{\"@id\":\"https:\\\/\\\/plumanegranoticias.com\\\/?author=6#author\"},\"image\":{\"@type\":\"ImageObject\",\"url\":\"https:\\\/\\\/plumanegranoticias.com\\\/wp-content\\\/uploads\\\/2026\\\/08\\\/efa61f43-2d35-4a9f-940d-e870b5f88411-1.jpeg\",\"@id\":\"https:\\\/\\\/plumanegranoticias.com\\\/?p=15073\\\/#mainImage\",\"width\":1094,\"height\":670},\"primaryImageOfPage\":{\"@id\":\"https:\\\/\\\/plumanegranoticias.com\\\/?p=15073#mainImage\"},\"datePublished\":\"2026-08-31T09:17:29-06:00\",\"dateModified\":\"2026-08-31T09:17:29-06:00\"},{\"@type\":\"WebSite\",\"@id\":\"https:\\\/\\\/plumanegranoticias.com\\\/#website\",\"url\":\"https:\\\/\\\/plumanegranoticias.com\\\/\",\"name\":\"plumanegranoticias.com\",\"inLanguage\":\"es-MX\",\"publisher\":{\"@id\":\"https:\\\/\\\/plumanegranoticias.com\\\/#organization\"}}]}\n\t\t<\/script>\n\t\t<!-- All in One SEO -->\n\n","aioseo_head_json":{"title":"Viene la Presidenta el 10 de septiembre a rendir su segundo informe de labores - plumanegranoticias.com","description":"-Ya est\u00e1 lista la iniciativa para crear la Procuradur\u00eda de la Defensa del Adulto Mayor: Nahle \u00c1ngeles Gonz\u00e1lez CeballosXalapa, Ver. En el marco del Segundo Informe de Labores de la presidenta Claudia Sheinbaum, volver\u00e1 a Veracruz este 10 de septiembre para rendir su Segundo Informe de Labores. As\u00ed lo inform\u00f3 la gobernadora Roc\u00edo Nahle Garc\u00eda,","canonical_url":"https:\/\/plumanegranoticias.com\/?p=15073","robots":"max-image-preview:large","keywords":"","webmasterTools":{"miscellaneous":""},"schema":{"@context":"https:\/\/schema.org","@graph":[{"@type":"BlogPosting","@id":"https:\/\/plumanegranoticias.com\/?p=15073#blogposting","name":"Viene la Presidenta el 10 de septiembre a rendir su segundo informe de labores - plumanegranoticias.com","headline":"Viene la Presidenta el 10 de septiembre a rendir su segundo informe de labores","author":{"@id":"https:\/\/plumanegranoticias.com\/?author=6#author"},"publisher":{"@id":"https:\/\/plumanegranoticias.com\/#organization"},"image":{"@type":"ImageObject","url":"https:\/\/plumanegranoticias.com\/wp-content\/uploads\/2026\/08\/efa61f43-2d35-4a9f-940d-e870b5f88411-1.jpeg","width":1094,"height":670},"datePublished":"2026-08-31T09:17:29-06:00","dateModified":"2026-08-31T09:17:29-06:00","inLanguage":"es-MX","mainEntityOfPage":{"@id":"https:\/\/plumanegranoticias.com\/?p=15073#webpage"},"isPartOf":{"@id":"https:\/\/plumanegranoticias.com\/?p=15073#webpage"},"articleSection":"Plumazos, Pol\u00edtica, Plumazos, Pol\u00edtica"},{"@type":"BreadcrumbList","@id":"https:\/\/plumanegranoticias.com\/?p=15073#breadcrumblist","itemListElement":[{"@type":"ListItem","@id":"https:\/\/plumanegranoticias.com#listItem","position":1,"name":"Home","item":"https:\/\/plumanegranoticias.com","nextItem":{"@type":"ListItem","@id":"https:\/\/plumanegranoticias.com\/?cat=8#listItem","name":"Pol\u00edtica"}},{"@type":"ListItem","@id":"https:\/\/plumanegranoticias.com\/?cat=8#listItem","position":2,"name":"Pol\u00edtica","item":"https:\/\/plumanegranoticias.com\/?cat=8","nextItem":{"@type":"ListItem","@id":"https:\/\/plumanegranoticias.com\/?p=15073#listItem","name":"Viene la Presidenta el 10 de septiembre a rendir su segundo informe de labores"},"previousItem":{"@type":"ListItem","@id":"https:\/\/plumanegranoticias.com#listItem","name":"Home"}},{"@type":"ListItem","@id":"https:\/\/plumanegranoticias.com\/?p=15073#listItem","position":3,"name":"Viene la Presidenta el 10 de septiembre a rendir su segundo informe de labores","previousItem":{"@type":"ListItem","@id":"https:\/\/plumanegranoticias.com\/?cat=8#listItem","name":"Pol\u00edtica"}}]},{"@type":"Organization","@id":"https:\/\/plumanegranoticias.com\/#organization","name":"plumanegranoticias.com","url":"https:\/\/plumanegranoticias.com\/"},{"@type":"Person","@id":"https:\/\/plumanegranoticias.com\/?author=6#author","url":"https:\/\/plumanegranoticias.com\/?author=6","name":"Sergio Ricardo Alonso Carrizales","image":{"@type":"ImageObject","@id":"https:\/\/plumanegranoticias.com\/?p=15073#authorImage","url":"https:\/\/secure.gravatar.com\/avatar\/4a2109b4c1db10373767b38e9de5044c15288afe263d87faf7256dffb8a9285f?s=96&d=mm&r=g","width":96,"height":96,"caption":"Sergio Ricardo Alonso Carrizales"}},{"@type":"WebPage","@id":"https:\/\/plumanegranoticias.com\/?p=15073#webpage","url":"https:\/\/plumanegranoticias.com\/?p=15073","name":"Viene la Presidenta el 10 de septiembre a rendir su segundo informe de labores - plumanegranoticias.com","description":"-Ya est\u00e1 lista la iniciativa para crear la Procuradur\u00eda de la Defensa del Adulto Mayor: Nahle \u00c1ngeles Gonz\u00e1lez CeballosXalapa, Ver. En el marco del Segundo Informe de Labores de la presidenta Claudia Sheinbaum, volver\u00e1 a Veracruz este 10 de septiembre para rendir su Segundo Informe de Labores. As\u00ed lo inform\u00f3 la gobernadora Roc\u00edo Nahle Garc\u00eda,","inLanguage":"es-MX","isPartOf":{"@id":"https:\/\/plumanegranoticias.com\/#website"},"breadcrumb":{"@id":"https:\/\/plumanegranoticias.com\/?p=15073#breadcrumblist"},"author":{"@id":"https:\/\/plumanegranoticias.com\/?author=6#author"},"creator":{"@id":"https:\/\/plumanegranoticias.com\/?author=6#author"},"image":{"@type":"ImageObject","url":"https:\/\/plumanegranoticias.com\/wp-content\/uploads\/2026\/08\/efa61f43-2d35-4a9f-940d-e870b5f88411-1.jpeg","@id":"https:\/\/plumanegranoticias.com\/?p=15073\/#mainImage","width":1094,"height":670},"primaryImageOfPage":{"@id":"https:\/\/plumanegranoticias.com\/?p=15073#mainImage"},"datePublished":"2026-08-31T09:17:29-06:00","dateModified":"2026-08-31T09:17:29-06:00"},{"@type":"WebSite","@id":"https:\/\/plumanegranoticias.com\/#website","url":"https:\/\/plumanegranoticias.com\/","name":"plumanegranoticias.com","inLanguage":"es-MX","publisher":{"@id":"https:\/\/plumanegranoticias.com\/#organization"}}]},"og:locale":"es_MX","og:site_name":"plumanegranoticias.com -","og:type":"article","og:title":"Viene la Presidenta el 10 de septiembre a rendir su segundo informe de labores - plumanegranoticias.com","og:description":"-Ya est\u00e1 lista la iniciativa para crear la Procuradur\u00eda de la Defensa del Adulto Mayor: Nahle \u00c1ngeles Gonz\u00e1lez CeballosXalapa, Ver. En el marco del Segundo Informe de Labores de la presidenta Claudia Sheinbaum, volver\u00e1 a Veracruz este 10 de septiembre para rendir su Segundo Informe de Labores. As\u00ed lo inform\u00f3 la gobernadora Roc\u00edo Nahle Garc\u00eda,","og:url":"https:\/\/plumanegranoticias.com\/?p=15073","article:published_time":"2026-08-31T15:17:29+00:00","article:modified_time":"2026-08-31T15:17:29+00:00","twitter:card":"summary_large_image","twitter:title":"Viene la Presidenta el 10 de septiembre a rendir su segundo informe de labores - plumanegranoticias.com","twitter:description":"-Ya est\u00e1 lista la iniciativa para crear la Procuradur\u00eda de la Defensa del Adulto Mayor: Nahle \u00c1ngeles Gonz\u00e1lez CeballosXalapa, Ver. En el marco del Segundo Informe de Labores de la presidenta Claudia Sheinbaum, volver\u00e1 a Veracruz este 10 de septiembre para rendir su Segundo Informe de Labores. As\u00ed lo inform\u00f3 la gobernadora Roc\u00edo Nahle Garc\u00eda,"},"aioseo_meta_data":[],"aioseo_breadcrumb":"<div class=\"aioseo-breadcrumbs\"><span class=\"aioseo-breadcrumb\">\n\t\t\t<a href=\"https:\/\/plumanegranoticias.com\" title=\"Home\">Home<\/a>\n\t\t<\/span><span class=\"aioseo-breadcrumb-separator\">&raquo;<\/span><span class=\"aioseo-breadcrumb\">\n\t\t\t<a href=\"https:\/\/plumanegranoticias.com\/?cat=8\" title=\"Pol\u00edtica\">Pol\u00edtica<\/a>\n\t\t<\/span><span class=\"aioseo-breadcrumb-separator\">&raquo;<\/span><span class=\"aioseo-breadcrumb\">\n\t\t\tViene la Presidenta el 10 de septiembre a rendir su segundo informe de labores\n\t\t<\/span><\/div>","aioseo_breadcrumb_json":[{"label":"Home","link":"https:\/\/plumanegranoticias.com"},{"label":"Pol\u00edtica","link":"https:\/\/plumanegranoticias.com\/?cat=8"},{"label":"Viene la Presidenta el 10 de septiembre a rendir su segundo informe de labores","link":"https:\/\/plumanegranoticias.com\/?p=15073"}],"_links":{"self":[{"href":"https:\/\/plumanegranoticias.com\/index.php?rest_route=\/wp\/v2\/posts\/15073","targetHints":{"allow":["GET"]}}],"collection":[{"href":"https:\/\/plumanegranoticias.com\/index.php?rest_route=\/wp\/v2\/posts"}],"about":[{"href":"https:\/\/plumanegranoticias.com\/index.php?rest_route=\/wp\/v2\/types\/post"}],"author":[{"embeddable":true,"href":"https:\/\/plumanegranoticias.com\/index.php?rest_route=\/wp\/v2\/users\/6"}],"replies":[{"embeddable":true,"href":"https:\/\/plumanegranoticias.com\/index.php?rest_route=%2Fwp%2Fv2%2Fcomments&post=15073"}],"version-history":[{"count":1,"href":"https:\/\/plumanegranoticias.com\/index.php?rest_route=\/wp\/v2\/posts\/15073\/revisions"}],"predecessor-version":[{"id":15074,"href":"https:\/\/plumanegranoticias.com\/index.php?rest_route=\/wp\/v2\/posts\/15073\/revisions\/15074"}],"wp:featuredmedia":[{"embeddable":true,"href":"https:\/\/plumanegranoticias.com\/index.php?rest_route=\/wp\/v2\/media\/15072"}],"wp:attachment":[{"href":"https:\/\/plumanegranoticias.com\/index.php?rest_route=%2Fwp%2Fv2%2Fmedia&parent=15073"}],"wp:term":[{"taxonomy":"category","embeddable":true,"href":"https:\/\/plumanegranoticias.com\/index.php?rest_route=%2Fwp%2Fv2%2Fcategories&post=15073"},{"taxonomy":"post_tag","embeddable":true,"href":"https:\/\/plumanegranoticias.com\/index.php?rest_route=%2Fwp%2Fv2%2Ftags&post=15073"}],"curies":[{"name":"wp","href":"https:\/\/api.w.org\/{rel}","templated":true}]}}