{"id":15075,"date":"2026-08-31T09:18:59","date_gmt":"2026-08-31T15:18:59","guid":{"rendered":"https:\/\/plumanegranoticias.com\/?p=15075"},"modified":"2026-08-31T09:18:59","modified_gmt":"2026-08-31T15:18:59","slug":"inicia-actividades-este-lunes-la-escuela-veracruzana-de-servicios-turisticos-en-boca-del-rio-gobernadora","status":"publish","type":"post","link":"https:\/\/plumanegranoticias.com\/?p=15075","title":{"rendered":"Inicia actividades este lunes la Escuela Veracruzana de Servicios Tur\u00edsticos, en Boca del R\u00edo: Gobernadora"},"content":{"rendered":"\n<p class=\"wp-block-paragraph\"><\/p>\n\n\n\n<p class=\"wp-block-paragraph\">-Se trataba de uno de los 80 compromisos de campa\u00f1a, los servicios ser\u00e1n gratuitos<\/p>\n\n\n\n<p class=\"wp-block-paragraph\">\u00c1ngeles Gonz\u00e1lez Ceballos<br>Xalapa, Ver. La gobernadora de Veracruz, Roc\u00edo Nahle Garc\u00eda, inform\u00f3 que este lunes da el banderazo de inicio de la Escuela Veracruzana de Servicios Tur\u00edsticos, en Boca del R\u00edo.<\/p>\n\n\n\n<p class=\"wp-block-paragraph\">Entrevistada en una radio local de esta capital, la Mandataria, expres\u00f3 que se trata de un proyecto que hac\u00eda mucha falta para mejorar la calidad de los servicios tur\u00edsticos que se prestan en la Entidad.<\/p>\n\n\n\n<p class=\"wp-block-paragraph\">&#8220;La industria del turismo genera mucho empleo, aumenta las divisas, el PIB, es una gran industria y, nosotros tenemos la gran ventaja de ofrecer much\u00edsimo material a los turistas, pero necesit\u00e1bamos elevar la calidad de los servicios&#8221;, asever\u00f3.<\/p>\n\n\n\n<p class=\"wp-block-paragraph\">Ah\u00ed, resalt\u00f3 que qui\u00e9n fue pionero para abrir este tipo de escuelas en el Pa\u00eds, fue Miguel Torruco, por lo que le pidi\u00f3 su apoyo para hacer esta escuela.<\/p>\n\n\n\n<p class=\"wp-block-paragraph\">Por lo que ha estado aqu\u00ed en la Entidad ya tres veces, acompa\u00f1ado de personas que saben de este sector.<\/p>\n\n\n\n<p class=\"wp-block-paragraph\">&#8220;Hoy damos el banderazo de arranque\u2026 dentro de lo que hemos estado trabajando, hemos avanzado mucho, de los 80 compromisos fue de la sociedad, hoy casi un 85 o 90 por ciento de los 80 puntos ya los estamos atendiendo&#8221;, enfatiz\u00f3 y refiri\u00f3 que la escuela de turismo era uno de esos puntos.<\/p>\n\n\n\n<p class=\"wp-block-paragraph\">La Mandataria defini\u00f3 que los talleres ser\u00e1n de gastronom\u00eda, hoteler\u00eda, por lo que no hay talleres para conductores del servicio de transporte p\u00fablico en la modalidad taxi.<\/p>\n\n\n\n<p class=\"wp-block-paragraph\">&#8220;Les va a servir, si quieren ir los choferes les va a servir, se va a dar Ingl\u00e9s, s\u00ed servir\u00eda much\u00edsimo, adem\u00e1s es gratis&#8221;, expuso.<\/p>\n\n\n\n<p class=\"wp-block-paragraph\">Puntualizo que aunque la meta era iniciar con 100 alumnos en este momento hay m\u00e1s de 130, pero el pr\u00f3ximo cuatrimestre se abrir\u00e1n m\u00e1s oportunidades.<\/p>\n","protected":false},"excerpt":{"rendered":"<p>-Se trataba de uno de los 80 compromisos de campa\u00f1a, los servicios ser\u00e1n gratuitos \u00c1ngeles Gonz\u00e1lez CeballosXalapa, Ver. La gobernadora de Veracruz, Roc\u00edo Nahle Garc\u00eda, inform\u00f3 que este lunes da el banderazo de inicio de la Escuela Veracruzana de Servicios Tur\u00edsticos, en Boca del R\u00edo. Entrevistada en una radio local de esta capital, la Mandataria,&#8230; <\/p>\n<div class=\"clear\"><\/div>\n<p><a href=\"https:\/\/plumanegranoticias.com\/?p=15075\" class=\"excerpt-read-more\">Read More<i class=\"fa fa-caret-right icon-caret-right\"><\/i><\/a><\/p>\n","protected":false},"author":6,"featured_media":0,"comment_status":"closed","ping_status":"open","sticky":false,"template":"","format":"standard","meta":{"om_disable_all_campaigns":false,"_monsterinsights_skip_tracking":false,"_uf_show_specific_survey":0,"_uf_disable_surveys":false,"footnotes":""},"categories":[16,8],"tags":[30,61],"class_list":["post-15075","post","type-post","status-publish","format-standard","hentry","category-plumazos","category-politica","tag-plumazos","tag-politica"],"aioseo_notices":[],"aioseo_head":"\n\t\t<!-- All in One SEO 5.0.0.1 - aioseo.com -->\n\t<meta name=\"description\" content=\"-Se trataba de uno de los 80 compromisos de campa\u00f1a, los servicios ser\u00e1n gratuitos \u00c1ngeles Gonz\u00e1lez CeballosXalapa, Ver. La gobernadora de Veracruz, Roc\u00edo Nahle Garc\u00eda, inform\u00f3 que este lunes da el banderazo de inicio de la Escuela Veracruzana de Servicios Tur\u00edsticos, en Boca del R\u00edo. Entrevistada en una radio local de esta capital, la Mandataria,\" \/>\n\t<meta name=\"robots\" content=\"max-image-preview:large\" \/>\n\t<meta name=\"author\" content=\"Sergio Ricardo Alonso Carrizales\"\/>\n\t<link rel=\"canonical\" href=\"https:\/\/plumanegranoticias.com\/?p=15075\" \/>\n\t<meta name=\"generator\" content=\"All in One SEO (AIOSEO) 5.0.0.1\" \/>\n\t\t<meta property=\"og:locale\" content=\"es_MX\" \/>\n\t\t<meta property=\"og:site_name\" content=\"plumanegranoticias.com -\" \/>\n\t\t<meta property=\"og:type\" content=\"article\" \/>\n\t\t<meta property=\"og:title\" content=\"Inicia actividades este lunes la Escuela Veracruzana de Servicios Tur\u00edsticos, en Boca del R\u00edo: Gobernadora - plumanegranoticias.com\" \/>\n\t\t<meta property=\"og:description\" content=\"-Se trataba de uno de los 80 compromisos de campa\u00f1a, los servicios ser\u00e1n gratuitos \u00c1ngeles Gonz\u00e1lez CeballosXalapa, Ver. La gobernadora de Veracruz, Roc\u00edo Nahle Garc\u00eda, inform\u00f3 que este lunes da el banderazo de inicio de la Escuela Veracruzana de Servicios Tur\u00edsticos, en Boca del R\u00edo. Entrevistada en una radio local de esta capital, la Mandataria,\" \/>\n\t\t<meta property=\"og:url\" content=\"https:\/\/plumanegranoticias.com\/?p=15075\" \/>\n\t\t<meta property=\"article:published_time\" content=\"2026-08-31T15:18:59+00:00\" \/>\n\t\t<meta property=\"article:modified_time\" content=\"2026-08-31T15:18:59+00:00\" \/>\n\t\t<meta name=\"twitter:card\" content=\"summary_large_image\" \/>\n\t\t<meta name=\"twitter:title\" content=\"Inicia actividades este lunes la Escuela Veracruzana de Servicios Tur\u00edsticos, en Boca del R\u00edo: Gobernadora - plumanegranoticias.com\" \/>\n\t\t<meta name=\"twitter:description\" content=\"-Se trataba de uno de los 80 compromisos de campa\u00f1a, los servicios ser\u00e1n gratuitos \u00c1ngeles Gonz\u00e1lez CeballosXalapa, Ver. La gobernadora de Veracruz, Roc\u00edo Nahle Garc\u00eda, inform\u00f3 que este lunes da el banderazo de inicio de la Escuela Veracruzana de Servicios Tur\u00edsticos, en Boca del R\u00edo. Entrevistada en una radio local de esta capital, la Mandataria,\" \/>\n\t\t<script type=\"application\/ld+json\" class=\"aioseo-schema\">\n\t\t\t{\"@context\":\"https:\\\/\\\/schema.org\",\"@graph\":[{\"@type\":\"BlogPosting\",\"@id\":\"https:\\\/\\\/plumanegranoticias.com\\\/?p=15075#blogposting\",\"name\":\"Inicia actividades este lunes la Escuela Veracruzana de Servicios Tur\\u00edsticos, en Boca del R\\u00edo: Gobernadora - plumanegranoticias.com\",\"headline\":\"Inicia actividades este lunes la Escuela Veracruzana de Servicios Tur\\u00edsticos, en Boca del R\\u00edo: Gobernadora\",\"author\":{\"@id\":\"https:\\\/\\\/plumanegranoticias.com\\\/?author=6#author\"},\"publisher\":{\"@id\":\"https:\\\/\\\/plumanegranoticias.com\\\/#organization\"},\"datePublished\":\"2026-08-31T09:18:59-06:00\",\"dateModified\":\"2026-08-31T09:18:59-06:00\",\"inLanguage\":\"es-MX\",\"mainEntityOfPage\":{\"@id\":\"https:\\\/\\\/plumanegranoticias.com\\\/?p=15075#webpage\"},\"isPartOf\":{\"@id\":\"https:\\\/\\\/plumanegranoticias.com\\\/?p=15075#webpage\"},\"articleSection\":\"Plumazos, Pol\\u00edtica, Plumazos, Pol\\u00edtica\"},{\"@type\":\"BreadcrumbList\",\"@id\":\"https:\\\/\\\/plumanegranoticias.com\\\/?p=15075#breadcrumblist\",\"itemListElement\":[{\"@type\":\"ListItem\",\"@id\":\"https:\\\/\\\/plumanegranoticias.com#listItem\",\"position\":1,\"name\":\"Home\",\"item\":\"https:\\\/\\\/plumanegranoticias.com\",\"nextItem\":{\"@type\":\"ListItem\",\"@id\":\"https:\\\/\\\/plumanegranoticias.com\\\/?cat=8#listItem\",\"name\":\"Pol\\u00edtica\"}},{\"@type\":\"ListItem\",\"@id\":\"https:\\\/\\\/plumanegranoticias.com\\\/?cat=8#listItem\",\"position\":2,\"name\":\"Pol\\u00edtica\",\"item\":\"https:\\\/\\\/plumanegranoticias.com\\\/?cat=8\",\"nextItem\":{\"@type\":\"ListItem\",\"@id\":\"https:\\\/\\\/plumanegranoticias.com\\\/?p=15075#listItem\",\"name\":\"Inicia actividades este lunes la Escuela Veracruzana de Servicios Tur\\u00edsticos, en Boca del R\\u00edo: Gobernadora\"},\"previousItem\":{\"@type\":\"ListItem\",\"@id\":\"https:\\\/\\\/plumanegranoticias.com#listItem\",\"name\":\"Home\"}},{\"@type\":\"ListItem\",\"@id\":\"https:\\\/\\\/plumanegranoticias.com\\\/?p=15075#listItem\",\"position\":3,\"name\":\"Inicia actividades este lunes la Escuela Veracruzana de Servicios Tur\\u00edsticos, en Boca del R\\u00edo: Gobernadora\",\"previousItem\":{\"@type\":\"ListItem\",\"@id\":\"https:\\\/\\\/plumanegranoticias.com\\\/?cat=8#listItem\",\"name\":\"Pol\\u00edtica\"}}]},{\"@type\":\"Organization\",\"@id\":\"https:\\\/\\\/plumanegranoticias.com\\\/#organization\",\"name\":\"plumanegranoticias.com\",\"url\":\"https:\\\/\\\/plumanegranoticias.com\\\/\"},{\"@type\":\"Person\",\"@id\":\"https:\\\/\\\/plumanegranoticias.com\\\/?author=6#author\",\"url\":\"https:\\\/\\\/plumanegranoticias.com\\\/?author=6\",\"name\":\"Sergio Ricardo Alonso Carrizales\",\"image\":{\"@type\":\"ImageObject\",\"@id\":\"https:\\\/\\\/plumanegranoticias.com\\\/?p=15075#authorImage\",\"url\":\"https:\\\/\\\/secure.gravatar.com\\\/avatar\\\/4a2109b4c1db10373767b38e9de5044c15288afe263d87faf7256dffb8a9285f?s=96&d=mm&r=g\",\"width\":96,\"height\":96,\"caption\":\"Sergio Ricardo Alonso Carrizales\"}},{\"@type\":\"WebPage\",\"@id\":\"https:\\\/\\\/plumanegranoticias.com\\\/?p=15075#webpage\",\"url\":\"https:\\\/\\\/plumanegranoticias.com\\\/?p=15075\",\"name\":\"Inicia actividades este lunes la Escuela Veracruzana de Servicios Tur\\u00edsticos, en Boca del R\\u00edo: Gobernadora - plumanegranoticias.com\",\"description\":\"-Se trataba de uno de los 80 compromisos de campa\\u00f1a, los servicios ser\\u00e1n gratuitos \\u00c1ngeles Gonz\\u00e1lez CeballosXalapa, Ver. La gobernadora de Veracruz, Roc\\u00edo Nahle Garc\\u00eda, inform\\u00f3 que este lunes da el banderazo de inicio de la Escuela Veracruzana de Servicios Tur\\u00edsticos, en Boca del R\\u00edo. Entrevistada en una radio local de esta capital, la Mandataria,\",\"inLanguage\":\"es-MX\",\"isPartOf\":{\"@id\":\"https:\\\/\\\/plumanegranoticias.com\\\/#website\"},\"breadcrumb\":{\"@id\":\"https:\\\/\\\/plumanegranoticias.com\\\/?p=15075#breadcrumblist\"},\"author\":{\"@id\":\"https:\\\/\\\/plumanegranoticias.com\\\/?author=6#author\"},\"creator\":{\"@id\":\"https:\\\/\\\/plumanegranoticias.com\\\/?author=6#author\"},\"datePublished\":\"2026-08-31T09:18:59-06:00\",\"dateModified\":\"2026-08-31T09:18:59-06:00\"},{\"@type\":\"WebSite\",\"@id\":\"https:\\\/\\\/plumanegranoticias.com\\\/#website\",\"url\":\"https:\\\/\\\/plumanegranoticias.com\\\/\",\"name\":\"plumanegranoticias.com\",\"inLanguage\":\"es-MX\",\"publisher\":{\"@id\":\"https:\\\/\\\/plumanegranoticias.com\\\/#organization\"}}]}\n\t\t<\/script>\n\t\t<!-- All in One SEO -->\n\n","aioseo_head_json":{"title":"Inicia actividades este lunes la Escuela Veracruzana de Servicios Tur\u00edsticos, en Boca del R\u00edo: Gobernadora - plumanegranoticias.com","description":"-Se trataba de uno de los 80 compromisos de campa\u00f1a, los servicios ser\u00e1n gratuitos \u00c1ngeles Gonz\u00e1lez CeballosXalapa, Ver. La gobernadora de Veracruz, Roc\u00edo Nahle Garc\u00eda, inform\u00f3 que este lunes da el banderazo de inicio de la Escuela Veracruzana de Servicios Tur\u00edsticos, en Boca del R\u00edo. Entrevistada en una radio local de esta capital, la Mandataria,","canonical_url":"https:\/\/plumanegranoticias.com\/?p=15075","robots":"max-image-preview:large","keywords":"","webmasterTools":{"miscellaneous":""},"schema":{"@context":"https:\/\/schema.org","@graph":[{"@type":"BlogPosting","@id":"https:\/\/plumanegranoticias.com\/?p=15075#blogposting","name":"Inicia actividades este lunes la Escuela Veracruzana de Servicios Tur\u00edsticos, en Boca del R\u00edo: Gobernadora - plumanegranoticias.com","headline":"Inicia actividades este lunes la Escuela Veracruzana de Servicios Tur\u00edsticos, en Boca del R\u00edo: Gobernadora","author":{"@id":"https:\/\/plumanegranoticias.com\/?author=6#author"},"publisher":{"@id":"https:\/\/plumanegranoticias.com\/#organization"},"datePublished":"2026-08-31T09:18:59-06:00","dateModified":"2026-08-31T09:18:59-06:00","inLanguage":"es-MX","mainEntityOfPage":{"@id":"https:\/\/plumanegranoticias.com\/?p=15075#webpage"},"isPartOf":{"@id":"https:\/\/plumanegranoticias.com\/?p=15075#webpage"},"articleSection":"Plumazos, Pol\u00edtica, Plumazos, Pol\u00edtica"},{"@type":"BreadcrumbList","@id":"https:\/\/plumanegranoticias.com\/?p=15075#breadcrumblist","itemListElement":[{"@type":"ListItem","@id":"https:\/\/plumanegranoticias.com#listItem","position":1,"name":"Home","item":"https:\/\/plumanegranoticias.com","nextItem":{"@type":"ListItem","@id":"https:\/\/plumanegranoticias.com\/?cat=8#listItem","name":"Pol\u00edtica"}},{"@type":"ListItem","@id":"https:\/\/plumanegranoticias.com\/?cat=8#listItem","position":2,"name":"Pol\u00edtica","item":"https:\/\/plumanegranoticias.com\/?cat=8","nextItem":{"@type":"ListItem","@id":"https:\/\/plumanegranoticias.com\/?p=15075#listItem","name":"Inicia actividades este lunes la Escuela Veracruzana de Servicios Tur\u00edsticos, en Boca del R\u00edo: Gobernadora"},"previousItem":{"@type":"ListItem","@id":"https:\/\/plumanegranoticias.com#listItem","name":"Home"}},{"@type":"ListItem","@id":"https:\/\/plumanegranoticias.com\/?p=15075#listItem","position":3,"name":"Inicia actividades este lunes la Escuela Veracruzana de Servicios Tur\u00edsticos, en Boca del R\u00edo: Gobernadora","previousItem":{"@type":"ListItem","@id":"https:\/\/plumanegranoticias.com\/?cat=8#listItem","name":"Pol\u00edtica"}}]},{"@type":"Organization","@id":"https:\/\/plumanegranoticias.com\/#organization","name":"plumanegranoticias.com","url":"https:\/\/plumanegranoticias.com\/"},{"@type":"Person","@id":"https:\/\/plumanegranoticias.com\/?author=6#author","url":"https:\/\/plumanegranoticias.com\/?author=6","name":"Sergio Ricardo Alonso Carrizales","image":{"@type":"ImageObject","@id":"https:\/\/plumanegranoticias.com\/?p=15075#authorImage","url":"https:\/\/secure.gravatar.com\/avatar\/4a2109b4c1db10373767b38e9de5044c15288afe263d87faf7256dffb8a9285f?s=96&d=mm&r=g","width":96,"height":96,"caption":"Sergio Ricardo Alonso Carrizales"}},{"@type":"WebPage","@id":"https:\/\/plumanegranoticias.com\/?p=15075#webpage","url":"https:\/\/plumanegranoticias.com\/?p=15075","name":"Inicia actividades este lunes la Escuela Veracruzana de Servicios Tur\u00edsticos, en Boca del R\u00edo: Gobernadora - plumanegranoticias.com","description":"-Se trataba de uno de los 80 compromisos de campa\u00f1a, los servicios ser\u00e1n gratuitos \u00c1ngeles Gonz\u00e1lez CeballosXalapa, Ver. La gobernadora de Veracruz, Roc\u00edo Nahle Garc\u00eda, inform\u00f3 que este lunes da el banderazo de inicio de la Escuela Veracruzana de Servicios Tur\u00edsticos, en Boca del R\u00edo. Entrevistada en una radio local de esta capital, la Mandataria,","inLanguage":"es-MX","isPartOf":{"@id":"https:\/\/plumanegranoticias.com\/#website"},"breadcrumb":{"@id":"https:\/\/plumanegranoticias.com\/?p=15075#breadcrumblist"},"author":{"@id":"https:\/\/plumanegranoticias.com\/?author=6#author"},"creator":{"@id":"https:\/\/plumanegranoticias.com\/?author=6#author"},"datePublished":"2026-08-31T09:18:59-06:00","dateModified":"2026-08-31T09:18:59-06:00"},{"@type":"WebSite","@id":"https:\/\/plumanegranoticias.com\/#website","url":"https:\/\/plumanegranoticias.com\/","name":"plumanegranoticias.com","inLanguage":"es-MX","publisher":{"@id":"https:\/\/plumanegranoticias.com\/#organization"}}]},"og:locale":"es_MX","og:site_name":"plumanegranoticias.com -","og:type":"article","og:title":"Inicia actividades este lunes la Escuela Veracruzana de Servicios Tur\u00edsticos, en Boca del R\u00edo: Gobernadora - plumanegranoticias.com","og:description":"-Se trataba de uno de los 80 compromisos de campa\u00f1a, los servicios ser\u00e1n gratuitos \u00c1ngeles Gonz\u00e1lez CeballosXalapa, Ver. La gobernadora de Veracruz, Roc\u00edo Nahle Garc\u00eda, inform\u00f3 que este lunes da el banderazo de inicio de la Escuela Veracruzana de Servicios Tur\u00edsticos, en Boca del R\u00edo. Entrevistada en una radio local de esta capital, la Mandataria,","og:url":"https:\/\/plumanegranoticias.com\/?p=15075","article:published_time":"2026-08-31T15:18:59+00:00","article:modified_time":"2026-08-31T15:18:59+00:00","twitter:card":"summary_large_image","twitter:title":"Inicia actividades este lunes la Escuela Veracruzana de Servicios Tur\u00edsticos, en Boca del R\u00edo: Gobernadora - plumanegranoticias.com","twitter:description":"-Se trataba de uno de los 80 compromisos de campa\u00f1a, los servicios ser\u00e1n gratuitos \u00c1ngeles Gonz\u00e1lez CeballosXalapa, Ver. La gobernadora de Veracruz, Roc\u00edo Nahle Garc\u00eda, inform\u00f3 que este lunes da el banderazo de inicio de la Escuela Veracruzana de Servicios Tur\u00edsticos, en Boca del R\u00edo. Entrevistada en una radio local de esta capital, la Mandataria,"},"aioseo_meta_data":[],"aioseo_breadcrumb":"<div class=\"aioseo-breadcrumbs\"><span class=\"aioseo-breadcrumb\">\n\t\t\t<a href=\"https:\/\/plumanegranoticias.com\" title=\"Home\">Home<\/a>\n\t\t<\/span><span class=\"aioseo-breadcrumb-separator\">&raquo;<\/span><span class=\"aioseo-breadcrumb\">\n\t\t\t<a href=\"https:\/\/plumanegranoticias.com\/?cat=8\" title=\"Pol\u00edtica\">Pol\u00edtica<\/a>\n\t\t<\/span><span class=\"aioseo-breadcrumb-separator\">&raquo;<\/span><span class=\"aioseo-breadcrumb\">\n\t\t\tInicia actividades este lunes la Escuela Veracruzana de Servicios Tur\u00edsticos, en Boca del R\u00edo: Gobernadora\n\t\t<\/span><\/div>","aioseo_breadcrumb_json":[{"label":"Home","link":"https:\/\/plumanegranoticias.com"},{"label":"Pol\u00edtica","link":"https:\/\/plumanegranoticias.com\/?cat=8"},{"label":"Inicia actividades este lunes la Escuela Veracruzana de Servicios Tur\u00edsticos, en Boca del R\u00edo: Gobernadora","link":"https:\/\/plumanegranoticias.com\/?p=15075"}],"_links":{"self":[{"href":"https:\/\/plumanegranoticias.com\/index.php?rest_route=\/wp\/v2\/posts\/15075","targetHints":{"allow":["GET"]}}],"collection":[{"href":"https:\/\/plumanegranoticias.com\/index.php?rest_route=\/wp\/v2\/posts"}],"about":[{"href":"https:\/\/plumanegranoticias.com\/index.php?rest_route=\/wp\/v2\/types\/post"}],"author":[{"embeddable":true,"href":"https:\/\/plumanegranoticias.com\/index.php?rest_route=\/wp\/v2\/users\/6"}],"replies":[{"embeddable":true,"href":"https:\/\/plumanegranoticias.com\/index.php?rest_route=%2Fwp%2Fv2%2Fcomments&post=15075"}],"version-history":[{"count":1,"href":"https:\/\/plumanegranoticias.com\/index.php?rest_route=\/wp\/v2\/posts\/15075\/revisions"}],"predecessor-version":[{"id":15076,"href":"https:\/\/plumanegranoticias.com\/index.php?rest_route=\/wp\/v2\/posts\/15075\/revisions\/15076"}],"wp:attachment":[{"href":"https:\/\/plumanegranoticias.com\/index.php?rest_route=%2Fwp%2Fv2%2Fmedia&parent=15075"}],"wp:term":[{"taxonomy":"category","embeddable":true,"href":"https:\/\/plumanegranoticias.com\/index.php?rest_route=%2Fwp%2Fv2%2Fcategories&post=15075"},{"taxonomy":"post_tag","embeddable":true,"href":"https:\/\/plumanegranoticias.com\/index.php?rest_route=%2Fwp%2Fv2%2Ftags&post=15075"}],"curies":[{"name":"wp","href":"https:\/\/api.w.org\/{rel}","templated":true}]}}