{"id":15084,"date":"2026-08-31T11:52:28","date_gmt":"2026-08-31T17:52:28","guid":{"rendered":"https:\/\/plumanegranoticias.com\/?p=15084"},"modified":"2026-08-31T11:52:28","modified_gmt":"2026-08-31T17:52:28","slug":"respalda-javier-herrera-reformas-anticorrupcion-impulsadas-por-la-presidenta-claudia-sheinbaum","status":"publish","type":"post","link":"https:\/\/plumanegranoticias.com\/?p=15084","title":{"rendered":"Respalda Javier Herrera reformas anticorrupci\u00f3n impulsadas por la presidenta Claudia Sheinbaum"},"content":{"rendered":"\n<p class=\"wp-block-paragraph\"><\/p>\n\n\n\n<p class=\"wp-block-paragraph\">-El diputado veracruzano destaca el paquete de reformas y refrenda el respaldo del Partido Verde a una fiscalizaci\u00f3n m\u00e1s moderna, tecnol\u00f3gica y oportuna<\/p>\n\n\n\n<p class=\"wp-block-paragraph\">Ciudad de M\u00e9xico, 31 de agosto de 2026.- El diputado federal y presidente de la Comisi\u00f3n de Vigilancia de la Auditor\u00eda Superior de la Federaci\u00f3n (ASF), Javier Octavio Herrera Borunda, respald\u00f3 el paquete de reformas anticorrupci\u00f3n enviado por la presidenta de la Rep\u00fablica, Claudia Sheinbaum Pardo, al Congreso de la Uni\u00f3n, al considerar que representa un paso firme para fortalecer la fiscalizaci\u00f3n, la transparencia y el combate efectivo a la corrupci\u00f3n.<\/p>\n\n\n\n<p class=\"wp-block-paragraph\">El legislador veracruzano afirm\u00f3 que M\u00e9xico necesita instituciones con mayores capacidades para prevenir, detectar y sancionar el uso indebido de los recursos p\u00fablicos, por lo que el Grupo Parlamentario del Partido Verde acompa\u00f1ar\u00e1 el an\u00e1lisis y discusi\u00f3n de las propuestas durante el pr\u00f3ximo periodo ordinario de sesiones.<\/p>\n\n\n\n<p class=\"wp-block-paragraph\">\u201cEl combate a la corrupci\u00f3n no puede quedarse en discursos. Se necesitan instituciones fuertes, tecnolog\u00eda, fiscalizaci\u00f3n en tiempo real y consecuencias claras para quienes desv\u00eden recursos p\u00fablicos. En el Partido Verde estamos a favor de fortalecer los mecanismos que permitan cuidar cada peso de las y los mexicanos\u201d, sostuvo Herrera Borunda.<\/p>\n\n\n\n<p class=\"wp-block-paragraph\">Precis\u00f3 que el paquete contempla reformas a 19 leyes vigentes y la creaci\u00f3n de dos nuevos ordenamientos, con el objetivo de fortalecer las herramientas del Estado mexicano en materia de fiscalizaci\u00f3n, transparencia y combate a la corrupci\u00f3n.<\/p>\n\n\n\n<p class=\"wp-block-paragraph\">Entre los principales ejes se encuentran el fortalecimiento de las facultades de fiscalizaci\u00f3n, el aprovechamiento de herramientas tecnol\u00f3gicas para supervisar en tiempo real el ejercicio presupuestal, una mayor transparencia en las contrataciones p\u00fablicas y el fortalecimiento de las atribuciones de la Auditor\u00eda Superior de la Federaci\u00f3n y del Tribunal Federal de Justicia Administrativa, destac\u00f3.<\/p>\n\n\n\n<p class=\"wp-block-paragraph\">Herrera Borunda subray\u00f3 que estas medidas coinciden con la agenda que el Partido Verde ha impulsado desde el Congreso. Instituciones m\u00e1s eficientes, rendici\u00f3n de cuentas, modernizaci\u00f3n de los mecanismos de vigilancia y utilizaci\u00f3n de tecnolog\u00eda y an\u00e1lisis de datos para detectar posibles irregularidades de manera oportuna.<\/p>\n\n\n\n<p class=\"wp-block-paragraph\">\u201cUna auditor\u00eda que llega dos a\u00f1os tarde no recupera el da\u00f1o. Lo que necesitamos es anticiparnos, detectar las irregularidades a tiempo y hacer que quien incurra en actos de corrupci\u00f3n enfrente las consecuencias\u201d, enfatiz\u00f3.<\/p>\n\n\n\n<p class=\"wp-block-paragraph\">Como presidente de la Comisi\u00f3n de Vigilancia de la ASF, el diputado veracruzano se\u00f1al\u00f3 que el Congreso tiene la responsabilidad de revisar el paquete con rigor t\u00e9cnico, transparencia y sentido de Estado, evitando que intereses pol\u00edticos o burocr\u00e1ticos retrasen medidas destinadas a proteger los recursos p\u00fablicos.<\/p>\n\n\n\n<p class=\"wp-block-paragraph\">Asimismo, reiter\u00f3 que el Grupo Parlamentario del Partido Verde en coordinaci\u00f3n con sus aliados legislativos, participar\u00e1 activamente en la construcci\u00f3n de un marco jur\u00eddico que permita avanzar hacia una fiscalizaci\u00f3n m\u00e1s moderna, preventiva y efectiva.<\/p>\n\n\n\n<p class=\"wp-block-paragraph\">\u201cDesde el Partido Verde creemos que cuidar los recursos p\u00fablicos tambi\u00e9n es cuidar el futuro de las familias mexicanas. Veracruz y todo M\u00e9xico merecen instituciones que no solamente investiguen cuando el da\u00f1o ya est\u00e1 hecho, sino que tengan la capacidad de prevenirlo. El Poder Legislativo debe estar a la altura de este desaf\u00edo\u201d, concluy\u00f3 Herrera Borunda.<\/p>\n\n\n\n<p class=\"wp-block-paragraph\"><\/p>\n","protected":false},"excerpt":{"rendered":"<p>-El diputado veracruzano destaca el paquete de reformas y refrenda el respaldo del Partido Verde a una fiscalizaci\u00f3n m\u00e1s moderna, tecnol\u00f3gica y oportuna Ciudad de M\u00e9xico, 31 de agosto de 2026.- El diputado federal y presidente de la Comisi\u00f3n de Vigilancia de la Auditor\u00eda Superior de la Federaci\u00f3n (ASF), Javier Octavio Herrera Borunda, respald\u00f3 el&#8230; <\/p>\n<div class=\"clear\"><\/div>\n<p><a href=\"https:\/\/plumanegranoticias.com\/?p=15084\" class=\"excerpt-read-more\">Read More<i class=\"fa fa-caret-right icon-caret-right\"><\/i><\/a><\/p>\n","protected":false},"author":6,"featured_media":15083,"comment_status":"closed","ping_status":"open","sticky":false,"template":"","format":"standard","meta":{"om_disable_all_campaigns":false,"_monsterinsights_skip_tracking":false,"_uf_show_specific_survey":0,"_uf_disable_surveys":false,"footnotes":""},"categories":[16,8],"tags":[30,61],"class_list":["post-15084","post","type-post","status-publish","format-standard","has-post-thumbnail","hentry","category-plumazos","category-politica","tag-plumazos","tag-politica"],"aioseo_notices":[],"aioseo_head":"\n\t\t<!-- All in One SEO 5.0.0.1 - aioseo.com -->\n\t<meta name=\"description\" content=\"-El diputado veracruzano destaca el paquete de reformas y refrenda el respaldo del Partido Verde a una fiscalizaci\u00f3n m\u00e1s moderna, tecnol\u00f3gica y oportuna Ciudad de M\u00e9xico, 31 de agosto de 2026.- El diputado federal y presidente de la Comisi\u00f3n de Vigilancia de la Auditor\u00eda Superior de la Federaci\u00f3n (ASF), Javier Octavio Herrera Borunda, respald\u00f3 el\" \/>\n\t<meta name=\"robots\" content=\"max-image-preview:large\" \/>\n\t<meta name=\"author\" content=\"Sergio Ricardo Alonso Carrizales\"\/>\n\t<link rel=\"canonical\" href=\"https:\/\/plumanegranoticias.com\/?p=15084\" \/>\n\t<meta name=\"generator\" content=\"All in One SEO (AIOSEO) 5.0.0.1\" \/>\n\t\t<meta property=\"og:locale\" content=\"es_MX\" \/>\n\t\t<meta property=\"og:site_name\" content=\"plumanegranoticias.com -\" \/>\n\t\t<meta property=\"og:type\" content=\"article\" \/>\n\t\t<meta property=\"og:title\" content=\"Respalda Javier Herrera reformas anticorrupci\u00f3n impulsadas por la presidenta Claudia Sheinbaum - plumanegranoticias.com\" \/>\n\t\t<meta property=\"og:description\" content=\"-El diputado veracruzano destaca el paquete de reformas y refrenda el respaldo del Partido Verde a una fiscalizaci\u00f3n m\u00e1s moderna, tecnol\u00f3gica y oportuna Ciudad de M\u00e9xico, 31 de agosto de 2026.- El diputado federal y presidente de la Comisi\u00f3n de Vigilancia de la Auditor\u00eda Superior de la Federaci\u00f3n (ASF), Javier Octavio Herrera Borunda, respald\u00f3 el\" \/>\n\t\t<meta property=\"og:url\" content=\"https:\/\/plumanegranoticias.com\/?p=15084\" \/>\n\t\t<meta property=\"article:published_time\" content=\"2026-08-31T17:52:28+00:00\" \/>\n\t\t<meta property=\"article:modified_time\" content=\"2026-08-31T17:52:28+00:00\" \/>\n\t\t<meta name=\"twitter:card\" content=\"summary_large_image\" \/>\n\t\t<meta name=\"twitter:title\" content=\"Respalda Javier Herrera reformas anticorrupci\u00f3n impulsadas por la presidenta Claudia Sheinbaum - plumanegranoticias.com\" \/>\n\t\t<meta name=\"twitter:description\" content=\"-El diputado veracruzano destaca el paquete de reformas y refrenda el respaldo del Partido Verde a una fiscalizaci\u00f3n m\u00e1s moderna, tecnol\u00f3gica y oportuna Ciudad de M\u00e9xico, 31 de agosto de 2026.- El diputado federal y presidente de la Comisi\u00f3n de Vigilancia de la Auditor\u00eda Superior de la Federaci\u00f3n (ASF), Javier Octavio Herrera Borunda, respald\u00f3 el\" \/>\n\t\t<script type=\"application\/ld+json\" class=\"aioseo-schema\">\n\t\t\t{\"@context\":\"https:\\\/\\\/schema.org\",\"@graph\":[{\"@type\":\"BlogPosting\",\"@id\":\"https:\\\/\\\/plumanegranoticias.com\\\/?p=15084#blogposting\",\"name\":\"Respalda Javier Herrera reformas anticorrupci\\u00f3n impulsadas por la presidenta Claudia Sheinbaum - plumanegranoticias.com\",\"headline\":\"Respalda Javier Herrera reformas anticorrupci\\u00f3n impulsadas por la presidenta Claudia Sheinbaum\",\"author\":{\"@id\":\"https:\\\/\\\/plumanegranoticias.com\\\/?author=6#author\"},\"publisher\":{\"@id\":\"https:\\\/\\\/plumanegranoticias.com\\\/#organization\"},\"image\":{\"@type\":\"ImageObject\",\"url\":\"https:\\\/\\\/plumanegranoticias.com\\\/wp-content\\\/uploads\\\/2026\\\/08\\\/eb6bd92e-4f0c-4c78-87b8-844f9e9c2661.jpeg\",\"width\":960,\"height\":640},\"datePublished\":\"2026-08-31T11:52:28-06:00\",\"dateModified\":\"2026-08-31T11:52:28-06:00\",\"inLanguage\":\"es-MX\",\"mainEntityOfPage\":{\"@id\":\"https:\\\/\\\/plumanegranoticias.com\\\/?p=15084#webpage\"},\"isPartOf\":{\"@id\":\"https:\\\/\\\/plumanegranoticias.com\\\/?p=15084#webpage\"},\"articleSection\":\"Plumazos, Pol\\u00edtica, Plumazos, Pol\\u00edtica\"},{\"@type\":\"BreadcrumbList\",\"@id\":\"https:\\\/\\\/plumanegranoticias.com\\\/?p=15084#breadcrumblist\",\"itemListElement\":[{\"@type\":\"ListItem\",\"@id\":\"https:\\\/\\\/plumanegranoticias.com#listItem\",\"position\":1,\"name\":\"Home\",\"item\":\"https:\\\/\\\/plumanegranoticias.com\",\"nextItem\":{\"@type\":\"ListItem\",\"@id\":\"https:\\\/\\\/plumanegranoticias.com\\\/?cat=8#listItem\",\"name\":\"Pol\\u00edtica\"}},{\"@type\":\"ListItem\",\"@id\":\"https:\\\/\\\/plumanegranoticias.com\\\/?cat=8#listItem\",\"position\":2,\"name\":\"Pol\\u00edtica\",\"item\":\"https:\\\/\\\/plumanegranoticias.com\\\/?cat=8\",\"nextItem\":{\"@type\":\"ListItem\",\"@id\":\"https:\\\/\\\/plumanegranoticias.com\\\/?p=15084#listItem\",\"name\":\"Respalda Javier Herrera reformas anticorrupci\\u00f3n impulsadas por la presidenta Claudia Sheinbaum\"},\"previousItem\":{\"@type\":\"ListItem\",\"@id\":\"https:\\\/\\\/plumanegranoticias.com#listItem\",\"name\":\"Home\"}},{\"@type\":\"ListItem\",\"@id\":\"https:\\\/\\\/plumanegranoticias.com\\\/?p=15084#listItem\",\"position\":3,\"name\":\"Respalda Javier Herrera reformas anticorrupci\\u00f3n impulsadas por la presidenta Claudia Sheinbaum\",\"previousItem\":{\"@type\":\"ListItem\",\"@id\":\"https:\\\/\\\/plumanegranoticias.com\\\/?cat=8#listItem\",\"name\":\"Pol\\u00edtica\"}}]},{\"@type\":\"Organization\",\"@id\":\"https:\\\/\\\/plumanegranoticias.com\\\/#organization\",\"name\":\"plumanegranoticias.com\",\"url\":\"https:\\\/\\\/plumanegranoticias.com\\\/\"},{\"@type\":\"Person\",\"@id\":\"https:\\\/\\\/plumanegranoticias.com\\\/?author=6#author\",\"url\":\"https:\\\/\\\/plumanegranoticias.com\\\/?author=6\",\"name\":\"Sergio Ricardo Alonso Carrizales\",\"image\":{\"@type\":\"ImageObject\",\"@id\":\"https:\\\/\\\/plumanegranoticias.com\\\/?p=15084#authorImage\",\"url\":\"https:\\\/\\\/secure.gravatar.com\\\/avatar\\\/4a2109b4c1db10373767b38e9de5044c15288afe263d87faf7256dffb8a9285f?s=96&d=mm&r=g\",\"width\":96,\"height\":96,\"caption\":\"Sergio Ricardo Alonso Carrizales\"}},{\"@type\":\"WebPage\",\"@id\":\"https:\\\/\\\/plumanegranoticias.com\\\/?p=15084#webpage\",\"url\":\"https:\\\/\\\/plumanegranoticias.com\\\/?p=15084\",\"name\":\"Respalda Javier Herrera reformas anticorrupci\\u00f3n impulsadas por la presidenta Claudia Sheinbaum - plumanegranoticias.com\",\"description\":\"-El diputado veracruzano destaca el paquete de reformas y refrenda el respaldo del Partido Verde a una fiscalizaci\\u00f3n m\\u00e1s moderna, tecnol\\u00f3gica y oportuna Ciudad de M\\u00e9xico, 31 de agosto de 2026.- El diputado federal y presidente de la Comisi\\u00f3n de Vigilancia de la Auditor\\u00eda Superior de la Federaci\\u00f3n (ASF), Javier Octavio Herrera Borunda, respald\\u00f3 el\",\"inLanguage\":\"es-MX\",\"isPartOf\":{\"@id\":\"https:\\\/\\\/plumanegranoticias.com\\\/#website\"},\"breadcrumb\":{\"@id\":\"https:\\\/\\\/plumanegranoticias.com\\\/?p=15084#breadcrumblist\"},\"author\":{\"@id\":\"https:\\\/\\\/plumanegranoticias.com\\\/?author=6#author\"},\"creator\":{\"@id\":\"https:\\\/\\\/plumanegranoticias.com\\\/?author=6#author\"},\"image\":{\"@type\":\"ImageObject\",\"url\":\"https:\\\/\\\/plumanegranoticias.com\\\/wp-content\\\/uploads\\\/2026\\\/08\\\/eb6bd92e-4f0c-4c78-87b8-844f9e9c2661.jpeg\",\"@id\":\"https:\\\/\\\/plumanegranoticias.com\\\/?p=15084\\\/#mainImage\",\"width\":960,\"height\":640},\"primaryImageOfPage\":{\"@id\":\"https:\\\/\\\/plumanegranoticias.com\\\/?p=15084#mainImage\"},\"datePublished\":\"2026-08-31T11:52:28-06:00\",\"dateModified\":\"2026-08-31T11:52:28-06:00\"},{\"@type\":\"WebSite\",\"@id\":\"https:\\\/\\\/plumanegranoticias.com\\\/#website\",\"url\":\"https:\\\/\\\/plumanegranoticias.com\\\/\",\"name\":\"plumanegranoticias.com\",\"inLanguage\":\"es-MX\",\"publisher\":{\"@id\":\"https:\\\/\\\/plumanegranoticias.com\\\/#organization\"}}]}\n\t\t<\/script>\n\t\t<!-- All in One SEO -->\n\n","aioseo_head_json":{"title":"Respalda Javier Herrera reformas anticorrupci\u00f3n impulsadas por la presidenta Claudia Sheinbaum - plumanegranoticias.com","description":"-El diputado veracruzano destaca el paquete de reformas y refrenda el respaldo del Partido Verde a una fiscalizaci\u00f3n m\u00e1s moderna, tecnol\u00f3gica y oportuna Ciudad de M\u00e9xico, 31 de agosto de 2026.- El diputado federal y presidente de la Comisi\u00f3n de Vigilancia de la Auditor\u00eda Superior de la Federaci\u00f3n (ASF), Javier Octavio Herrera Borunda, respald\u00f3 el","canonical_url":"https:\/\/plumanegranoticias.com\/?p=15084","robots":"max-image-preview:large","keywords":"","webmasterTools":{"miscellaneous":""},"schema":{"@context":"https:\/\/schema.org","@graph":[{"@type":"BlogPosting","@id":"https:\/\/plumanegranoticias.com\/?p=15084#blogposting","name":"Respalda Javier Herrera reformas anticorrupci\u00f3n impulsadas por la presidenta Claudia Sheinbaum - plumanegranoticias.com","headline":"Respalda Javier Herrera reformas anticorrupci\u00f3n impulsadas por la presidenta Claudia Sheinbaum","author":{"@id":"https:\/\/plumanegranoticias.com\/?author=6#author"},"publisher":{"@id":"https:\/\/plumanegranoticias.com\/#organization"},"image":{"@type":"ImageObject","url":"https:\/\/plumanegranoticias.com\/wp-content\/uploads\/2026\/08\/eb6bd92e-4f0c-4c78-87b8-844f9e9c2661.jpeg","width":960,"height":640},"datePublished":"2026-08-31T11:52:28-06:00","dateModified":"2026-08-31T11:52:28-06:00","inLanguage":"es-MX","mainEntityOfPage":{"@id":"https:\/\/plumanegranoticias.com\/?p=15084#webpage"},"isPartOf":{"@id":"https:\/\/plumanegranoticias.com\/?p=15084#webpage"},"articleSection":"Plumazos, Pol\u00edtica, Plumazos, Pol\u00edtica"},{"@type":"BreadcrumbList","@id":"https:\/\/plumanegranoticias.com\/?p=15084#breadcrumblist","itemListElement":[{"@type":"ListItem","@id":"https:\/\/plumanegranoticias.com#listItem","position":1,"name":"Home","item":"https:\/\/plumanegranoticias.com","nextItem":{"@type":"ListItem","@id":"https:\/\/plumanegranoticias.com\/?cat=8#listItem","name":"Pol\u00edtica"}},{"@type":"ListItem","@id":"https:\/\/plumanegranoticias.com\/?cat=8#listItem","position":2,"name":"Pol\u00edtica","item":"https:\/\/plumanegranoticias.com\/?cat=8","nextItem":{"@type":"ListItem","@id":"https:\/\/plumanegranoticias.com\/?p=15084#listItem","name":"Respalda Javier Herrera reformas anticorrupci\u00f3n impulsadas por la presidenta Claudia Sheinbaum"},"previousItem":{"@type":"ListItem","@id":"https:\/\/plumanegranoticias.com#listItem","name":"Home"}},{"@type":"ListItem","@id":"https:\/\/plumanegranoticias.com\/?p=15084#listItem","position":3,"name":"Respalda Javier Herrera reformas anticorrupci\u00f3n impulsadas por la presidenta Claudia Sheinbaum","previousItem":{"@type":"ListItem","@id":"https:\/\/plumanegranoticias.com\/?cat=8#listItem","name":"Pol\u00edtica"}}]},{"@type":"Organization","@id":"https:\/\/plumanegranoticias.com\/#organization","name":"plumanegranoticias.com","url":"https:\/\/plumanegranoticias.com\/"},{"@type":"Person","@id":"https:\/\/plumanegranoticias.com\/?author=6#author","url":"https:\/\/plumanegranoticias.com\/?author=6","name":"Sergio Ricardo Alonso Carrizales","image":{"@type":"ImageObject","@id":"https:\/\/plumanegranoticias.com\/?p=15084#authorImage","url":"https:\/\/secure.gravatar.com\/avatar\/4a2109b4c1db10373767b38e9de5044c15288afe263d87faf7256dffb8a9285f?s=96&d=mm&r=g","width":96,"height":96,"caption":"Sergio Ricardo Alonso Carrizales"}},{"@type":"WebPage","@id":"https:\/\/plumanegranoticias.com\/?p=15084#webpage","url":"https:\/\/plumanegranoticias.com\/?p=15084","name":"Respalda Javier Herrera reformas anticorrupci\u00f3n impulsadas por la presidenta Claudia Sheinbaum - plumanegranoticias.com","description":"-El diputado veracruzano destaca el paquete de reformas y refrenda el respaldo del Partido Verde a una fiscalizaci\u00f3n m\u00e1s moderna, tecnol\u00f3gica y oportuna Ciudad de M\u00e9xico, 31 de agosto de 2026.- El diputado federal y presidente de la Comisi\u00f3n de Vigilancia de la Auditor\u00eda Superior de la Federaci\u00f3n (ASF), Javier Octavio Herrera Borunda, respald\u00f3 el","inLanguage":"es-MX","isPartOf":{"@id":"https:\/\/plumanegranoticias.com\/#website"},"breadcrumb":{"@id":"https:\/\/plumanegranoticias.com\/?p=15084#breadcrumblist"},"author":{"@id":"https:\/\/plumanegranoticias.com\/?author=6#author"},"creator":{"@id":"https:\/\/plumanegranoticias.com\/?author=6#author"},"image":{"@type":"ImageObject","url":"https:\/\/plumanegranoticias.com\/wp-content\/uploads\/2026\/08\/eb6bd92e-4f0c-4c78-87b8-844f9e9c2661.jpeg","@id":"https:\/\/plumanegranoticias.com\/?p=15084\/#mainImage","width":960,"height":640},"primaryImageOfPage":{"@id":"https:\/\/plumanegranoticias.com\/?p=15084#mainImage"},"datePublished":"2026-08-31T11:52:28-06:00","dateModified":"2026-08-31T11:52:28-06:00"},{"@type":"WebSite","@id":"https:\/\/plumanegranoticias.com\/#website","url":"https:\/\/plumanegranoticias.com\/","name":"plumanegranoticias.com","inLanguage":"es-MX","publisher":{"@id":"https:\/\/plumanegranoticias.com\/#organization"}}]},"og:locale":"es_MX","og:site_name":"plumanegranoticias.com -","og:type":"article","og:title":"Respalda Javier Herrera reformas anticorrupci\u00f3n impulsadas por la presidenta Claudia Sheinbaum - plumanegranoticias.com","og:description":"-El diputado veracruzano destaca el paquete de reformas y refrenda el respaldo del Partido Verde a una fiscalizaci\u00f3n m\u00e1s moderna, tecnol\u00f3gica y oportuna Ciudad de M\u00e9xico, 31 de agosto de 2026.- El diputado federal y presidente de la Comisi\u00f3n de Vigilancia de la Auditor\u00eda Superior de la Federaci\u00f3n (ASF), Javier Octavio Herrera Borunda, respald\u00f3 el","og:url":"https:\/\/plumanegranoticias.com\/?p=15084","article:published_time":"2026-08-31T17:52:28+00:00","article:modified_time":"2026-08-31T17:52:28+00:00","twitter:card":"summary_large_image","twitter:title":"Respalda Javier Herrera reformas anticorrupci\u00f3n impulsadas por la presidenta Claudia Sheinbaum - plumanegranoticias.com","twitter:description":"-El diputado veracruzano destaca el paquete de reformas y refrenda el respaldo del Partido Verde a una fiscalizaci\u00f3n m\u00e1s moderna, tecnol\u00f3gica y oportuna Ciudad de M\u00e9xico, 31 de agosto de 2026.- El diputado federal y presidente de la Comisi\u00f3n de Vigilancia de la Auditor\u00eda Superior de la Federaci\u00f3n (ASF), Javier Octavio Herrera Borunda, respald\u00f3 el"},"aioseo_meta_data":[],"aioseo_breadcrumb":"<div class=\"aioseo-breadcrumbs\"><span class=\"aioseo-breadcrumb\">\n\t\t\t<a href=\"https:\/\/plumanegranoticias.com\" title=\"Home\">Home<\/a>\n\t\t<\/span><span class=\"aioseo-breadcrumb-separator\">&raquo;<\/span><span class=\"aioseo-breadcrumb\">\n\t\t\t<a href=\"https:\/\/plumanegranoticias.com\/?cat=8\" title=\"Pol\u00edtica\">Pol\u00edtica<\/a>\n\t\t<\/span><span class=\"aioseo-breadcrumb-separator\">&raquo;<\/span><span class=\"aioseo-breadcrumb\">\n\t\t\tRespalda Javier Herrera reformas anticorrupci\u00f3n impulsadas por la presidenta Claudia Sheinbaum\n\t\t<\/span><\/div>","aioseo_breadcrumb_json":[{"label":"Home","link":"https:\/\/plumanegranoticias.com"},{"label":"Pol\u00edtica","link":"https:\/\/plumanegranoticias.com\/?cat=8"},{"label":"Respalda Javier Herrera reformas anticorrupci\u00f3n impulsadas por la presidenta Claudia Sheinbaum","link":"https:\/\/plumanegranoticias.com\/?p=15084"}],"_links":{"self":[{"href":"https:\/\/plumanegranoticias.com\/index.php?rest_route=\/wp\/v2\/posts\/15084","targetHints":{"allow":["GET"]}}],"collection":[{"href":"https:\/\/plumanegranoticias.com\/index.php?rest_route=\/wp\/v2\/posts"}],"about":[{"href":"https:\/\/plumanegranoticias.com\/index.php?rest_route=\/wp\/v2\/types\/post"}],"author":[{"embeddable":true,"href":"https:\/\/plumanegranoticias.com\/index.php?rest_route=\/wp\/v2\/users\/6"}],"replies":[{"embeddable":true,"href":"https:\/\/plumanegranoticias.com\/index.php?rest_route=%2Fwp%2Fv2%2Fcomments&post=15084"}],"version-history":[{"count":1,"href":"https:\/\/plumanegranoticias.com\/index.php?rest_route=\/wp\/v2\/posts\/15084\/revisions"}],"predecessor-version":[{"id":15085,"href":"https:\/\/plumanegranoticias.com\/index.php?rest_route=\/wp\/v2\/posts\/15084\/revisions\/15085"}],"wp:featuredmedia":[{"embeddable":true,"href":"https:\/\/plumanegranoticias.com\/index.php?rest_route=\/wp\/v2\/media\/15083"}],"wp:attachment":[{"href":"https:\/\/plumanegranoticias.com\/index.php?rest_route=%2Fwp%2Fv2%2Fmedia&parent=15084"}],"wp:term":[{"taxonomy":"category","embeddable":true,"href":"https:\/\/plumanegranoticias.com\/index.php?rest_route=%2Fwp%2Fv2%2Fcategories&post=15084"},{"taxonomy":"post_tag","embeddable":true,"href":"https:\/\/plumanegranoticias.com\/index.php?rest_route=%2Fwp%2Fv2%2Ftags&post=15084"}],"curies":[{"name":"wp","href":"https:\/\/api.w.org\/{rel}","templated":true}]}}