{"id":15091,"date":"2026-08-31T12:16:49","date_gmt":"2026-08-31T18:16:49","guid":{"rendered":"https:\/\/plumanegranoticias.com\/?p=15091"},"modified":"2026-08-31T12:16:49","modified_gmt":"2026-08-31T18:16:49","slug":"alcalde-de-cotaxtla-participa-en-homenaje-a-la-bandera-y-da-bienvenida-a-estudiantes","status":"publish","type":"post","link":"https:\/\/plumanegranoticias.com\/?p=15091","title":{"rendered":"Alcalde de Cotaxtla participa en homenaje a la bandera y da bienvenida a estudiantes"},"content":{"rendered":"\n<p class=\"wp-block-paragraph\"><\/p>\n\n\n\n<p class=\"wp-block-paragraph\">Arranca ciclo escolar 2026-2027 en Cotaxtla<\/p>\n\n\n\n<p class=\"wp-block-paragraph\">Sergio Ricardo Alonso,Cotaxtla, Ver., 31 de agosto de 2026.- El presidente municipal de Cotaxtla, MVZ. Mart\u00edn Flores Soto, acompa\u00f1ado por integrantes del H. Cabildo, particip\u00f3 esta ma\u00f1ana en el homenaje a la bandera realizado en la Telesecundaria Juan de la Luz Enr\u00edquez, ubicada en la cabecera municipal.<\/p>\n\n\n\n<p class=\"wp-block-paragraph\">Durante el acto c\u00edvico, el alcalde dio la bienvenida a los estudiantes de nuevo ingreso y les dese\u00f3 \u00e9xito en el inicio del ciclo escolar, al tiempo que los exhort\u00f3 a aprovechar su etapa educativa y dar lo mejor de s\u00ed en sus actividades acad\u00e9micas.<\/p>\n\n\n\n<p class=\"wp-block-paragraph\">Como parte de la jornada, tambi\u00e9n se llev\u00f3 a cabo una actividad de integraci\u00f3n entre los estudiantes, con el prop\u00f3sito de fortalecer la convivencia y generar un ambiente favorable para el inicio de clases.<\/p>\n\n\n\n<p class=\"wp-block-paragraph\">Con estas acciones, el gobierno municipal destac\u00f3 la importancia de impulsar la educaci\u00f3n y acompa\u00f1ar a las nuevas generaciones durante su formaci\u00f3n acad\u00e9mica.<\/p>\n\n\n\n<figure class=\"wp-block-image size-large\"><img loading=\"lazy\" decoding=\"async\" width=\"1024\" height=\"682\" src=\"https:\/\/plumanegranoticias.com\/wp-content\/uploads\/2026\/08\/fae78292-23a8-4fab-8d41-606ed82d5be4-1024x682.jpeg\" class=\"wp-image-15087\" srcset=\"https:\/\/plumanegranoticias.com\/wp-content\/uploads\/2026\/08\/fae78292-23a8-4fab-8d41-606ed82d5be4-1024x682.jpeg 1024w, https:\/\/plumanegranoticias.com\/wp-content\/uploads\/2026\/08\/fae78292-23a8-4fab-8d41-606ed82d5be4-300x200.jpeg 300w, https:\/\/plumanegranoticias.com\/wp-content\/uploads\/2026\/08\/fae78292-23a8-4fab-8d41-606ed82d5be4-768x512.jpeg 768w, https:\/\/plumanegranoticias.com\/wp-content\/uploads\/2026\/08\/fae78292-23a8-4fab-8d41-606ed82d5be4-1536x1023.jpeg 1536w, https:\/\/plumanegranoticias.com\/wp-content\/uploads\/2026\/08\/fae78292-23a8-4fab-8d41-606ed82d5be4.jpeg 1600w\" sizes=\"auto, (max-width: 1024px) 100vw, 1024px\" \/><\/figure>\n\n\n\n<figure class=\"wp-block-image size-large\"><img loading=\"lazy\" decoding=\"async\" width=\"1024\" height=\"682\" src=\"https:\/\/plumanegranoticias.com\/wp-content\/uploads\/2026\/08\/1aeb13be-d474-42ec-b47c-170bfd81250c-1024x682.jpeg\" class=\"wp-image-15088\" srcset=\"https:\/\/plumanegranoticias.com\/wp-content\/uploads\/2026\/08\/1aeb13be-d474-42ec-b47c-170bfd81250c-1024x682.jpeg 1024w, https:\/\/plumanegranoticias.com\/wp-content\/uploads\/2026\/08\/1aeb13be-d474-42ec-b47c-170bfd81250c-300x200.jpeg 300w, https:\/\/plumanegranoticias.com\/wp-content\/uploads\/2026\/08\/1aeb13be-d474-42ec-b47c-170bfd81250c-768x512.jpeg 768w, https:\/\/plumanegranoticias.com\/wp-content\/uploads\/2026\/08\/1aeb13be-d474-42ec-b47c-170bfd81250c-1536x1023.jpeg 1536w, https:\/\/plumanegranoticias.com\/wp-content\/uploads\/2026\/08\/1aeb13be-d474-42ec-b47c-170bfd81250c.jpeg 1600w\" sizes=\"auto, (max-width: 1024px) 100vw, 1024px\" \/><\/figure>\n\n\n\n<figure class=\"wp-block-image size-large\"><img loading=\"lazy\" decoding=\"async\" width=\"1024\" height=\"682\" src=\"https:\/\/plumanegranoticias.com\/wp-content\/uploads\/2026\/08\/d8a38907-1704-450c-96d0-1c9807d28606-1024x682.jpeg\" class=\"wp-image-15089\" srcset=\"https:\/\/plumanegranoticias.com\/wp-content\/uploads\/2026\/08\/d8a38907-1704-450c-96d0-1c9807d28606-1024x682.jpeg 1024w, https:\/\/plumanegranoticias.com\/wp-content\/uploads\/2026\/08\/d8a38907-1704-450c-96d0-1c9807d28606-300x200.jpeg 300w, https:\/\/plumanegranoticias.com\/wp-content\/uploads\/2026\/08\/d8a38907-1704-450c-96d0-1c9807d28606-768x512.jpeg 768w, https:\/\/plumanegranoticias.com\/wp-content\/uploads\/2026\/08\/d8a38907-1704-450c-96d0-1c9807d28606-1536x1023.jpeg 1536w, https:\/\/plumanegranoticias.com\/wp-content\/uploads\/2026\/08\/d8a38907-1704-450c-96d0-1c9807d28606.jpeg 1600w\" sizes=\"auto, (max-width: 1024px) 100vw, 1024px\" \/><\/figure>\n","protected":false},"excerpt":{"rendered":"<p>Arranca ciclo escolar 2026-2027 en Cotaxtla Sergio Ricardo Alonso,Cotaxtla, Ver., 31 de agosto de 2026.- El presidente municipal de Cotaxtla, MVZ. Mart\u00edn Flores Soto, acompa\u00f1ado por integrantes del H. Cabildo, particip\u00f3 esta ma\u00f1ana en el homenaje a la bandera realizado en la Telesecundaria Juan de la Luz Enr\u00edquez, ubicada en la cabecera municipal. Durante el&#8230; <\/p>\n<div class=\"clear\"><\/div>\n<p><a href=\"https:\/\/plumanegranoticias.com\/?p=15091\" class=\"excerpt-read-more\">Read More<i class=\"fa fa-caret-right icon-caret-right\"><\/i><\/a><\/p>\n","protected":false},"author":6,"featured_media":15090,"comment_status":"closed","ping_status":"open","sticky":false,"template":"","format":"standard","meta":{"om_disable_all_campaigns":false,"_monsterinsights_skip_tracking":false,"_uf_show_specific_survey":0,"_uf_disable_surveys":false,"footnotes":""},"categories":[16,8],"tags":[76,30,61],"class_list":["post-15091","post","type-post","status-publish","format-standard","has-post-thumbnail","hentry","category-plumazos","category-politica","tag-educacion","tag-plumazos","tag-politica"],"aioseo_notices":[],"aioseo_head":"\n\t\t<!-- All in One SEO 5.0.0.1 - aioseo.com -->\n\t<meta name=\"description\" content=\"Arranca ciclo escolar 2026-2027 en Cotaxtla Sergio Ricardo Alonso,Cotaxtla, Ver., 31 de agosto de 2026.- El presidente municipal de Cotaxtla, MVZ. Mart\u00edn Flores Soto, acompa\u00f1ado por integrantes del H. Cabildo, particip\u00f3 esta ma\u00f1ana en el homenaje a la bandera realizado en la Telesecundaria Juan de la Luz Enr\u00edquez, ubicada en la cabecera municipal. Durante el\" \/>\n\t<meta name=\"robots\" content=\"max-image-preview:large\" \/>\n\t<meta name=\"author\" content=\"Sergio Ricardo Alonso Carrizales\"\/>\n\t<link rel=\"canonical\" href=\"https:\/\/plumanegranoticias.com\/?p=15091\" \/>\n\t<meta name=\"generator\" content=\"All in One SEO (AIOSEO) 5.0.0.1\" \/>\n\t\t<meta property=\"og:locale\" content=\"es_MX\" \/>\n\t\t<meta property=\"og:site_name\" content=\"plumanegranoticias.com -\" \/>\n\t\t<meta property=\"og:type\" content=\"article\" \/>\n\t\t<meta property=\"og:title\" content=\"Alcalde de Cotaxtla participa en homenaje a la bandera y da bienvenida a estudiantes - plumanegranoticias.com\" \/>\n\t\t<meta property=\"og:description\" content=\"Arranca ciclo escolar 2026-2027 en Cotaxtla Sergio Ricardo Alonso,Cotaxtla, Ver., 31 de agosto de 2026.- El presidente municipal de Cotaxtla, MVZ. Mart\u00edn Flores Soto, acompa\u00f1ado por integrantes del H. Cabildo, particip\u00f3 esta ma\u00f1ana en el homenaje a la bandera realizado en la Telesecundaria Juan de la Luz Enr\u00edquez, ubicada en la cabecera municipal. Durante el\" \/>\n\t\t<meta property=\"og:url\" content=\"https:\/\/plumanegranoticias.com\/?p=15091\" \/>\n\t\t<meta property=\"article:published_time\" content=\"2026-08-31T18:16:49+00:00\" \/>\n\t\t<meta property=\"article:modified_time\" content=\"2026-08-31T18:16:49+00:00\" \/>\n\t\t<meta name=\"twitter:card\" content=\"summary_large_image\" \/>\n\t\t<meta name=\"twitter:title\" content=\"Alcalde de Cotaxtla participa en homenaje a la bandera y da bienvenida a estudiantes - plumanegranoticias.com\" \/>\n\t\t<meta name=\"twitter:description\" content=\"Arranca ciclo escolar 2026-2027 en Cotaxtla Sergio Ricardo Alonso,Cotaxtla, Ver., 31 de agosto de 2026.- El presidente municipal de Cotaxtla, MVZ. Mart\u00edn Flores Soto, acompa\u00f1ado por integrantes del H. Cabildo, particip\u00f3 esta ma\u00f1ana en el homenaje a la bandera realizado en la Telesecundaria Juan de la Luz Enr\u00edquez, ubicada en la cabecera municipal. Durante el\" \/>\n\t\t<script type=\"application\/ld+json\" class=\"aioseo-schema\">\n\t\t\t{\"@context\":\"https:\\\/\\\/schema.org\",\"@graph\":[{\"@type\":\"BlogPosting\",\"@id\":\"https:\\\/\\\/plumanegranoticias.com\\\/?p=15091#blogposting\",\"name\":\"Alcalde de Cotaxtla participa en homenaje a la bandera y da bienvenida a estudiantes - plumanegranoticias.com\",\"headline\":\"Alcalde de Cotaxtla participa en homenaje a la bandera y da bienvenida a estudiantes\",\"author\":{\"@id\":\"https:\\\/\\\/plumanegranoticias.com\\\/?author=6#author\"},\"publisher\":{\"@id\":\"https:\\\/\\\/plumanegranoticias.com\\\/#organization\"},\"image\":{\"@type\":\"ImageObject\",\"url\":\"https:\\\/\\\/plumanegranoticias.com\\\/wp-content\\\/uploads\\\/2026\\\/08\\\/2526698e-08af-4fde-8324-5d042eb1e4f9-1.jpeg\",\"width\":2000,\"height\":1333},\"datePublished\":\"2026-08-31T12:16:49-06:00\",\"dateModified\":\"2026-08-31T12:16:49-06:00\",\"inLanguage\":\"es-MX\",\"mainEntityOfPage\":{\"@id\":\"https:\\\/\\\/plumanegranoticias.com\\\/?p=15091#webpage\"},\"isPartOf\":{\"@id\":\"https:\\\/\\\/plumanegranoticias.com\\\/?p=15091#webpage\"},\"articleSection\":\"Plumazos, Pol\\u00edtica, educaci\\u00f3n, Plumazos, Pol\\u00edtica\"},{\"@type\":\"BreadcrumbList\",\"@id\":\"https:\\\/\\\/plumanegranoticias.com\\\/?p=15091#breadcrumblist\",\"itemListElement\":[{\"@type\":\"ListItem\",\"@id\":\"https:\\\/\\\/plumanegranoticias.com#listItem\",\"position\":1,\"name\":\"Home\",\"item\":\"https:\\\/\\\/plumanegranoticias.com\",\"nextItem\":{\"@type\":\"ListItem\",\"@id\":\"https:\\\/\\\/plumanegranoticias.com\\\/?cat=8#listItem\",\"name\":\"Pol\\u00edtica\"}},{\"@type\":\"ListItem\",\"@id\":\"https:\\\/\\\/plumanegranoticias.com\\\/?cat=8#listItem\",\"position\":2,\"name\":\"Pol\\u00edtica\",\"item\":\"https:\\\/\\\/plumanegranoticias.com\\\/?cat=8\",\"nextItem\":{\"@type\":\"ListItem\",\"@id\":\"https:\\\/\\\/plumanegranoticias.com\\\/?p=15091#listItem\",\"name\":\"Alcalde de Cotaxtla participa en homenaje a la bandera y da bienvenida a estudiantes\"},\"previousItem\":{\"@type\":\"ListItem\",\"@id\":\"https:\\\/\\\/plumanegranoticias.com#listItem\",\"name\":\"Home\"}},{\"@type\":\"ListItem\",\"@id\":\"https:\\\/\\\/plumanegranoticias.com\\\/?p=15091#listItem\",\"position\":3,\"name\":\"Alcalde de Cotaxtla participa en homenaje a la bandera y da bienvenida a estudiantes\",\"previousItem\":{\"@type\":\"ListItem\",\"@id\":\"https:\\\/\\\/plumanegranoticias.com\\\/?cat=8#listItem\",\"name\":\"Pol\\u00edtica\"}}]},{\"@type\":\"Organization\",\"@id\":\"https:\\\/\\\/plumanegranoticias.com\\\/#organization\",\"name\":\"plumanegranoticias.com\",\"url\":\"https:\\\/\\\/plumanegranoticias.com\\\/\"},{\"@type\":\"Person\",\"@id\":\"https:\\\/\\\/plumanegranoticias.com\\\/?author=6#author\",\"url\":\"https:\\\/\\\/plumanegranoticias.com\\\/?author=6\",\"name\":\"Sergio Ricardo Alonso Carrizales\",\"image\":{\"@type\":\"ImageObject\",\"@id\":\"https:\\\/\\\/plumanegranoticias.com\\\/?p=15091#authorImage\",\"url\":\"https:\\\/\\\/secure.gravatar.com\\\/avatar\\\/4a2109b4c1db10373767b38e9de5044c15288afe263d87faf7256dffb8a9285f?s=96&d=mm&r=g\",\"width\":96,\"height\":96,\"caption\":\"Sergio Ricardo Alonso Carrizales\"}},{\"@type\":\"WebPage\",\"@id\":\"https:\\\/\\\/plumanegranoticias.com\\\/?p=15091#webpage\",\"url\":\"https:\\\/\\\/plumanegranoticias.com\\\/?p=15091\",\"name\":\"Alcalde de Cotaxtla participa en homenaje a la bandera y da bienvenida a estudiantes - plumanegranoticias.com\",\"description\":\"Arranca ciclo escolar 2026-2027 en Cotaxtla Sergio Ricardo Alonso,Cotaxtla, Ver., 31 de agosto de 2026.- El presidente municipal de Cotaxtla, MVZ. Mart\\u00edn Flores Soto, acompa\\u00f1ado por integrantes del H. Cabildo, particip\\u00f3 esta ma\\u00f1ana en el homenaje a la bandera realizado en la Telesecundaria Juan de la Luz Enr\\u00edquez, ubicada en la cabecera municipal. Durante el\",\"inLanguage\":\"es-MX\",\"isPartOf\":{\"@id\":\"https:\\\/\\\/plumanegranoticias.com\\\/#website\"},\"breadcrumb\":{\"@id\":\"https:\\\/\\\/plumanegranoticias.com\\\/?p=15091#breadcrumblist\"},\"author\":{\"@id\":\"https:\\\/\\\/plumanegranoticias.com\\\/?author=6#author\"},\"creator\":{\"@id\":\"https:\\\/\\\/plumanegranoticias.com\\\/?author=6#author\"},\"image\":{\"@type\":\"ImageObject\",\"url\":\"https:\\\/\\\/plumanegranoticias.com\\\/wp-content\\\/uploads\\\/2026\\\/08\\\/2526698e-08af-4fde-8324-5d042eb1e4f9-1.jpeg\",\"@id\":\"https:\\\/\\\/plumanegranoticias.com\\\/?p=15091\\\/#mainImage\",\"width\":2000,\"height\":1333},\"primaryImageOfPage\":{\"@id\":\"https:\\\/\\\/plumanegranoticias.com\\\/?p=15091#mainImage\"},\"datePublished\":\"2026-08-31T12:16:49-06:00\",\"dateModified\":\"2026-08-31T12:16:49-06:00\"},{\"@type\":\"WebSite\",\"@id\":\"https:\\\/\\\/plumanegranoticias.com\\\/#website\",\"url\":\"https:\\\/\\\/plumanegranoticias.com\\\/\",\"name\":\"plumanegranoticias.com\",\"inLanguage\":\"es-MX\",\"publisher\":{\"@id\":\"https:\\\/\\\/plumanegranoticias.com\\\/#organization\"}}]}\n\t\t<\/script>\n\t\t<!-- All in One SEO -->\n\n","aioseo_head_json":{"title":"Alcalde de Cotaxtla participa en homenaje a la bandera y da bienvenida a estudiantes - plumanegranoticias.com","description":"Arranca ciclo escolar 2026-2027 en Cotaxtla Sergio Ricardo Alonso,Cotaxtla, Ver., 31 de agosto de 2026.- El presidente municipal de Cotaxtla, MVZ. Mart\u00edn Flores Soto, acompa\u00f1ado por integrantes del H. Cabildo, particip\u00f3 esta ma\u00f1ana en el homenaje a la bandera realizado en la Telesecundaria Juan de la Luz Enr\u00edquez, ubicada en la cabecera municipal. Durante el","canonical_url":"https:\/\/plumanegranoticias.com\/?p=15091","robots":"max-image-preview:large","keywords":"","webmasterTools":{"miscellaneous":""},"schema":{"@context":"https:\/\/schema.org","@graph":[{"@type":"BlogPosting","@id":"https:\/\/plumanegranoticias.com\/?p=15091#blogposting","name":"Alcalde de Cotaxtla participa en homenaje a la bandera y da bienvenida a estudiantes - plumanegranoticias.com","headline":"Alcalde de Cotaxtla participa en homenaje a la bandera y da bienvenida a estudiantes","author":{"@id":"https:\/\/plumanegranoticias.com\/?author=6#author"},"publisher":{"@id":"https:\/\/plumanegranoticias.com\/#organization"},"image":{"@type":"ImageObject","url":"https:\/\/plumanegranoticias.com\/wp-content\/uploads\/2026\/08\/2526698e-08af-4fde-8324-5d042eb1e4f9-1.jpeg","width":2000,"height":1333},"datePublished":"2026-08-31T12:16:49-06:00","dateModified":"2026-08-31T12:16:49-06:00","inLanguage":"es-MX","mainEntityOfPage":{"@id":"https:\/\/plumanegranoticias.com\/?p=15091#webpage"},"isPartOf":{"@id":"https:\/\/plumanegranoticias.com\/?p=15091#webpage"},"articleSection":"Plumazos, Pol\u00edtica, educaci\u00f3n, Plumazos, Pol\u00edtica"},{"@type":"BreadcrumbList","@id":"https:\/\/plumanegranoticias.com\/?p=15091#breadcrumblist","itemListElement":[{"@type":"ListItem","@id":"https:\/\/plumanegranoticias.com#listItem","position":1,"name":"Home","item":"https:\/\/plumanegranoticias.com","nextItem":{"@type":"ListItem","@id":"https:\/\/plumanegranoticias.com\/?cat=8#listItem","name":"Pol\u00edtica"}},{"@type":"ListItem","@id":"https:\/\/plumanegranoticias.com\/?cat=8#listItem","position":2,"name":"Pol\u00edtica","item":"https:\/\/plumanegranoticias.com\/?cat=8","nextItem":{"@type":"ListItem","@id":"https:\/\/plumanegranoticias.com\/?p=15091#listItem","name":"Alcalde de Cotaxtla participa en homenaje a la bandera y da bienvenida a estudiantes"},"previousItem":{"@type":"ListItem","@id":"https:\/\/plumanegranoticias.com#listItem","name":"Home"}},{"@type":"ListItem","@id":"https:\/\/plumanegranoticias.com\/?p=15091#listItem","position":3,"name":"Alcalde de Cotaxtla participa en homenaje a la bandera y da bienvenida a estudiantes","previousItem":{"@type":"ListItem","@id":"https:\/\/plumanegranoticias.com\/?cat=8#listItem","name":"Pol\u00edtica"}}]},{"@type":"Organization","@id":"https:\/\/plumanegranoticias.com\/#organization","name":"plumanegranoticias.com","url":"https:\/\/plumanegranoticias.com\/"},{"@type":"Person","@id":"https:\/\/plumanegranoticias.com\/?author=6#author","url":"https:\/\/plumanegranoticias.com\/?author=6","name":"Sergio Ricardo Alonso Carrizales","image":{"@type":"ImageObject","@id":"https:\/\/plumanegranoticias.com\/?p=15091#authorImage","url":"https:\/\/secure.gravatar.com\/avatar\/4a2109b4c1db10373767b38e9de5044c15288afe263d87faf7256dffb8a9285f?s=96&d=mm&r=g","width":96,"height":96,"caption":"Sergio Ricardo Alonso Carrizales"}},{"@type":"WebPage","@id":"https:\/\/plumanegranoticias.com\/?p=15091#webpage","url":"https:\/\/plumanegranoticias.com\/?p=15091","name":"Alcalde de Cotaxtla participa en homenaje a la bandera y da bienvenida a estudiantes - plumanegranoticias.com","description":"Arranca ciclo escolar 2026-2027 en Cotaxtla Sergio Ricardo Alonso,Cotaxtla, Ver., 31 de agosto de 2026.- El presidente municipal de Cotaxtla, MVZ. Mart\u00edn Flores Soto, acompa\u00f1ado por integrantes del H. Cabildo, particip\u00f3 esta ma\u00f1ana en el homenaje a la bandera realizado en la Telesecundaria Juan de la Luz Enr\u00edquez, ubicada en la cabecera municipal. Durante el","inLanguage":"es-MX","isPartOf":{"@id":"https:\/\/plumanegranoticias.com\/#website"},"breadcrumb":{"@id":"https:\/\/plumanegranoticias.com\/?p=15091#breadcrumblist"},"author":{"@id":"https:\/\/plumanegranoticias.com\/?author=6#author"},"creator":{"@id":"https:\/\/plumanegranoticias.com\/?author=6#author"},"image":{"@type":"ImageObject","url":"https:\/\/plumanegranoticias.com\/wp-content\/uploads\/2026\/08\/2526698e-08af-4fde-8324-5d042eb1e4f9-1.jpeg","@id":"https:\/\/plumanegranoticias.com\/?p=15091\/#mainImage","width":2000,"height":1333},"primaryImageOfPage":{"@id":"https:\/\/plumanegranoticias.com\/?p=15091#mainImage"},"datePublished":"2026-08-31T12:16:49-06:00","dateModified":"2026-08-31T12:16:49-06:00"},{"@type":"WebSite","@id":"https:\/\/plumanegranoticias.com\/#website","url":"https:\/\/plumanegranoticias.com\/","name":"plumanegranoticias.com","inLanguage":"es-MX","publisher":{"@id":"https:\/\/plumanegranoticias.com\/#organization"}}]},"og:locale":"es_MX","og:site_name":"plumanegranoticias.com -","og:type":"article","og:title":"Alcalde de Cotaxtla participa en homenaje a la bandera y da bienvenida a estudiantes - plumanegranoticias.com","og:description":"Arranca ciclo escolar 2026-2027 en Cotaxtla Sergio Ricardo Alonso,Cotaxtla, Ver., 31 de agosto de 2026.- El presidente municipal de Cotaxtla, MVZ. Mart\u00edn Flores Soto, acompa\u00f1ado por integrantes del H. Cabildo, particip\u00f3 esta ma\u00f1ana en el homenaje a la bandera realizado en la Telesecundaria Juan de la Luz Enr\u00edquez, ubicada en la cabecera municipal. Durante el","og:url":"https:\/\/plumanegranoticias.com\/?p=15091","article:published_time":"2026-08-31T18:16:49+00:00","article:modified_time":"2026-08-31T18:16:49+00:00","twitter:card":"summary_large_image","twitter:title":"Alcalde de Cotaxtla participa en homenaje a la bandera y da bienvenida a estudiantes - plumanegranoticias.com","twitter:description":"Arranca ciclo escolar 2026-2027 en Cotaxtla Sergio Ricardo Alonso,Cotaxtla, Ver., 31 de agosto de 2026.- El presidente municipal de Cotaxtla, MVZ. Mart\u00edn Flores Soto, acompa\u00f1ado por integrantes del H. Cabildo, particip\u00f3 esta ma\u00f1ana en el homenaje a la bandera realizado en la Telesecundaria Juan de la Luz Enr\u00edquez, ubicada en la cabecera municipal. Durante el"},"aioseo_meta_data":[],"aioseo_breadcrumb":"<div class=\"aioseo-breadcrumbs\"><span class=\"aioseo-breadcrumb\">\n\t\t\t<a href=\"https:\/\/plumanegranoticias.com\" title=\"Home\">Home<\/a>\n\t\t<\/span><span class=\"aioseo-breadcrumb-separator\">&raquo;<\/span><span class=\"aioseo-breadcrumb\">\n\t\t\t<a href=\"https:\/\/plumanegranoticias.com\/?cat=8\" title=\"Pol\u00edtica\">Pol\u00edtica<\/a>\n\t\t<\/span><span class=\"aioseo-breadcrumb-separator\">&raquo;<\/span><span class=\"aioseo-breadcrumb\">\n\t\t\tAlcalde de Cotaxtla participa en homenaje a la bandera y da bienvenida a estudiantes\n\t\t<\/span><\/div>","aioseo_breadcrumb_json":[{"label":"Home","link":"https:\/\/plumanegranoticias.com"},{"label":"Pol\u00edtica","link":"https:\/\/plumanegranoticias.com\/?cat=8"},{"label":"Alcalde de Cotaxtla participa en homenaje a la bandera y da bienvenida a estudiantes","link":"https:\/\/plumanegranoticias.com\/?p=15091"}],"_links":{"self":[{"href":"https:\/\/plumanegranoticias.com\/index.php?rest_route=\/wp\/v2\/posts\/15091","targetHints":{"allow":["GET"]}}],"collection":[{"href":"https:\/\/plumanegranoticias.com\/index.php?rest_route=\/wp\/v2\/posts"}],"about":[{"href":"https:\/\/plumanegranoticias.com\/index.php?rest_route=\/wp\/v2\/types\/post"}],"author":[{"embeddable":true,"href":"https:\/\/plumanegranoticias.com\/index.php?rest_route=\/wp\/v2\/users\/6"}],"replies":[{"embeddable":true,"href":"https:\/\/plumanegranoticias.com\/index.php?rest_route=%2Fwp%2Fv2%2Fcomments&post=15091"}],"version-history":[{"count":1,"href":"https:\/\/plumanegranoticias.com\/index.php?rest_route=\/wp\/v2\/posts\/15091\/revisions"}],"predecessor-version":[{"id":15092,"href":"https:\/\/plumanegranoticias.com\/index.php?rest_route=\/wp\/v2\/posts\/15091\/revisions\/15092"}],"wp:featuredmedia":[{"embeddable":true,"href":"https:\/\/plumanegranoticias.com\/index.php?rest_route=\/wp\/v2\/media\/15090"}],"wp:attachment":[{"href":"https:\/\/plumanegranoticias.com\/index.php?rest_route=%2Fwp%2Fv2%2Fmedia&parent=15091"}],"wp:term":[{"taxonomy":"category","embeddable":true,"href":"https:\/\/plumanegranoticias.com\/index.php?rest_route=%2Fwp%2Fv2%2Fcategories&post=15091"},{"taxonomy":"post_tag","embeddable":true,"href":"https:\/\/plumanegranoticias.com\/index.php?rest_route=%2Fwp%2Fv2%2Ftags&post=15091"}],"curies":[{"name":"wp","href":"https:\/\/api.w.org\/{rel}","templated":true}]}}