{"id":15094,"date":"2026-08-31T12:19:10","date_gmt":"2026-08-31T18:19:10","guid":{"rendered":"https:\/\/plumanegranoticias.com\/?p=15094"},"modified":"2026-08-31T12:19:10","modified_gmt":"2026-08-31T18:19:10","slug":"se-registro-eric-dominguez-en-proceso-de-designacion-para-ocupar-la-titularidad-en-orfis","status":"publish","type":"post","link":"https:\/\/plumanegranoticias.com\/?p=15094","title":{"rendered":"Se registr\u00f3 Eric Dom\u00ednguez en proceso de designaci\u00f3n para ocupar la titularidad en ORFIS"},"content":{"rendered":"\n<p class=\"wp-block-paragraph\"><\/p>\n\n\n\n<p class=\"wp-block-paragraph\">-En total fueron 28 los aspirantes que se registraron, al cierre del pasado viernes<\/p>\n\n\n\n<p class=\"wp-block-paragraph\">\u00c1ngeles Gonz\u00e1lez Ceballos<br>Xalapa, Ver.Entre los 28 aspirantes al cargo de auditor general del \u00d3rgano de Fiscalizaci\u00f3n Superior del Estado (ORFIS) se apunt\u00f3 Eric Dom\u00ednguez V\u00e1zquez, subsecretario de Administraci\u00f3n y Finanzas de la Sefiplan.<\/p>\n\n\n\n<p class=\"wp-block-paragraph\">As\u00ed lo inform\u00f3 Naomi Edith G\u00f3mez Santos, presidenta de la Mesa Directiva del Congreso del Estado, luego de que el pasado viernes no se informara el total de aspirantes.<\/p>\n\n\n\n<p class=\"wp-block-paragraph\">Hay que recordar que el presidente de la Comisi\u00f3n de Vigilancia, Guillermo Pintos, se retir\u00f3 de la Legislatura sin darle la cara a los medios de comunicaci\u00f3n.<\/p>\n\n\n\n<p class=\"wp-block-paragraph\">Fue ah\u00ed donde varios de los aspirantes se\u00f1alaron el trato desigual de parte de la Comisi\u00f3n, ya que algunos ingresaron despu\u00e9s de que se cerrar\u00e1 el horario de la convocatoria.<\/p>\n\n\n\n<p class=\"wp-block-paragraph\">Desde hace varias semanas se ha se\u00f1alado que el subsecretario tuvo observaciones millonarias por parte de la ASF durante su gesti\u00f3n como alcalde de Papantla, por lo que se cuestiona sus aspiraciones am frente del ORFIS.<\/p>\n\n\n\n<p class=\"wp-block-paragraph\">Ante esto, G\u00f3mez Santos justific\u00f3 que se debe revisar de qu\u00e9 es la observaci\u00f3n porque hay observaciones de \u00edndole muy severa y observaciones que tienen que ver con temas burocr\u00e1ticos.<\/p>\n","protected":false},"excerpt":{"rendered":"<p>-En total fueron 28 los aspirantes que se registraron, al cierre del pasado viernes \u00c1ngeles Gonz\u00e1lez CeballosXalapa, Ver.Entre los 28 aspirantes al cargo de auditor general del \u00d3rgano de Fiscalizaci\u00f3n Superior del Estado (ORFIS) se apunt\u00f3 Eric Dom\u00ednguez V\u00e1zquez, subsecretario de Administraci\u00f3n y Finanzas de la Sefiplan. As\u00ed lo inform\u00f3 Naomi Edith G\u00f3mez Santos, presidenta&#8230; <\/p>\n<div class=\"clear\"><\/div>\n<p><a href=\"https:\/\/plumanegranoticias.com\/?p=15094\" class=\"excerpt-read-more\">Read More<i class=\"fa fa-caret-right icon-caret-right\"><\/i><\/a><\/p>\n","protected":false},"author":6,"featured_media":15093,"comment_status":"closed","ping_status":"open","sticky":false,"template":"","format":"standard","meta":{"om_disable_all_campaigns":false,"_monsterinsights_skip_tracking":false,"_uf_show_specific_survey":0,"_uf_disable_surveys":false,"footnotes":""},"categories":[16,8],"tags":[30,61],"class_list":["post-15094","post","type-post","status-publish","format-standard","has-post-thumbnail","hentry","category-plumazos","category-politica","tag-plumazos","tag-politica"],"aioseo_notices":[],"aioseo_head":"\n\t\t<!-- All in One SEO 5.0.0.1 - aioseo.com -->\n\t<meta name=\"description\" content=\"-En total fueron 28 los aspirantes que se registraron, al cierre del pasado viernes \u00c1ngeles Gonz\u00e1lez CeballosXalapa, Ver.Entre los 28 aspirantes al cargo de auditor general del \u00d3rgano de Fiscalizaci\u00f3n Superior del Estado (ORFIS) se apunt\u00f3 Eric Dom\u00ednguez V\u00e1zquez, subsecretario de Administraci\u00f3n y Finanzas de la Sefiplan. As\u00ed lo inform\u00f3 Naomi Edith G\u00f3mez Santos, presidenta\" \/>\n\t<meta name=\"robots\" content=\"max-image-preview:large\" \/>\n\t<meta name=\"author\" content=\"Sergio Ricardo Alonso Carrizales\"\/>\n\t<link rel=\"canonical\" href=\"https:\/\/plumanegranoticias.com\/?p=15094\" \/>\n\t<meta name=\"generator\" content=\"All in One SEO (AIOSEO) 5.0.0.1\" \/>\n\t\t<meta property=\"og:locale\" content=\"es_MX\" \/>\n\t\t<meta property=\"og:site_name\" content=\"plumanegranoticias.com -\" \/>\n\t\t<meta property=\"og:type\" content=\"article\" \/>\n\t\t<meta property=\"og:title\" content=\"Se registr\u00f3 Eric Dom\u00ednguez en proceso de designaci\u00f3n para ocupar la titularidad en ORFIS - plumanegranoticias.com\" \/>\n\t\t<meta property=\"og:description\" content=\"-En total fueron 28 los aspirantes que se registraron, al cierre del pasado viernes \u00c1ngeles Gonz\u00e1lez CeballosXalapa, Ver.Entre los 28 aspirantes al cargo de auditor general del \u00d3rgano de Fiscalizaci\u00f3n Superior del Estado (ORFIS) se apunt\u00f3 Eric Dom\u00ednguez V\u00e1zquez, subsecretario de Administraci\u00f3n y Finanzas de la Sefiplan. As\u00ed lo inform\u00f3 Naomi Edith G\u00f3mez Santos, presidenta\" \/>\n\t\t<meta property=\"og:url\" content=\"https:\/\/plumanegranoticias.com\/?p=15094\" \/>\n\t\t<meta property=\"article:published_time\" content=\"2026-08-31T18:19:10+00:00\" \/>\n\t\t<meta property=\"article:modified_time\" content=\"2026-08-31T18:19:10+00:00\" \/>\n\t\t<meta name=\"twitter:card\" content=\"summary_large_image\" \/>\n\t\t<meta name=\"twitter:title\" content=\"Se registr\u00f3 Eric Dom\u00ednguez en proceso de designaci\u00f3n para ocupar la titularidad en ORFIS - plumanegranoticias.com\" \/>\n\t\t<meta name=\"twitter:description\" content=\"-En total fueron 28 los aspirantes que se registraron, al cierre del pasado viernes \u00c1ngeles Gonz\u00e1lez CeballosXalapa, Ver.Entre los 28 aspirantes al cargo de auditor general del \u00d3rgano de Fiscalizaci\u00f3n Superior del Estado (ORFIS) se apunt\u00f3 Eric Dom\u00ednguez V\u00e1zquez, subsecretario de Administraci\u00f3n y Finanzas de la Sefiplan. As\u00ed lo inform\u00f3 Naomi Edith G\u00f3mez Santos, presidenta\" \/>\n\t\t<script type=\"application\/ld+json\" class=\"aioseo-schema\">\n\t\t\t{\"@context\":\"https:\\\/\\\/schema.org\",\"@graph\":[{\"@type\":\"BlogPosting\",\"@id\":\"https:\\\/\\\/plumanegranoticias.com\\\/?p=15094#blogposting\",\"name\":\"Se registr\\u00f3 Eric Dom\\u00ednguez en proceso de designaci\\u00f3n para ocupar la titularidad en ORFIS - plumanegranoticias.com\",\"headline\":\"Se registr\\u00f3 Eric Dom\\u00ednguez en proceso de designaci\\u00f3n para ocupar la titularidad en ORFIS\",\"author\":{\"@id\":\"https:\\\/\\\/plumanegranoticias.com\\\/?author=6#author\"},\"publisher\":{\"@id\":\"https:\\\/\\\/plumanegranoticias.com\\\/#organization\"},\"image\":{\"@type\":\"ImageObject\",\"url\":\"https:\\\/\\\/plumanegranoticias.com\\\/wp-content\\\/uploads\\\/2026\\\/08\\\/22fb5214-b809-498a-ae8a-317aac99535b.jpeg\",\"width\":1280,\"height\":854},\"datePublished\":\"2026-08-31T12:19:10-06:00\",\"dateModified\":\"2026-08-31T12:19:10-06:00\",\"inLanguage\":\"es-MX\",\"mainEntityOfPage\":{\"@id\":\"https:\\\/\\\/plumanegranoticias.com\\\/?p=15094#webpage\"},\"isPartOf\":{\"@id\":\"https:\\\/\\\/plumanegranoticias.com\\\/?p=15094#webpage\"},\"articleSection\":\"Plumazos, Pol\\u00edtica, Plumazos, Pol\\u00edtica\"},{\"@type\":\"BreadcrumbList\",\"@id\":\"https:\\\/\\\/plumanegranoticias.com\\\/?p=15094#breadcrumblist\",\"itemListElement\":[{\"@type\":\"ListItem\",\"@id\":\"https:\\\/\\\/plumanegranoticias.com#listItem\",\"position\":1,\"name\":\"Home\",\"item\":\"https:\\\/\\\/plumanegranoticias.com\",\"nextItem\":{\"@type\":\"ListItem\",\"@id\":\"https:\\\/\\\/plumanegranoticias.com\\\/?cat=8#listItem\",\"name\":\"Pol\\u00edtica\"}},{\"@type\":\"ListItem\",\"@id\":\"https:\\\/\\\/plumanegranoticias.com\\\/?cat=8#listItem\",\"position\":2,\"name\":\"Pol\\u00edtica\",\"item\":\"https:\\\/\\\/plumanegranoticias.com\\\/?cat=8\",\"nextItem\":{\"@type\":\"ListItem\",\"@id\":\"https:\\\/\\\/plumanegranoticias.com\\\/?p=15094#listItem\",\"name\":\"Se registr\\u00f3 Eric Dom\\u00ednguez en proceso de designaci\\u00f3n para ocupar la titularidad en ORFIS\"},\"previousItem\":{\"@type\":\"ListItem\",\"@id\":\"https:\\\/\\\/plumanegranoticias.com#listItem\",\"name\":\"Home\"}},{\"@type\":\"ListItem\",\"@id\":\"https:\\\/\\\/plumanegranoticias.com\\\/?p=15094#listItem\",\"position\":3,\"name\":\"Se registr\\u00f3 Eric Dom\\u00ednguez en proceso de designaci\\u00f3n para ocupar la titularidad en ORFIS\",\"previousItem\":{\"@type\":\"ListItem\",\"@id\":\"https:\\\/\\\/plumanegranoticias.com\\\/?cat=8#listItem\",\"name\":\"Pol\\u00edtica\"}}]},{\"@type\":\"Organization\",\"@id\":\"https:\\\/\\\/plumanegranoticias.com\\\/#organization\",\"name\":\"plumanegranoticias.com\",\"url\":\"https:\\\/\\\/plumanegranoticias.com\\\/\"},{\"@type\":\"Person\",\"@id\":\"https:\\\/\\\/plumanegranoticias.com\\\/?author=6#author\",\"url\":\"https:\\\/\\\/plumanegranoticias.com\\\/?author=6\",\"name\":\"Sergio Ricardo Alonso Carrizales\",\"image\":{\"@type\":\"ImageObject\",\"@id\":\"https:\\\/\\\/plumanegranoticias.com\\\/?p=15094#authorImage\",\"url\":\"https:\\\/\\\/secure.gravatar.com\\\/avatar\\\/4a2109b4c1db10373767b38e9de5044c15288afe263d87faf7256dffb8a9285f?s=96&d=mm&r=g\",\"width\":96,\"height\":96,\"caption\":\"Sergio Ricardo Alonso Carrizales\"}},{\"@type\":\"WebPage\",\"@id\":\"https:\\\/\\\/plumanegranoticias.com\\\/?p=15094#webpage\",\"url\":\"https:\\\/\\\/plumanegranoticias.com\\\/?p=15094\",\"name\":\"Se registr\\u00f3 Eric Dom\\u00ednguez en proceso de designaci\\u00f3n para ocupar la titularidad en ORFIS - plumanegranoticias.com\",\"description\":\"-En total fueron 28 los aspirantes que se registraron, al cierre del pasado viernes \\u00c1ngeles Gonz\\u00e1lez CeballosXalapa, Ver.Entre los 28 aspirantes al cargo de auditor general del \\u00d3rgano de Fiscalizaci\\u00f3n Superior del Estado (ORFIS) se apunt\\u00f3 Eric Dom\\u00ednguez V\\u00e1zquez, subsecretario de Administraci\\u00f3n y Finanzas de la Sefiplan. As\\u00ed lo inform\\u00f3 Naomi Edith G\\u00f3mez Santos, presidenta\",\"inLanguage\":\"es-MX\",\"isPartOf\":{\"@id\":\"https:\\\/\\\/plumanegranoticias.com\\\/#website\"},\"breadcrumb\":{\"@id\":\"https:\\\/\\\/plumanegranoticias.com\\\/?p=15094#breadcrumblist\"},\"author\":{\"@id\":\"https:\\\/\\\/plumanegranoticias.com\\\/?author=6#author\"},\"creator\":{\"@id\":\"https:\\\/\\\/plumanegranoticias.com\\\/?author=6#author\"},\"image\":{\"@type\":\"ImageObject\",\"url\":\"https:\\\/\\\/plumanegranoticias.com\\\/wp-content\\\/uploads\\\/2026\\\/08\\\/22fb5214-b809-498a-ae8a-317aac99535b.jpeg\",\"@id\":\"https:\\\/\\\/plumanegranoticias.com\\\/?p=15094\\\/#mainImage\",\"width\":1280,\"height\":854},\"primaryImageOfPage\":{\"@id\":\"https:\\\/\\\/plumanegranoticias.com\\\/?p=15094#mainImage\"},\"datePublished\":\"2026-08-31T12:19:10-06:00\",\"dateModified\":\"2026-08-31T12:19:10-06:00\"},{\"@type\":\"WebSite\",\"@id\":\"https:\\\/\\\/plumanegranoticias.com\\\/#website\",\"url\":\"https:\\\/\\\/plumanegranoticias.com\\\/\",\"name\":\"plumanegranoticias.com\",\"inLanguage\":\"es-MX\",\"publisher\":{\"@id\":\"https:\\\/\\\/plumanegranoticias.com\\\/#organization\"}}]}\n\t\t<\/script>\n\t\t<!-- All in One SEO -->\n\n","aioseo_head_json":{"title":"Se registr\u00f3 Eric Dom\u00ednguez en proceso de designaci\u00f3n para ocupar la titularidad en ORFIS - plumanegranoticias.com","description":"-En total fueron 28 los aspirantes que se registraron, al cierre del pasado viernes \u00c1ngeles Gonz\u00e1lez CeballosXalapa, Ver.Entre los 28 aspirantes al cargo de auditor general del \u00d3rgano de Fiscalizaci\u00f3n Superior del Estado (ORFIS) se apunt\u00f3 Eric Dom\u00ednguez V\u00e1zquez, subsecretario de Administraci\u00f3n y Finanzas de la Sefiplan. As\u00ed lo inform\u00f3 Naomi Edith G\u00f3mez Santos, presidenta","canonical_url":"https:\/\/plumanegranoticias.com\/?p=15094","robots":"max-image-preview:large","keywords":"","webmasterTools":{"miscellaneous":""},"schema":{"@context":"https:\/\/schema.org","@graph":[{"@type":"BlogPosting","@id":"https:\/\/plumanegranoticias.com\/?p=15094#blogposting","name":"Se registr\u00f3 Eric Dom\u00ednguez en proceso de designaci\u00f3n para ocupar la titularidad en ORFIS - plumanegranoticias.com","headline":"Se registr\u00f3 Eric Dom\u00ednguez en proceso de designaci\u00f3n para ocupar la titularidad en ORFIS","author":{"@id":"https:\/\/plumanegranoticias.com\/?author=6#author"},"publisher":{"@id":"https:\/\/plumanegranoticias.com\/#organization"},"image":{"@type":"ImageObject","url":"https:\/\/plumanegranoticias.com\/wp-content\/uploads\/2026\/08\/22fb5214-b809-498a-ae8a-317aac99535b.jpeg","width":1280,"height":854},"datePublished":"2026-08-31T12:19:10-06:00","dateModified":"2026-08-31T12:19:10-06:00","inLanguage":"es-MX","mainEntityOfPage":{"@id":"https:\/\/plumanegranoticias.com\/?p=15094#webpage"},"isPartOf":{"@id":"https:\/\/plumanegranoticias.com\/?p=15094#webpage"},"articleSection":"Plumazos, Pol\u00edtica, Plumazos, Pol\u00edtica"},{"@type":"BreadcrumbList","@id":"https:\/\/plumanegranoticias.com\/?p=15094#breadcrumblist","itemListElement":[{"@type":"ListItem","@id":"https:\/\/plumanegranoticias.com#listItem","position":1,"name":"Home","item":"https:\/\/plumanegranoticias.com","nextItem":{"@type":"ListItem","@id":"https:\/\/plumanegranoticias.com\/?cat=8#listItem","name":"Pol\u00edtica"}},{"@type":"ListItem","@id":"https:\/\/plumanegranoticias.com\/?cat=8#listItem","position":2,"name":"Pol\u00edtica","item":"https:\/\/plumanegranoticias.com\/?cat=8","nextItem":{"@type":"ListItem","@id":"https:\/\/plumanegranoticias.com\/?p=15094#listItem","name":"Se registr\u00f3 Eric Dom\u00ednguez en proceso de designaci\u00f3n para ocupar la titularidad en ORFIS"},"previousItem":{"@type":"ListItem","@id":"https:\/\/plumanegranoticias.com#listItem","name":"Home"}},{"@type":"ListItem","@id":"https:\/\/plumanegranoticias.com\/?p=15094#listItem","position":3,"name":"Se registr\u00f3 Eric Dom\u00ednguez en proceso de designaci\u00f3n para ocupar la titularidad en ORFIS","previousItem":{"@type":"ListItem","@id":"https:\/\/plumanegranoticias.com\/?cat=8#listItem","name":"Pol\u00edtica"}}]},{"@type":"Organization","@id":"https:\/\/plumanegranoticias.com\/#organization","name":"plumanegranoticias.com","url":"https:\/\/plumanegranoticias.com\/"},{"@type":"Person","@id":"https:\/\/plumanegranoticias.com\/?author=6#author","url":"https:\/\/plumanegranoticias.com\/?author=6","name":"Sergio Ricardo Alonso Carrizales","image":{"@type":"ImageObject","@id":"https:\/\/plumanegranoticias.com\/?p=15094#authorImage","url":"https:\/\/secure.gravatar.com\/avatar\/4a2109b4c1db10373767b38e9de5044c15288afe263d87faf7256dffb8a9285f?s=96&d=mm&r=g","width":96,"height":96,"caption":"Sergio Ricardo Alonso Carrizales"}},{"@type":"WebPage","@id":"https:\/\/plumanegranoticias.com\/?p=15094#webpage","url":"https:\/\/plumanegranoticias.com\/?p=15094","name":"Se registr\u00f3 Eric Dom\u00ednguez en proceso de designaci\u00f3n para ocupar la titularidad en ORFIS - plumanegranoticias.com","description":"-En total fueron 28 los aspirantes que se registraron, al cierre del pasado viernes \u00c1ngeles Gonz\u00e1lez CeballosXalapa, Ver.Entre los 28 aspirantes al cargo de auditor general del \u00d3rgano de Fiscalizaci\u00f3n Superior del Estado (ORFIS) se apunt\u00f3 Eric Dom\u00ednguez V\u00e1zquez, subsecretario de Administraci\u00f3n y Finanzas de la Sefiplan. As\u00ed lo inform\u00f3 Naomi Edith G\u00f3mez Santos, presidenta","inLanguage":"es-MX","isPartOf":{"@id":"https:\/\/plumanegranoticias.com\/#website"},"breadcrumb":{"@id":"https:\/\/plumanegranoticias.com\/?p=15094#breadcrumblist"},"author":{"@id":"https:\/\/plumanegranoticias.com\/?author=6#author"},"creator":{"@id":"https:\/\/plumanegranoticias.com\/?author=6#author"},"image":{"@type":"ImageObject","url":"https:\/\/plumanegranoticias.com\/wp-content\/uploads\/2026\/08\/22fb5214-b809-498a-ae8a-317aac99535b.jpeg","@id":"https:\/\/plumanegranoticias.com\/?p=15094\/#mainImage","width":1280,"height":854},"primaryImageOfPage":{"@id":"https:\/\/plumanegranoticias.com\/?p=15094#mainImage"},"datePublished":"2026-08-31T12:19:10-06:00","dateModified":"2026-08-31T12:19:10-06:00"},{"@type":"WebSite","@id":"https:\/\/plumanegranoticias.com\/#website","url":"https:\/\/plumanegranoticias.com\/","name":"plumanegranoticias.com","inLanguage":"es-MX","publisher":{"@id":"https:\/\/plumanegranoticias.com\/#organization"}}]},"og:locale":"es_MX","og:site_name":"plumanegranoticias.com -","og:type":"article","og:title":"Se registr\u00f3 Eric Dom\u00ednguez en proceso de designaci\u00f3n para ocupar la titularidad en ORFIS - plumanegranoticias.com","og:description":"-En total fueron 28 los aspirantes que se registraron, al cierre del pasado viernes \u00c1ngeles Gonz\u00e1lez CeballosXalapa, Ver.Entre los 28 aspirantes al cargo de auditor general del \u00d3rgano de Fiscalizaci\u00f3n Superior del Estado (ORFIS) se apunt\u00f3 Eric Dom\u00ednguez V\u00e1zquez, subsecretario de Administraci\u00f3n y Finanzas de la Sefiplan. As\u00ed lo inform\u00f3 Naomi Edith G\u00f3mez Santos, presidenta","og:url":"https:\/\/plumanegranoticias.com\/?p=15094","article:published_time":"2026-08-31T18:19:10+00:00","article:modified_time":"2026-08-31T18:19:10+00:00","twitter:card":"summary_large_image","twitter:title":"Se registr\u00f3 Eric Dom\u00ednguez en proceso de designaci\u00f3n para ocupar la titularidad en ORFIS - plumanegranoticias.com","twitter:description":"-En total fueron 28 los aspirantes que se registraron, al cierre del pasado viernes \u00c1ngeles Gonz\u00e1lez CeballosXalapa, Ver.Entre los 28 aspirantes al cargo de auditor general del \u00d3rgano de Fiscalizaci\u00f3n Superior del Estado (ORFIS) se apunt\u00f3 Eric Dom\u00ednguez V\u00e1zquez, subsecretario de Administraci\u00f3n y Finanzas de la Sefiplan. As\u00ed lo inform\u00f3 Naomi Edith G\u00f3mez Santos, presidenta"},"aioseo_meta_data":[],"aioseo_breadcrumb":"<div class=\"aioseo-breadcrumbs\"><span class=\"aioseo-breadcrumb\">\n\t\t\t<a href=\"https:\/\/plumanegranoticias.com\" title=\"Home\">Home<\/a>\n\t\t<\/span><span class=\"aioseo-breadcrumb-separator\">&raquo;<\/span><span class=\"aioseo-breadcrumb\">\n\t\t\t<a href=\"https:\/\/plumanegranoticias.com\/?cat=8\" title=\"Pol\u00edtica\">Pol\u00edtica<\/a>\n\t\t<\/span><span class=\"aioseo-breadcrumb-separator\">&raquo;<\/span><span class=\"aioseo-breadcrumb\">\n\t\t\tSe registr\u00f3 Eric Dom\u00ednguez en proceso de designaci\u00f3n para ocupar la titularidad en ORFIS\n\t\t<\/span><\/div>","aioseo_breadcrumb_json":[{"label":"Home","link":"https:\/\/plumanegranoticias.com"},{"label":"Pol\u00edtica","link":"https:\/\/plumanegranoticias.com\/?cat=8"},{"label":"Se registr\u00f3 Eric Dom\u00ednguez en proceso de designaci\u00f3n para ocupar la titularidad en ORFIS","link":"https:\/\/plumanegranoticias.com\/?p=15094"}],"_links":{"self":[{"href":"https:\/\/plumanegranoticias.com\/index.php?rest_route=\/wp\/v2\/posts\/15094","targetHints":{"allow":["GET"]}}],"collection":[{"href":"https:\/\/plumanegranoticias.com\/index.php?rest_route=\/wp\/v2\/posts"}],"about":[{"href":"https:\/\/plumanegranoticias.com\/index.php?rest_route=\/wp\/v2\/types\/post"}],"author":[{"embeddable":true,"href":"https:\/\/plumanegranoticias.com\/index.php?rest_route=\/wp\/v2\/users\/6"}],"replies":[{"embeddable":true,"href":"https:\/\/plumanegranoticias.com\/index.php?rest_route=%2Fwp%2Fv2%2Fcomments&post=15094"}],"version-history":[{"count":1,"href":"https:\/\/plumanegranoticias.com\/index.php?rest_route=\/wp\/v2\/posts\/15094\/revisions"}],"predecessor-version":[{"id":15095,"href":"https:\/\/plumanegranoticias.com\/index.php?rest_route=\/wp\/v2\/posts\/15094\/revisions\/15095"}],"wp:featuredmedia":[{"embeddable":true,"href":"https:\/\/plumanegranoticias.com\/index.php?rest_route=\/wp\/v2\/media\/15093"}],"wp:attachment":[{"href":"https:\/\/plumanegranoticias.com\/index.php?rest_route=%2Fwp%2Fv2%2Fmedia&parent=15094"}],"wp:term":[{"taxonomy":"category","embeddable":true,"href":"https:\/\/plumanegranoticias.com\/index.php?rest_route=%2Fwp%2Fv2%2Fcategories&post=15094"},{"taxonomy":"post_tag","embeddable":true,"href":"https:\/\/plumanegranoticias.com\/index.php?rest_route=%2Fwp%2Fv2%2Ftags&post=15094"}],"curies":[{"name":"wp","href":"https:\/\/api.w.org\/{rel}","templated":true}]}}