{"id":15096,"date":"2026-08-31T12:25:10","date_gmt":"2026-08-31T18:25:10","guid":{"rendered":"https:\/\/plumanegranoticias.com\/?p=15096"},"modified":"2026-08-31T12:25:10","modified_gmt":"2026-08-31T18:25:10","slug":"programa-alimenticio-para-jefas-y-jefes-de-familia-ampliara-cobertura-a-15-mil-familias-en-veracruz","status":"publish","type":"post","link":"https:\/\/plumanegranoticias.com\/?p=15096","title":{"rendered":"Programa alimenticio para jefas y jefes de familia ampliar\u00e1 cobertura a 15 mil familias en Veracruz"},"content":{"rendered":"\n<p class=\"wp-block-paragraph\"><\/p>\n\n\n\n<p class=\"wp-block-paragraph\">Sergio ricardo Alonso,Veracruz, Ver., 31 de agosto de 2026.- El Ayuntamiento de Veracruz iniciar\u00e1 este martes la segunda fase del programa alimenticio dirigido a jefas y jefes de familia, con el objetivo de ampliar la cobertura de 10 mil a 15 mil familias beneficiarias, inform\u00f3 personal de la administraci\u00f3n municipal.<\/p>\n\n\n\n<p class=\"wp-block-paragraph\">El programa, impulsado por la alcaldesa Rosa Mar\u00eda Hern\u00e1ndez Espejo, contempla como meta alcanzar a un total de 20 mil familias veracruzanas. El apoyo consiste en la entrega de vales que podr\u00e1n ser canjeados en tiendas de abarrotes y verduler\u00edas previamente registradas, por productos de primera necesidad y art\u00edculos de la canasta b\u00e1sica.<\/p>\n\n\n\n<p class=\"wp-block-paragraph\">La segunda etapa comenzar\u00e1 con la entrega de los apoyos a familias de la zona centro, a partir de las 10:00 de la ma\u00f1ana en el Parque Espa\u00f1a. Posteriormente, las jornadas se trasladar\u00e1n a diferentes puntos de la ciudad para acercar el beneficio a las colonias donde residen las familias inscritas en el programa.<\/p>\n\n\n\n<p class=\"wp-block-paragraph\">Los vales podr\u00e1n utilizarse para adquirir productos como huevo, frijol, arroz, pollo y art\u00edculos de limpieza, de acuerdo con las necesidades de cada familia. Adem\u00e1s, el programa contempla un beneficio para los comercios participantes, ya que podr\u00e1n entregar los vales recibidos a la Tesorer\u00eda municipal para posteriormente recibir el equivalente en efectivo.<\/p>\n\n\n\n<p class=\"wp-block-paragraph\">Las personas que no hayan sido incluidas en el censo realizado durante los primeros meses de la actual administraci\u00f3n podr\u00e1n solicitar informaci\u00f3n y registrarse en la Direcci\u00f3n de Bienestar del Ayuntamiento de Veracruz.<\/p>\n","protected":false},"excerpt":{"rendered":"<p>Sergio ricardo Alonso,Veracruz, Ver., 31 de agosto de 2026.- El Ayuntamiento de Veracruz iniciar\u00e1 este martes la segunda fase del programa alimenticio dirigido a jefas y jefes de familia, con el objetivo de ampliar la cobertura de 10 mil a 15 mil familias beneficiarias, inform\u00f3 personal de la administraci\u00f3n municipal. El programa, impulsado por la&#8230; <\/p>\n<div class=\"clear\"><\/div>\n<p><a href=\"https:\/\/plumanegranoticias.com\/?p=15096\" class=\"excerpt-read-more\">Read More<i class=\"fa fa-caret-right icon-caret-right\"><\/i><\/a><\/p>\n","protected":false},"author":6,"featured_media":0,"comment_status":"closed","ping_status":"open","sticky":false,"template":"","format":"standard","meta":{"om_disable_all_campaigns":false,"_monsterinsights_skip_tracking":false,"_uf_show_specific_survey":0,"_uf_disable_surveys":false,"footnotes":""},"categories":[1],"tags":[],"class_list":["post-15096","post","type-post","status-publish","format-standard","hentry","category-blog"],"aioseo_notices":[],"aioseo_head":"\n\t\t<!-- All in One SEO 5.0.0.1 - aioseo.com -->\n\t<meta name=\"description\" content=\"Sergio ricardo Alonso,Veracruz, Ver., 31 de agosto de 2026.- El Ayuntamiento de Veracruz iniciar\u00e1 este martes la segunda fase del programa alimenticio dirigido a jefas y jefes de familia, con el objetivo de ampliar la cobertura de 10 mil a 15 mil familias beneficiarias, inform\u00f3 personal de la administraci\u00f3n municipal. El programa, impulsado por la\" \/>\n\t<meta name=\"robots\" content=\"max-image-preview:large\" \/>\n\t<meta name=\"author\" content=\"Sergio Ricardo Alonso Carrizales\"\/>\n\t<link rel=\"canonical\" href=\"https:\/\/plumanegranoticias.com\/?p=15096\" \/>\n\t<meta name=\"generator\" content=\"All in One SEO (AIOSEO) 5.0.0.1\" \/>\n\t\t<meta property=\"og:locale\" content=\"es_MX\" \/>\n\t\t<meta property=\"og:site_name\" content=\"plumanegranoticias.com -\" \/>\n\t\t<meta property=\"og:type\" content=\"article\" \/>\n\t\t<meta property=\"og:title\" content=\"Programa alimenticio para jefas y jefes de familia ampliar\u00e1 cobertura a 15 mil familias en Veracruz - plumanegranoticias.com\" \/>\n\t\t<meta property=\"og:description\" content=\"Sergio ricardo Alonso,Veracruz, Ver., 31 de agosto de 2026.- El Ayuntamiento de Veracruz iniciar\u00e1 este martes la segunda fase del programa alimenticio dirigido a jefas y jefes de familia, con el objetivo de ampliar la cobertura de 10 mil a 15 mil familias beneficiarias, inform\u00f3 personal de la administraci\u00f3n municipal. El programa, impulsado por la\" \/>\n\t\t<meta property=\"og:url\" content=\"https:\/\/plumanegranoticias.com\/?p=15096\" \/>\n\t\t<meta property=\"article:published_time\" content=\"2026-08-31T18:25:10+00:00\" \/>\n\t\t<meta property=\"article:modified_time\" content=\"2026-08-31T18:25:10+00:00\" \/>\n\t\t<meta name=\"twitter:card\" content=\"summary_large_image\" \/>\n\t\t<meta name=\"twitter:title\" content=\"Programa alimenticio para jefas y jefes de familia ampliar\u00e1 cobertura a 15 mil familias en Veracruz - plumanegranoticias.com\" \/>\n\t\t<meta name=\"twitter:description\" content=\"Sergio ricardo Alonso,Veracruz, Ver., 31 de agosto de 2026.- El Ayuntamiento de Veracruz iniciar\u00e1 este martes la segunda fase del programa alimenticio dirigido a jefas y jefes de familia, con el objetivo de ampliar la cobertura de 10 mil a 15 mil familias beneficiarias, inform\u00f3 personal de la administraci\u00f3n municipal. El programa, impulsado por la\" \/>\n\t\t<script type=\"application\/ld+json\" class=\"aioseo-schema\">\n\t\t\t{\"@context\":\"https:\\\/\\\/schema.org\",\"@graph\":[{\"@type\":\"BlogPosting\",\"@id\":\"https:\\\/\\\/plumanegranoticias.com\\\/?p=15096#blogposting\",\"name\":\"Programa alimenticio para jefas y jefes de familia ampliar\\u00e1 cobertura a 15 mil familias en Veracruz - plumanegranoticias.com\",\"headline\":\"Programa alimenticio para jefas y jefes de familia ampliar\\u00e1 cobertura a 15 mil familias en Veracruz\",\"author\":{\"@id\":\"https:\\\/\\\/plumanegranoticias.com\\\/?author=6#author\"},\"publisher\":{\"@id\":\"https:\\\/\\\/plumanegranoticias.com\\\/#organization\"},\"datePublished\":\"2026-08-31T12:25:10-06:00\",\"dateModified\":\"2026-08-31T12:25:10-06:00\",\"inLanguage\":\"es-MX\",\"mainEntityOfPage\":{\"@id\":\"https:\\\/\\\/plumanegranoticias.com\\\/?p=15096#webpage\"},\"isPartOf\":{\"@id\":\"https:\\\/\\\/plumanegranoticias.com\\\/?p=15096#webpage\"},\"articleSection\":\"Blog\"},{\"@type\":\"BreadcrumbList\",\"@id\":\"https:\\\/\\\/plumanegranoticias.com\\\/?p=15096#breadcrumblist\",\"itemListElement\":[{\"@type\":\"ListItem\",\"@id\":\"https:\\\/\\\/plumanegranoticias.com#listItem\",\"position\":1,\"name\":\"Home\",\"item\":\"https:\\\/\\\/plumanegranoticias.com\",\"nextItem\":{\"@type\":\"ListItem\",\"@id\":\"https:\\\/\\\/plumanegranoticias.com\\\/?cat=1#listItem\",\"name\":\"Blog\"}},{\"@type\":\"ListItem\",\"@id\":\"https:\\\/\\\/plumanegranoticias.com\\\/?cat=1#listItem\",\"position\":2,\"name\":\"Blog\",\"item\":\"https:\\\/\\\/plumanegranoticias.com\\\/?cat=1\",\"nextItem\":{\"@type\":\"ListItem\",\"@id\":\"https:\\\/\\\/plumanegranoticias.com\\\/?p=15096#listItem\",\"name\":\"Programa alimenticio para jefas y jefes de familia ampliar\\u00e1 cobertura a 15 mil familias en Veracruz\"},\"previousItem\":{\"@type\":\"ListItem\",\"@id\":\"https:\\\/\\\/plumanegranoticias.com#listItem\",\"name\":\"Home\"}},{\"@type\":\"ListItem\",\"@id\":\"https:\\\/\\\/plumanegranoticias.com\\\/?p=15096#listItem\",\"position\":3,\"name\":\"Programa alimenticio para jefas y jefes de familia ampliar\\u00e1 cobertura a 15 mil familias en Veracruz\",\"previousItem\":{\"@type\":\"ListItem\",\"@id\":\"https:\\\/\\\/plumanegranoticias.com\\\/?cat=1#listItem\",\"name\":\"Blog\"}}]},{\"@type\":\"Organization\",\"@id\":\"https:\\\/\\\/plumanegranoticias.com\\\/#organization\",\"name\":\"plumanegranoticias.com\",\"url\":\"https:\\\/\\\/plumanegranoticias.com\\\/\"},{\"@type\":\"Person\",\"@id\":\"https:\\\/\\\/plumanegranoticias.com\\\/?author=6#author\",\"url\":\"https:\\\/\\\/plumanegranoticias.com\\\/?author=6\",\"name\":\"Sergio Ricardo Alonso Carrizales\",\"image\":{\"@type\":\"ImageObject\",\"@id\":\"https:\\\/\\\/plumanegranoticias.com\\\/?p=15096#authorImage\",\"url\":\"https:\\\/\\\/secure.gravatar.com\\\/avatar\\\/4a2109b4c1db10373767b38e9de5044c15288afe263d87faf7256dffb8a9285f?s=96&d=mm&r=g\",\"width\":96,\"height\":96,\"caption\":\"Sergio Ricardo Alonso Carrizales\"}},{\"@type\":\"WebPage\",\"@id\":\"https:\\\/\\\/plumanegranoticias.com\\\/?p=15096#webpage\",\"url\":\"https:\\\/\\\/plumanegranoticias.com\\\/?p=15096\",\"name\":\"Programa alimenticio para jefas y jefes de familia ampliar\\u00e1 cobertura a 15 mil familias en Veracruz - plumanegranoticias.com\",\"description\":\"Sergio ricardo Alonso,Veracruz, Ver., 31 de agosto de 2026.- El Ayuntamiento de Veracruz iniciar\\u00e1 este martes la segunda fase del programa alimenticio dirigido a jefas y jefes de familia, con el objetivo de ampliar la cobertura de 10 mil a 15 mil familias beneficiarias, inform\\u00f3 personal de la administraci\\u00f3n municipal. El programa, impulsado por la\",\"inLanguage\":\"es-MX\",\"isPartOf\":{\"@id\":\"https:\\\/\\\/plumanegranoticias.com\\\/#website\"},\"breadcrumb\":{\"@id\":\"https:\\\/\\\/plumanegranoticias.com\\\/?p=15096#breadcrumblist\"},\"author\":{\"@id\":\"https:\\\/\\\/plumanegranoticias.com\\\/?author=6#author\"},\"creator\":{\"@id\":\"https:\\\/\\\/plumanegranoticias.com\\\/?author=6#author\"},\"datePublished\":\"2026-08-31T12:25:10-06:00\",\"dateModified\":\"2026-08-31T12:25:10-06:00\"},{\"@type\":\"WebSite\",\"@id\":\"https:\\\/\\\/plumanegranoticias.com\\\/#website\",\"url\":\"https:\\\/\\\/plumanegranoticias.com\\\/\",\"name\":\"plumanegranoticias.com\",\"inLanguage\":\"es-MX\",\"publisher\":{\"@id\":\"https:\\\/\\\/plumanegranoticias.com\\\/#organization\"}}]}\n\t\t<\/script>\n\t\t<!-- All in One SEO -->\n\n","aioseo_head_json":{"title":"Programa alimenticio para jefas y jefes de familia ampliar\u00e1 cobertura a 15 mil familias en Veracruz - plumanegranoticias.com","description":"Sergio ricardo Alonso,Veracruz, Ver., 31 de agosto de 2026.- El Ayuntamiento de Veracruz iniciar\u00e1 este martes la segunda fase del programa alimenticio dirigido a jefas y jefes de familia, con el objetivo de ampliar la cobertura de 10 mil a 15 mil familias beneficiarias, inform\u00f3 personal de la administraci\u00f3n municipal. El programa, impulsado por la","canonical_url":"https:\/\/plumanegranoticias.com\/?p=15096","robots":"max-image-preview:large","keywords":"","webmasterTools":{"miscellaneous":""},"schema":{"@context":"https:\/\/schema.org","@graph":[{"@type":"BlogPosting","@id":"https:\/\/plumanegranoticias.com\/?p=15096#blogposting","name":"Programa alimenticio para jefas y jefes de familia ampliar\u00e1 cobertura a 15 mil familias en Veracruz - plumanegranoticias.com","headline":"Programa alimenticio para jefas y jefes de familia ampliar\u00e1 cobertura a 15 mil familias en Veracruz","author":{"@id":"https:\/\/plumanegranoticias.com\/?author=6#author"},"publisher":{"@id":"https:\/\/plumanegranoticias.com\/#organization"},"datePublished":"2026-08-31T12:25:10-06:00","dateModified":"2026-08-31T12:25:10-06:00","inLanguage":"es-MX","mainEntityOfPage":{"@id":"https:\/\/plumanegranoticias.com\/?p=15096#webpage"},"isPartOf":{"@id":"https:\/\/plumanegranoticias.com\/?p=15096#webpage"},"articleSection":"Blog"},{"@type":"BreadcrumbList","@id":"https:\/\/plumanegranoticias.com\/?p=15096#breadcrumblist","itemListElement":[{"@type":"ListItem","@id":"https:\/\/plumanegranoticias.com#listItem","position":1,"name":"Home","item":"https:\/\/plumanegranoticias.com","nextItem":{"@type":"ListItem","@id":"https:\/\/plumanegranoticias.com\/?cat=1#listItem","name":"Blog"}},{"@type":"ListItem","@id":"https:\/\/plumanegranoticias.com\/?cat=1#listItem","position":2,"name":"Blog","item":"https:\/\/plumanegranoticias.com\/?cat=1","nextItem":{"@type":"ListItem","@id":"https:\/\/plumanegranoticias.com\/?p=15096#listItem","name":"Programa alimenticio para jefas y jefes de familia ampliar\u00e1 cobertura a 15 mil familias en Veracruz"},"previousItem":{"@type":"ListItem","@id":"https:\/\/plumanegranoticias.com#listItem","name":"Home"}},{"@type":"ListItem","@id":"https:\/\/plumanegranoticias.com\/?p=15096#listItem","position":3,"name":"Programa alimenticio para jefas y jefes de familia ampliar\u00e1 cobertura a 15 mil familias en Veracruz","previousItem":{"@type":"ListItem","@id":"https:\/\/plumanegranoticias.com\/?cat=1#listItem","name":"Blog"}}]},{"@type":"Organization","@id":"https:\/\/plumanegranoticias.com\/#organization","name":"plumanegranoticias.com","url":"https:\/\/plumanegranoticias.com\/"},{"@type":"Person","@id":"https:\/\/plumanegranoticias.com\/?author=6#author","url":"https:\/\/plumanegranoticias.com\/?author=6","name":"Sergio Ricardo Alonso Carrizales","image":{"@type":"ImageObject","@id":"https:\/\/plumanegranoticias.com\/?p=15096#authorImage","url":"https:\/\/secure.gravatar.com\/avatar\/4a2109b4c1db10373767b38e9de5044c15288afe263d87faf7256dffb8a9285f?s=96&d=mm&r=g","width":96,"height":96,"caption":"Sergio Ricardo Alonso Carrizales"}},{"@type":"WebPage","@id":"https:\/\/plumanegranoticias.com\/?p=15096#webpage","url":"https:\/\/plumanegranoticias.com\/?p=15096","name":"Programa alimenticio para jefas y jefes de familia ampliar\u00e1 cobertura a 15 mil familias en Veracruz - plumanegranoticias.com","description":"Sergio ricardo Alonso,Veracruz, Ver., 31 de agosto de 2026.- El Ayuntamiento de Veracruz iniciar\u00e1 este martes la segunda fase del programa alimenticio dirigido a jefas y jefes de familia, con el objetivo de ampliar la cobertura de 10 mil a 15 mil familias beneficiarias, inform\u00f3 personal de la administraci\u00f3n municipal. El programa, impulsado por la","inLanguage":"es-MX","isPartOf":{"@id":"https:\/\/plumanegranoticias.com\/#website"},"breadcrumb":{"@id":"https:\/\/plumanegranoticias.com\/?p=15096#breadcrumblist"},"author":{"@id":"https:\/\/plumanegranoticias.com\/?author=6#author"},"creator":{"@id":"https:\/\/plumanegranoticias.com\/?author=6#author"},"datePublished":"2026-08-31T12:25:10-06:00","dateModified":"2026-08-31T12:25:10-06:00"},{"@type":"WebSite","@id":"https:\/\/plumanegranoticias.com\/#website","url":"https:\/\/plumanegranoticias.com\/","name":"plumanegranoticias.com","inLanguage":"es-MX","publisher":{"@id":"https:\/\/plumanegranoticias.com\/#organization"}}]},"og:locale":"es_MX","og:site_name":"plumanegranoticias.com -","og:type":"article","og:title":"Programa alimenticio para jefas y jefes de familia ampliar\u00e1 cobertura a 15 mil familias en Veracruz - plumanegranoticias.com","og:description":"Sergio ricardo Alonso,Veracruz, Ver., 31 de agosto de 2026.- El Ayuntamiento de Veracruz iniciar\u00e1 este martes la segunda fase del programa alimenticio dirigido a jefas y jefes de familia, con el objetivo de ampliar la cobertura de 10 mil a 15 mil familias beneficiarias, inform\u00f3 personal de la administraci\u00f3n municipal. El programa, impulsado por la","og:url":"https:\/\/plumanegranoticias.com\/?p=15096","article:published_time":"2026-08-31T18:25:10+00:00","article:modified_time":"2026-08-31T18:25:10+00:00","twitter:card":"summary_large_image","twitter:title":"Programa alimenticio para jefas y jefes de familia ampliar\u00e1 cobertura a 15 mil familias en Veracruz - plumanegranoticias.com","twitter:description":"Sergio ricardo Alonso,Veracruz, Ver., 31 de agosto de 2026.- El Ayuntamiento de Veracruz iniciar\u00e1 este martes la segunda fase del programa alimenticio dirigido a jefas y jefes de familia, con el objetivo de ampliar la cobertura de 10 mil a 15 mil familias beneficiarias, inform\u00f3 personal de la administraci\u00f3n municipal. El programa, impulsado por la"},"aioseo_meta_data":[],"aioseo_breadcrumb":"<div class=\"aioseo-breadcrumbs\"><span class=\"aioseo-breadcrumb\">\n\t\t\t<a href=\"https:\/\/plumanegranoticias.com\" title=\"Home\">Home<\/a>\n\t\t<\/span><span class=\"aioseo-breadcrumb-separator\">&raquo;<\/span><span class=\"aioseo-breadcrumb\">\n\t\t\t<a href=\"https:\/\/plumanegranoticias.com\/?cat=1\" title=\"Blog\">Blog<\/a>\n\t\t<\/span><span class=\"aioseo-breadcrumb-separator\">&raquo;<\/span><span class=\"aioseo-breadcrumb\">\n\t\t\tPrograma alimenticio para jefas y jefes de familia ampliar\u00e1 cobertura a 15 mil familias en Veracruz\n\t\t<\/span><\/div>","aioseo_breadcrumb_json":[{"label":"Home","link":"https:\/\/plumanegranoticias.com"},{"label":"Blog","link":"https:\/\/plumanegranoticias.com\/?cat=1"},{"label":"Programa alimenticio para jefas y jefes de familia ampliar\u00e1 cobertura a 15 mil familias en Veracruz","link":"https:\/\/plumanegranoticias.com\/?p=15096"}],"_links":{"self":[{"href":"https:\/\/plumanegranoticias.com\/index.php?rest_route=\/wp\/v2\/posts\/15096","targetHints":{"allow":["GET"]}}],"collection":[{"href":"https:\/\/plumanegranoticias.com\/index.php?rest_route=\/wp\/v2\/posts"}],"about":[{"href":"https:\/\/plumanegranoticias.com\/index.php?rest_route=\/wp\/v2\/types\/post"}],"author":[{"embeddable":true,"href":"https:\/\/plumanegranoticias.com\/index.php?rest_route=\/wp\/v2\/users\/6"}],"replies":[{"embeddable":true,"href":"https:\/\/plumanegranoticias.com\/index.php?rest_route=%2Fwp%2Fv2%2Fcomments&post=15096"}],"version-history":[{"count":1,"href":"https:\/\/plumanegranoticias.com\/index.php?rest_route=\/wp\/v2\/posts\/15096\/revisions"}],"predecessor-version":[{"id":15097,"href":"https:\/\/plumanegranoticias.com\/index.php?rest_route=\/wp\/v2\/posts\/15096\/revisions\/15097"}],"wp:attachment":[{"href":"https:\/\/plumanegranoticias.com\/index.php?rest_route=%2Fwp%2Fv2%2Fmedia&parent=15096"}],"wp:term":[{"taxonomy":"category","embeddable":true,"href":"https:\/\/plumanegranoticias.com\/index.php?rest_route=%2Fwp%2Fv2%2Fcategories&post=15096"},{"taxonomy":"post_tag","embeddable":true,"href":"https:\/\/plumanegranoticias.com\/index.php?rest_route=%2Fwp%2Fv2%2Ftags&post=15096"}],"curies":[{"name":"wp","href":"https:\/\/api.w.org\/{rel}","templated":true}]}}