{"id":15110,"date":"2026-09-01T09:12:46","date_gmt":"2026-09-01T15:12:46","guid":{"rendered":"https:\/\/plumanegranoticias.com\/?p=15110"},"modified":"2026-09-01T09:12:46","modified_gmt":"2026-09-01T15:12:46","slug":"califico-ahued-como-berrinchudo-infantil-e-inmaduro-a-jorge-reyes-peralta-tras-acusaciones-de-proteger-al-cartel-inmobiliario","status":"publish","type":"post","link":"https:\/\/plumanegranoticias.com\/?p=15110","title":{"rendered":"Calific\u00f3 Ahued como berrinchudo, infantil e inmaduro a Jorge Reyes Peralta tras acusaciones de proteger al &#8220;C\u00e1rtel Inmobiliario&#8221;"},"content":{"rendered":"\n<p class=\"wp-block-paragraph\"><\/p>\n\n\n\n<p class=\"wp-block-paragraph\">-Ironiza: &#8220;no soy padrino. Imag\u00ednate, me saqu\u00e9 una foto con Slim y ni soy millonario&#8221;.<\/p>\n\n\n\n<p class=\"wp-block-paragraph\">\u00c1ngeles Gonz\u00e1lez Ceballos<br>Xalapa, Ver. El secretario de Gobierno de Veracruz, Ricardo Ahued Bardahuil, rechaz\u00f3 las acusaciones del abogado penalista Jorge Reyes Peralta, quien lo se\u00f1al\u00f3 de presuntamente proteger a integrantes de un supuesto &#8220;C\u00e1rtel Inmobiliario&#8221; y de obstaculizar investigaciones por el despojo de un terreno de 12 hect\u00e1reas en la zona de Arco Sur, en Xalapa.<\/p>\n\n\n\n<p class=\"wp-block-paragraph\">Ah\u00ed, Ahued consider\u00f3 que no es ofendiendo a las personas y ofendiendo a tiro sin son, ni &#8220;haciendo berrinches en un cafecito&#8221;, como podr\u00e1 probar lo que dice.<\/p>\n\n\n\n<p class=\"wp-block-paragraph\">\u200bEntrevistado previo a montar guardia de honor ante el monumento al Padre de la Patria, Miguel Hidalgo, el funcionario estatal lament\u00f3 que el litigante difame a comerciantes del ramo restaurantero a partir de una fotograf\u00eda e insisti\u00f3 en la independencia de las instancias encargadas de impartir justicia.<\/p>\n\n\n\n<p class=\"wp-block-paragraph\">&#8220;Lamento mucho que infame y ofenda a personas que se dedican al sistema restaurantero. Si alguien m\u00e1s de ellos tiene algo que ver con un tema inmobiliario, acu\u00e9rdense que la Fiscal\u00eda es aut\u00f3noma\u2026 nosotros no somos el Poder Judicial&#8221;, asever\u00f3.<\/p>\n\n\n\n<p class=\"wp-block-paragraph\">\u200bAsimismo, Ahued Bardahuil neg\u00f3 influir en los casos judiciales y sostuvo que su gesti\u00f3n act\u00faa al margen de conveniencias personales o tratos irregulares.<\/p>\n\n\n\n<p class=\"wp-block-paragraph\">&#8220;El Secretario no se presta. Yo no s\u00e9 si en el pasado; yo no me presto a ser padrino de nadie y lamento que el abogado haya difamado, denostado a personas que se dedican al comercio y a un servidor, y no nada m\u00e1s a un servidor, a la Secretar\u00eda de Gobierno, que no se presta para andar haci\u00e9ndole el caldo gordo a nadie en cuestiones ilegales&#8221;, enfatiz\u00f3.<\/p>\n\n\n\n<p class=\"wp-block-paragraph\">\u200bSobre el conflicto legal expuesto por Reyes Peralta, el Secretario encauz\u00f3 el reclamo hacia las instancias competentes y descalific\u00f3 los se\u00f1alamientos p\u00fablicos.<\/p>\n\n\n\n<p class=\"wp-block-paragraph\">&#8220;Si \u00e9l\u2026 este es un juicio que viene del 22, que tiene eventos en el 23, que debe de litigar, pero litigar, precisamente, con las autoridades de la Fiscal\u00eda y del Poder Judicial; no medi\u00e1ticamente denostando a las personas y ofendiendo a tiro y sin son, ni haciendo berrinches en un cafecito&#8221;, puntualiz\u00f3.<\/p>\n\n\n\n<p class=\"wp-block-paragraph\">Agreg\u00f3 que &#8220;es lamentable que a su edad vaya a hacer berrinches a los caf\u00e9s y estar ofendiendo a las gentes sin ninguna prueba&#8221;.<\/p>\n\n\n\n<p class=\"wp-block-paragraph\">Por lo que reiter\u00f3 que si las tiene, que se las presente y opin\u00f3 que como abogado debe actuar con \u00e9tica, &#8220;un abogado tiene que actuar con \u00e9tica&#8221;.<\/p>\n\n\n\n<p class=\"wp-block-paragraph\">\u200bRespecto a posibles acciones legales en contra Reyes Peralta, Ahued descart\u00f3 proceder por la v\u00eda jur\u00eddica y pidi\u00f3 mantener la compostura en el ejercicio profesional.<\/p>\n\n\n\n<p class=\"wp-block-paragraph\">&#8220;No, yo creo que el tema debe de verlo con madurez, con respeto, respetar la carrera de Derecho. Yo creo que andar en los caf\u00e9s tirando tonter\u00edas yo creo que no le queda, ya est\u00e1 grande para eso&#8221;, manifest\u00f3.<\/p>\n\n\n\n<p class=\"wp-block-paragraph\">\u200bEl titular de la Secretar\u00eda de Gobierno reiter\u00f3 la autonom\u00eda de la Fiscal\u00eda General del Estado y del Poder Judicial frente a las acusaciones de presunta intromisi\u00f3n.<\/p>\n\n\n\n<p class=\"wp-block-paragraph\">&#8220;Preg\u00fantenle a la Fiscal si ella est\u00e1 pendiente de que Ahued le diga lo que tiene que hacer, es una falta de respeto. Son organismos aut\u00f3nomos tanto la Fiscal\u00eda como el Poder Judicial, y no ha habido un juez o un magistrado que vaya Ahued y que le diga o que le d\u00e9 instrucciones de lo que tenga que hacer, me parecer\u00eda infantil&#8221;, remarc\u00f3.<\/p>\n\n\n\n<p class=\"wp-block-paragraph\">\u200bA pesar de los se\u00f1alamientos, el servidor p\u00fablico asegur\u00f3 que las puertas de la dependencia permanecen abiertas tanto para el abogado como para los afectados en el litigio de las 12 hect\u00e1reas en Xalapa.<\/p>\n\n\n\n<p class=\"wp-block-paragraph\">&#8220;Todo mundo tiene las puertas abiertas. Hemos hecho 127 audiencias ciudadanas \u00fanicamente para atender asuntos inmobiliarios. Hemos revertido por apoyo, desde luego, de las autoridades de la Fiscal\u00eda y del Poder Judicial, haciendo justicia&#8221;, afirm\u00f3, al tiempo de puntualizar que tendr\u00e1 que ser la autoridad la que determine si el juicio tiene vistas de que se pueda resolver a favor de los reclamantes.<\/p>\n\n\n\n<p class=\"wp-block-paragraph\">\u200bCuestionado sobre posibles hechos de corrupci\u00f3n dentro de la dependencia a su cargo, Ahued Bardahuil invit\u00f3 a presentar las evidencias correspondientes.<\/p>\n\n\n\n<p class=\"wp-block-paragraph\">&#8220;Estamos abiertos a que los se\u00f1alen, y siempre lo he dicho: no vamos a tolerar a nadie. Cualquier persona que se sienta agraviada puede ir a la oficina, lo puede hacer p\u00fablico y que me lo se\u00f1ale con pruebas, y actuaremos con cualquier funcionario que est\u00e9 a cargo de la Secretar\u00eda de Gobierno&#8221;, asever\u00f3.<\/p>\n\n\n\n<p class=\"wp-block-paragraph\">\u200bFinalmente, el Secretario defendi\u00f3 el trabajo y la integridad de los funcionarios que integran la estructura gubernamental.<\/p>\n\n\n\n<p class=\"wp-block-paragraph\">&#8220;Pocas veces se hab\u00eda visto gente con \u00e9tica, con trabajo. No tenemos m\u00e1s que el compromiso de cumplir con la Gobernadora, con el Gobierno y con los ciudadanos&#8221;, expres\u00f3.<\/p>\n\n\n\n<p class=\"wp-block-paragraph\">Y para rematar, ironiz\u00f3 sobre los se\u00f1alamientos en su contra al declarar: &#8220;no soy padrino. Imag\u00ednate, me saqu\u00e9 una foto con Slim y ni soy millonario&#8221;.<\/p>\n\n\n\n<figure class=\"wp-block-image size-large\"><img loading=\"lazy\" decoding=\"async\" width=\"1024\" height=\"768\" src=\"https:\/\/plumanegranoticias.com\/wp-content\/uploads\/2026\/09\/2310076d-469b-4cc0-a986-92756bb2bc83-1024x768.jpeg\" class=\"wp-image-15107\" srcset=\"https:\/\/plumanegranoticias.com\/wp-content\/uploads\/2026\/09\/2310076d-469b-4cc0-a986-92756bb2bc83-1024x768.jpeg 1024w, https:\/\/plumanegranoticias.com\/wp-content\/uploads\/2026\/09\/2310076d-469b-4cc0-a986-92756bb2bc83-300x225.jpeg 300w, https:\/\/plumanegranoticias.com\/wp-content\/uploads\/2026\/09\/2310076d-469b-4cc0-a986-92756bb2bc83-768x576.jpeg 768w, https:\/\/plumanegranoticias.com\/wp-content\/uploads\/2026\/09\/2310076d-469b-4cc0-a986-92756bb2bc83-1536x1152.jpeg 1536w, https:\/\/plumanegranoticias.com\/wp-content\/uploads\/2026\/09\/2310076d-469b-4cc0-a986-92756bb2bc83-400x300.jpeg 400w, https:\/\/plumanegranoticias.com\/wp-content\/uploads\/2026\/09\/2310076d-469b-4cc0-a986-92756bb2bc83.jpeg 1600w\" sizes=\"auto, (max-width: 1024px) 100vw, 1024px\" \/><\/figure>\n\n\n\n<figure class=\"wp-block-image size-large\"><img loading=\"lazy\" decoding=\"async\" width=\"1024\" height=\"768\" src=\"https:\/\/plumanegranoticias.com\/wp-content\/uploads\/2026\/09\/bb99c283-caa0-49c0-80a4-f0a1c849fb76-1024x768.jpeg\" class=\"wp-image-15108\" srcset=\"https:\/\/plumanegranoticias.com\/wp-content\/uploads\/2026\/09\/bb99c283-caa0-49c0-80a4-f0a1c849fb76-1024x768.jpeg 1024w, https:\/\/plumanegranoticias.com\/wp-content\/uploads\/2026\/09\/bb99c283-caa0-49c0-80a4-f0a1c849fb76-300x225.jpeg 300w, https:\/\/plumanegranoticias.com\/wp-content\/uploads\/2026\/09\/bb99c283-caa0-49c0-80a4-f0a1c849fb76-768x576.jpeg 768w, https:\/\/plumanegranoticias.com\/wp-content\/uploads\/2026\/09\/bb99c283-caa0-49c0-80a4-f0a1c849fb76-1536x1152.jpeg 1536w, https:\/\/plumanegranoticias.com\/wp-content\/uploads\/2026\/09\/bb99c283-caa0-49c0-80a4-f0a1c849fb76-400x300.jpeg 400w, https:\/\/plumanegranoticias.com\/wp-content\/uploads\/2026\/09\/bb99c283-caa0-49c0-80a4-f0a1c849fb76.jpeg 1600w\" sizes=\"auto, (max-width: 1024px) 100vw, 1024px\" \/><\/figure>\n","protected":false},"excerpt":{"rendered":"<p>-Ironiza: &#8220;no soy padrino. Imag\u00ednate, me saqu\u00e9 una foto con Slim y ni soy millonario&#8221;. \u00c1ngeles Gonz\u00e1lez CeballosXalapa, Ver. El secretario de Gobierno de Veracruz, Ricardo Ahued Bardahuil, rechaz\u00f3 las acusaciones del abogado penalista Jorge Reyes Peralta, quien lo se\u00f1al\u00f3 de presuntamente proteger a integrantes de un supuesto &#8220;C\u00e1rtel Inmobiliario&#8221; y de obstaculizar investigaciones por&#8230; <\/p>\n<div class=\"clear\"><\/div>\n<p><a href=\"https:\/\/plumanegranoticias.com\/?p=15110\" class=\"excerpt-read-more\">Read More<i class=\"fa fa-caret-right icon-caret-right\"><\/i><\/a><\/p>\n","protected":false},"author":6,"featured_media":15109,"comment_status":"closed","ping_status":"open","sticky":false,"template":"","format":"standard","meta":{"om_disable_all_campaigns":false,"_monsterinsights_skip_tracking":false,"_uf_show_specific_survey":0,"_uf_disable_surveys":false,"footnotes":""},"categories":[16,8],"tags":[30,61],"class_list":["post-15110","post","type-post","status-publish","format-standard","has-post-thumbnail","hentry","category-plumazos","category-politica","tag-plumazos","tag-politica"],"aioseo_notices":[],"aioseo_head":"\n\t\t<!-- All in One SEO 5.0.0.1 - aioseo.com -->\n\t<meta name=\"description\" content=\"-Ironiza: &quot;no soy padrino. Imag\u00ednate, me saqu\u00e9 una foto con Slim y ni soy millonario&quot;. \u00c1ngeles Gonz\u00e1lez CeballosXalapa, Ver. El secretario de Gobierno de Veracruz, Ricardo Ahued Bardahuil, rechaz\u00f3 las acusaciones del abogado penalista Jorge Reyes Peralta, quien lo se\u00f1al\u00f3 de presuntamente proteger a integrantes de un supuesto &quot;C\u00e1rtel Inmobiliario&quot; y de obstaculizar investigaciones por\" \/>\n\t<meta name=\"robots\" content=\"max-image-preview:large\" \/>\n\t<meta name=\"author\" content=\"Sergio Ricardo Alonso Carrizales\"\/>\n\t<link rel=\"canonical\" href=\"https:\/\/plumanegranoticias.com\/?p=15110\" \/>\n\t<meta name=\"generator\" content=\"All in One SEO (AIOSEO) 5.0.0.1\" \/>\n\t\t<meta property=\"og:locale\" content=\"es_MX\" \/>\n\t\t<meta property=\"og:site_name\" content=\"plumanegranoticias.com -\" \/>\n\t\t<meta property=\"og:type\" content=\"article\" \/>\n\t\t<meta property=\"og:title\" content=\"Calific\u00f3 Ahued como berrinchudo, infantil e inmaduro a Jorge Reyes Peralta tras acusaciones de proteger al \u201cC\u00e1rtel Inmobiliario\u201d - plumanegranoticias.com\" \/>\n\t\t<meta property=\"og:description\" content=\"-Ironiza: &quot;no soy padrino. Imag\u00ednate, me saqu\u00e9 una foto con Slim y ni soy millonario&quot;. \u00c1ngeles Gonz\u00e1lez CeballosXalapa, Ver. El secretario de Gobierno de Veracruz, Ricardo Ahued Bardahuil, rechaz\u00f3 las acusaciones del abogado penalista Jorge Reyes Peralta, quien lo se\u00f1al\u00f3 de presuntamente proteger a integrantes de un supuesto &quot;C\u00e1rtel Inmobiliario&quot; y de obstaculizar investigaciones por\" \/>\n\t\t<meta property=\"og:url\" content=\"https:\/\/plumanegranoticias.com\/?p=15110\" \/>\n\t\t<meta property=\"article:published_time\" content=\"2026-09-01T15:12:46+00:00\" \/>\n\t\t<meta property=\"article:modified_time\" content=\"2026-09-01T15:12:46+00:00\" \/>\n\t\t<meta name=\"twitter:card\" content=\"summary_large_image\" \/>\n\t\t<meta name=\"twitter:title\" content=\"Calific\u00f3 Ahued como berrinchudo, infantil e inmaduro a Jorge Reyes Peralta tras acusaciones de proteger al \u201cC\u00e1rtel Inmobiliario\u201d - plumanegranoticias.com\" \/>\n\t\t<meta name=\"twitter:description\" content=\"-Ironiza: &quot;no soy padrino. Imag\u00ednate, me saqu\u00e9 una foto con Slim y ni soy millonario&quot;. \u00c1ngeles Gonz\u00e1lez CeballosXalapa, Ver. El secretario de Gobierno de Veracruz, Ricardo Ahued Bardahuil, rechaz\u00f3 las acusaciones del abogado penalista Jorge Reyes Peralta, quien lo se\u00f1al\u00f3 de presuntamente proteger a integrantes de un supuesto &quot;C\u00e1rtel Inmobiliario&quot; y de obstaculizar investigaciones por\" \/>\n\t\t<script type=\"application\/ld+json\" class=\"aioseo-schema\">\n\t\t\t{\"@context\":\"https:\\\/\\\/schema.org\",\"@graph\":[{\"@type\":\"BlogPosting\",\"@id\":\"https:\\\/\\\/plumanegranoticias.com\\\/?p=15110#blogposting\",\"name\":\"Calific\\u00f3 Ahued como berrinchudo, infantil e inmaduro a Jorge Reyes Peralta tras acusaciones de proteger al \\u201cC\\u00e1rtel Inmobiliario\\u201d - plumanegranoticias.com\",\"headline\":\"Calific\\u00f3 Ahued como berrinchudo, infantil e inmaduro a Jorge Reyes Peralta tras acusaciones de proteger al &#8220;C\\u00e1rtel Inmobiliario&#8221;\",\"author\":{\"@id\":\"https:\\\/\\\/plumanegranoticias.com\\\/?author=6#author\"},\"publisher\":{\"@id\":\"https:\\\/\\\/plumanegranoticias.com\\\/#organization\"},\"image\":{\"@type\":\"ImageObject\",\"url\":\"https:\\\/\\\/plumanegranoticias.com\\\/wp-content\\\/uploads\\\/2026\\\/09\\\/dc445fe6-9007-4147-83b4-8f0d5667455e.jpeg\",\"width\":1600,\"height\":1200},\"datePublished\":\"2026-09-01T09:12:46-06:00\",\"dateModified\":\"2026-09-01T09:12:46-06:00\",\"inLanguage\":\"es-MX\",\"mainEntityOfPage\":{\"@id\":\"https:\\\/\\\/plumanegranoticias.com\\\/?p=15110#webpage\"},\"isPartOf\":{\"@id\":\"https:\\\/\\\/plumanegranoticias.com\\\/?p=15110#webpage\"},\"articleSection\":\"Plumazos, Pol\\u00edtica, Plumazos, Pol\\u00edtica\"},{\"@type\":\"BreadcrumbList\",\"@id\":\"https:\\\/\\\/plumanegranoticias.com\\\/?p=15110#breadcrumblist\",\"itemListElement\":[{\"@type\":\"ListItem\",\"@id\":\"https:\\\/\\\/plumanegranoticias.com#listItem\",\"position\":1,\"name\":\"Home\",\"item\":\"https:\\\/\\\/plumanegranoticias.com\",\"nextItem\":{\"@type\":\"ListItem\",\"@id\":\"https:\\\/\\\/plumanegranoticias.com\\\/?cat=8#listItem\",\"name\":\"Pol\\u00edtica\"}},{\"@type\":\"ListItem\",\"@id\":\"https:\\\/\\\/plumanegranoticias.com\\\/?cat=8#listItem\",\"position\":2,\"name\":\"Pol\\u00edtica\",\"item\":\"https:\\\/\\\/plumanegranoticias.com\\\/?cat=8\",\"nextItem\":{\"@type\":\"ListItem\",\"@id\":\"https:\\\/\\\/plumanegranoticias.com\\\/?p=15110#listItem\",\"name\":\"Calific\\u00f3 Ahued como berrinchudo, infantil e inmaduro a Jorge Reyes Peralta tras acusaciones de proteger al &#8220;C\\u00e1rtel Inmobiliario&#8221;\"},\"previousItem\":{\"@type\":\"ListItem\",\"@id\":\"https:\\\/\\\/plumanegranoticias.com#listItem\",\"name\":\"Home\"}},{\"@type\":\"ListItem\",\"@id\":\"https:\\\/\\\/plumanegranoticias.com\\\/?p=15110#listItem\",\"position\":3,\"name\":\"Calific\\u00f3 Ahued como berrinchudo, infantil e inmaduro a Jorge Reyes Peralta tras acusaciones de proteger al &#8220;C\\u00e1rtel Inmobiliario&#8221;\",\"previousItem\":{\"@type\":\"ListItem\",\"@id\":\"https:\\\/\\\/plumanegranoticias.com\\\/?cat=8#listItem\",\"name\":\"Pol\\u00edtica\"}}]},{\"@type\":\"Organization\",\"@id\":\"https:\\\/\\\/plumanegranoticias.com\\\/#organization\",\"name\":\"plumanegranoticias.com\",\"url\":\"https:\\\/\\\/plumanegranoticias.com\\\/\"},{\"@type\":\"Person\",\"@id\":\"https:\\\/\\\/plumanegranoticias.com\\\/?author=6#author\",\"url\":\"https:\\\/\\\/plumanegranoticias.com\\\/?author=6\",\"name\":\"Sergio Ricardo Alonso Carrizales\",\"image\":{\"@type\":\"ImageObject\",\"@id\":\"https:\\\/\\\/plumanegranoticias.com\\\/?p=15110#authorImage\",\"url\":\"https:\\\/\\\/secure.gravatar.com\\\/avatar\\\/4a2109b4c1db10373767b38e9de5044c15288afe263d87faf7256dffb8a9285f?s=96&d=mm&r=g\",\"width\":96,\"height\":96,\"caption\":\"Sergio Ricardo Alonso Carrizales\"}},{\"@type\":\"WebPage\",\"@id\":\"https:\\\/\\\/plumanegranoticias.com\\\/?p=15110#webpage\",\"url\":\"https:\\\/\\\/plumanegranoticias.com\\\/?p=15110\",\"name\":\"Calific\\u00f3 Ahued como berrinchudo, infantil e inmaduro a Jorge Reyes Peralta tras acusaciones de proteger al \\u201cC\\u00e1rtel Inmobiliario\\u201d - plumanegranoticias.com\",\"description\":\"-Ironiza: \\\"no soy padrino. Imag\\u00ednate, me saqu\\u00e9 una foto con Slim y ni soy millonario\\\". \\u00c1ngeles Gonz\\u00e1lez CeballosXalapa, Ver. El secretario de Gobierno de Veracruz, Ricardo Ahued Bardahuil, rechaz\\u00f3 las acusaciones del abogado penalista Jorge Reyes Peralta, quien lo se\\u00f1al\\u00f3 de presuntamente proteger a integrantes de un supuesto \\\"C\\u00e1rtel Inmobiliario\\\" y de obstaculizar investigaciones por\",\"inLanguage\":\"es-MX\",\"isPartOf\":{\"@id\":\"https:\\\/\\\/plumanegranoticias.com\\\/#website\"},\"breadcrumb\":{\"@id\":\"https:\\\/\\\/plumanegranoticias.com\\\/?p=15110#breadcrumblist\"},\"author\":{\"@id\":\"https:\\\/\\\/plumanegranoticias.com\\\/?author=6#author\"},\"creator\":{\"@id\":\"https:\\\/\\\/plumanegranoticias.com\\\/?author=6#author\"},\"image\":{\"@type\":\"ImageObject\",\"url\":\"https:\\\/\\\/plumanegranoticias.com\\\/wp-content\\\/uploads\\\/2026\\\/09\\\/dc445fe6-9007-4147-83b4-8f0d5667455e.jpeg\",\"@id\":\"https:\\\/\\\/plumanegranoticias.com\\\/?p=15110\\\/#mainImage\",\"width\":1600,\"height\":1200},\"primaryImageOfPage\":{\"@id\":\"https:\\\/\\\/plumanegranoticias.com\\\/?p=15110#mainImage\"},\"datePublished\":\"2026-09-01T09:12:46-06:00\",\"dateModified\":\"2026-09-01T09:12:46-06:00\"},{\"@type\":\"WebSite\",\"@id\":\"https:\\\/\\\/plumanegranoticias.com\\\/#website\",\"url\":\"https:\\\/\\\/plumanegranoticias.com\\\/\",\"name\":\"plumanegranoticias.com\",\"inLanguage\":\"es-MX\",\"publisher\":{\"@id\":\"https:\\\/\\\/plumanegranoticias.com\\\/#organization\"}}]}\n\t\t<\/script>\n\t\t<!-- All in One SEO -->\n\n","aioseo_head_json":{"title":"Calific\u00f3 Ahued como berrinchudo, infantil e inmaduro a Jorge Reyes Peralta tras acusaciones de proteger al \u201cC\u00e1rtel Inmobiliario\u201d - plumanegranoticias.com","description":"-Ironiza: \"no soy padrino. Imag\u00ednate, me saqu\u00e9 una foto con Slim y ni soy millonario\". \u00c1ngeles Gonz\u00e1lez CeballosXalapa, Ver. El secretario de Gobierno de Veracruz, Ricardo Ahued Bardahuil, rechaz\u00f3 las acusaciones del abogado penalista Jorge Reyes Peralta, quien lo se\u00f1al\u00f3 de presuntamente proteger a integrantes de un supuesto \"C\u00e1rtel Inmobiliario\" y de obstaculizar investigaciones por","canonical_url":"https:\/\/plumanegranoticias.com\/?p=15110","robots":"max-image-preview:large","keywords":"","webmasterTools":{"miscellaneous":""},"schema":{"@context":"https:\/\/schema.org","@graph":[{"@type":"BlogPosting","@id":"https:\/\/plumanegranoticias.com\/?p=15110#blogposting","name":"Calific\u00f3 Ahued como berrinchudo, infantil e inmaduro a Jorge Reyes Peralta tras acusaciones de proteger al \u201cC\u00e1rtel Inmobiliario\u201d - plumanegranoticias.com","headline":"Calific\u00f3 Ahued como berrinchudo, infantil e inmaduro a Jorge Reyes Peralta tras acusaciones de proteger al &#8220;C\u00e1rtel Inmobiliario&#8221;","author":{"@id":"https:\/\/plumanegranoticias.com\/?author=6#author"},"publisher":{"@id":"https:\/\/plumanegranoticias.com\/#organization"},"image":{"@type":"ImageObject","url":"https:\/\/plumanegranoticias.com\/wp-content\/uploads\/2026\/09\/dc445fe6-9007-4147-83b4-8f0d5667455e.jpeg","width":1600,"height":1200},"datePublished":"2026-09-01T09:12:46-06:00","dateModified":"2026-09-01T09:12:46-06:00","inLanguage":"es-MX","mainEntityOfPage":{"@id":"https:\/\/plumanegranoticias.com\/?p=15110#webpage"},"isPartOf":{"@id":"https:\/\/plumanegranoticias.com\/?p=15110#webpage"},"articleSection":"Plumazos, Pol\u00edtica, Plumazos, Pol\u00edtica"},{"@type":"BreadcrumbList","@id":"https:\/\/plumanegranoticias.com\/?p=15110#breadcrumblist","itemListElement":[{"@type":"ListItem","@id":"https:\/\/plumanegranoticias.com#listItem","position":1,"name":"Home","item":"https:\/\/plumanegranoticias.com","nextItem":{"@type":"ListItem","@id":"https:\/\/plumanegranoticias.com\/?cat=8#listItem","name":"Pol\u00edtica"}},{"@type":"ListItem","@id":"https:\/\/plumanegranoticias.com\/?cat=8#listItem","position":2,"name":"Pol\u00edtica","item":"https:\/\/plumanegranoticias.com\/?cat=8","nextItem":{"@type":"ListItem","@id":"https:\/\/plumanegranoticias.com\/?p=15110#listItem","name":"Calific\u00f3 Ahued como berrinchudo, infantil e inmaduro a Jorge Reyes Peralta tras acusaciones de proteger al &#8220;C\u00e1rtel Inmobiliario&#8221;"},"previousItem":{"@type":"ListItem","@id":"https:\/\/plumanegranoticias.com#listItem","name":"Home"}},{"@type":"ListItem","@id":"https:\/\/plumanegranoticias.com\/?p=15110#listItem","position":3,"name":"Calific\u00f3 Ahued como berrinchudo, infantil e inmaduro a Jorge Reyes Peralta tras acusaciones de proteger al &#8220;C\u00e1rtel Inmobiliario&#8221;","previousItem":{"@type":"ListItem","@id":"https:\/\/plumanegranoticias.com\/?cat=8#listItem","name":"Pol\u00edtica"}}]},{"@type":"Organization","@id":"https:\/\/plumanegranoticias.com\/#organization","name":"plumanegranoticias.com","url":"https:\/\/plumanegranoticias.com\/"},{"@type":"Person","@id":"https:\/\/plumanegranoticias.com\/?author=6#author","url":"https:\/\/plumanegranoticias.com\/?author=6","name":"Sergio Ricardo Alonso Carrizales","image":{"@type":"ImageObject","@id":"https:\/\/plumanegranoticias.com\/?p=15110#authorImage","url":"https:\/\/secure.gravatar.com\/avatar\/4a2109b4c1db10373767b38e9de5044c15288afe263d87faf7256dffb8a9285f?s=96&d=mm&r=g","width":96,"height":96,"caption":"Sergio Ricardo Alonso Carrizales"}},{"@type":"WebPage","@id":"https:\/\/plumanegranoticias.com\/?p=15110#webpage","url":"https:\/\/plumanegranoticias.com\/?p=15110","name":"Calific\u00f3 Ahued como berrinchudo, infantil e inmaduro a Jorge Reyes Peralta tras acusaciones de proteger al \u201cC\u00e1rtel Inmobiliario\u201d - plumanegranoticias.com","description":"-Ironiza: \"no soy padrino. Imag\u00ednate, me saqu\u00e9 una foto con Slim y ni soy millonario\". \u00c1ngeles Gonz\u00e1lez CeballosXalapa, Ver. El secretario de Gobierno de Veracruz, Ricardo Ahued Bardahuil, rechaz\u00f3 las acusaciones del abogado penalista Jorge Reyes Peralta, quien lo se\u00f1al\u00f3 de presuntamente proteger a integrantes de un supuesto \"C\u00e1rtel Inmobiliario\" y de obstaculizar investigaciones por","inLanguage":"es-MX","isPartOf":{"@id":"https:\/\/plumanegranoticias.com\/#website"},"breadcrumb":{"@id":"https:\/\/plumanegranoticias.com\/?p=15110#breadcrumblist"},"author":{"@id":"https:\/\/plumanegranoticias.com\/?author=6#author"},"creator":{"@id":"https:\/\/plumanegranoticias.com\/?author=6#author"},"image":{"@type":"ImageObject","url":"https:\/\/plumanegranoticias.com\/wp-content\/uploads\/2026\/09\/dc445fe6-9007-4147-83b4-8f0d5667455e.jpeg","@id":"https:\/\/plumanegranoticias.com\/?p=15110\/#mainImage","width":1600,"height":1200},"primaryImageOfPage":{"@id":"https:\/\/plumanegranoticias.com\/?p=15110#mainImage"},"datePublished":"2026-09-01T09:12:46-06:00","dateModified":"2026-09-01T09:12:46-06:00"},{"@type":"WebSite","@id":"https:\/\/plumanegranoticias.com\/#website","url":"https:\/\/plumanegranoticias.com\/","name":"plumanegranoticias.com","inLanguage":"es-MX","publisher":{"@id":"https:\/\/plumanegranoticias.com\/#organization"}}]},"og:locale":"es_MX","og:site_name":"plumanegranoticias.com -","og:type":"article","og:title":"Calific\u00f3 Ahued como berrinchudo, infantil e inmaduro a Jorge Reyes Peralta tras acusaciones de proteger al \u201cC\u00e1rtel Inmobiliario\u201d - plumanegranoticias.com","og:description":"-Ironiza: &quot;no soy padrino. Imag\u00ednate, me saqu\u00e9 una foto con Slim y ni soy millonario&quot;. \u00c1ngeles Gonz\u00e1lez CeballosXalapa, Ver. El secretario de Gobierno de Veracruz, Ricardo Ahued Bardahuil, rechaz\u00f3 las acusaciones del abogado penalista Jorge Reyes Peralta, quien lo se\u00f1al\u00f3 de presuntamente proteger a integrantes de un supuesto &quot;C\u00e1rtel Inmobiliario&quot; y de obstaculizar investigaciones por","og:url":"https:\/\/plumanegranoticias.com\/?p=15110","article:published_time":"2026-09-01T15:12:46+00:00","article:modified_time":"2026-09-01T15:12:46+00:00","twitter:card":"summary_large_image","twitter:title":"Calific\u00f3 Ahued como berrinchudo, infantil e inmaduro a Jorge Reyes Peralta tras acusaciones de proteger al \u201cC\u00e1rtel Inmobiliario\u201d - plumanegranoticias.com","twitter:description":"-Ironiza: &quot;no soy padrino. Imag\u00ednate, me saqu\u00e9 una foto con Slim y ni soy millonario&quot;. \u00c1ngeles Gonz\u00e1lez CeballosXalapa, Ver. El secretario de Gobierno de Veracruz, Ricardo Ahued Bardahuil, rechaz\u00f3 las acusaciones del abogado penalista Jorge Reyes Peralta, quien lo se\u00f1al\u00f3 de presuntamente proteger a integrantes de un supuesto &quot;C\u00e1rtel Inmobiliario&quot; y de obstaculizar investigaciones por"},"aioseo_meta_data":[],"aioseo_breadcrumb":"<div class=\"aioseo-breadcrumbs\"><span class=\"aioseo-breadcrumb\">\n\t\t\t<a href=\"https:\/\/plumanegranoticias.com\" title=\"Home\">Home<\/a>\n\t\t<\/span><span class=\"aioseo-breadcrumb-separator\">&raquo;<\/span><span class=\"aioseo-breadcrumb\">\n\t\t\t<a href=\"https:\/\/plumanegranoticias.com\/?cat=8\" title=\"Pol\u00edtica\">Pol\u00edtica<\/a>\n\t\t<\/span><span class=\"aioseo-breadcrumb-separator\">&raquo;<\/span><span class=\"aioseo-breadcrumb\">\n\t\t\tCalific\u00f3 Ahued como berrinchudo, infantil e inmaduro a Jorge Reyes Peralta tras acusaciones de proteger al \u201cC\u00e1rtel Inmobiliario\u201d\n\t\t<\/span><\/div>","aioseo_breadcrumb_json":[{"label":"Home","link":"https:\/\/plumanegranoticias.com"},{"label":"Pol\u00edtica","link":"https:\/\/plumanegranoticias.com\/?cat=8"},{"label":"Calific\u00f3 Ahued como berrinchudo, infantil e inmaduro a Jorge Reyes Peralta tras acusaciones de proteger al &#8220;C\u00e1rtel Inmobiliario&#8221;","link":"https:\/\/plumanegranoticias.com\/?p=15110"}],"_links":{"self":[{"href":"https:\/\/plumanegranoticias.com\/index.php?rest_route=\/wp\/v2\/posts\/15110","targetHints":{"allow":["GET"]}}],"collection":[{"href":"https:\/\/plumanegranoticias.com\/index.php?rest_route=\/wp\/v2\/posts"}],"about":[{"href":"https:\/\/plumanegranoticias.com\/index.php?rest_route=\/wp\/v2\/types\/post"}],"author":[{"embeddable":true,"href":"https:\/\/plumanegranoticias.com\/index.php?rest_route=\/wp\/v2\/users\/6"}],"replies":[{"embeddable":true,"href":"https:\/\/plumanegranoticias.com\/index.php?rest_route=%2Fwp%2Fv2%2Fcomments&post=15110"}],"version-history":[{"count":1,"href":"https:\/\/plumanegranoticias.com\/index.php?rest_route=\/wp\/v2\/posts\/15110\/revisions"}],"predecessor-version":[{"id":15111,"href":"https:\/\/plumanegranoticias.com\/index.php?rest_route=\/wp\/v2\/posts\/15110\/revisions\/15111"}],"wp:featuredmedia":[{"embeddable":true,"href":"https:\/\/plumanegranoticias.com\/index.php?rest_route=\/wp\/v2\/media\/15109"}],"wp:attachment":[{"href":"https:\/\/plumanegranoticias.com\/index.php?rest_route=%2Fwp%2Fv2%2Fmedia&parent=15110"}],"wp:term":[{"taxonomy":"category","embeddable":true,"href":"https:\/\/plumanegranoticias.com\/index.php?rest_route=%2Fwp%2Fv2%2Fcategories&post=15110"},{"taxonomy":"post_tag","embeddable":true,"href":"https:\/\/plumanegranoticias.com\/index.php?rest_route=%2Fwp%2Fv2%2Ftags&post=15110"}],"curies":[{"name":"wp","href":"https:\/\/api.w.org\/{rel}","templated":true}]}}