{"id":15114,"date":"2026-09-01T09:13:55","date_gmt":"2026-09-01T15:13:55","guid":{"rendered":"https:\/\/plumanegranoticias.com\/?p=15114"},"modified":"2026-09-01T09:13:55","modified_gmt":"2026-09-01T15:13:55","slug":"zongolica-y-papantla-podrian-tener-nuevas-areas-naturales-protegidas-sedema","status":"publish","type":"post","link":"https:\/\/plumanegranoticias.com\/?p=15114","title":{"rendered":"Zongolica y Papantla podr\u00edan tener nuevas \u00c1reas Naturales Protegidas: SEDEMA"},"content":{"rendered":"\n<p class=\"wp-block-paragraph\"><\/p>\n\n\n\n<p class=\"wp-block-paragraph\">Alejandro \u00c1vila<\/p>\n\n\n\n<p class=\"wp-block-paragraph\">Veracruz, Ver.- La Secretar\u00eda de Medio Ambiente de Veracruz (SEDEMA) alista la incorporaci\u00f3n de dos nuevas \u00c1reas Naturales Protegidas (ANP) ubicadas en las regiones de Zongolica y Papantla, con el objetivo de blindar la biodiversidad del estado a trav\u00e9s de la colaboraci\u00f3n institucional y la participaci\u00f3n privada.<\/p>\n\n\n\n<p class=\"wp-block-paragraph\">\u200bLuz Mariela Zaleta Mendoza, titular de la dependencia, detall\u00f3 que el primer proyecto se concentra en un predio de aproximadamente 63 hect\u00e1reas en Zongolica; este terreno ser\u00e1 donado por el Instituto Tecnol\u00f3gico Superior de Zongolica, un tr\u00e1mite que ya registra importantes avances administrativos y legales.<\/p>\n\n\n\n<p class=\"wp-block-paragraph\">\u200bLa segunda propuesta se ubica en el municipio de Papantla, donde un propietario particular manifest\u00f3 su inter\u00e9s voluntario de destinar su terreno a la conservaci\u00f3n ambiental; aunque la intenci\u00f3n de la Secretar\u00eda es consolidar ambos decretos durante el presente a\u00f1o, Zaleta Mendoza aclar\u00f3 que los procesos normativos exigen rigor t\u00e9cnico, esto implica el desarrollo previo de estudios y monitoreos exhaustivos enfocados en evaluar la vegetaci\u00f3n, la fauna y las caracter\u00edsticas espec\u00edficas de cada superficie.<\/p>\n\n\n\n<p class=\"wp-block-paragraph\">\u200bParalelamente a estos proyectos de gran escala, la SEDEMA mantiene una estrategia abierta para incentivar que tanto los gobiernos municipales como los due\u00f1os de predios particulares destinen espacios a la conservaci\u00f3n, independientemente de que se trate de superficies reducidas.<\/p>\n\n\n\n<p class=\"wp-block-paragraph\">\u200bVeracruz ocupa una posici\u00f3n geogr\u00e1fica privilegiada que lo convierte en uno de los estados con mayor riqueza biol\u00f3gica en M\u00e9xico, al albergar selvas, bosques de niebla, manglares y sistemas arrecifales, sin embargo, esta misma diversidad enfrenta constantes presiones debido al cambio de uso de suelo, la deforestaci\u00f3n y la expansi\u00f3n urbana, las \u00c1reas Naturales Protegidas operan como instrumentos clave para mitigar estos impactos.<\/p>\n\n\n\n<p class=\"wp-block-paragraph\">Protegen especies de flora y fauna end\u00e9micas o en peligro de extinci\u00f3n, garantizando la conectividad biol\u00f3gica entre los ecosistemas, funcionan como f\u00e1bricas naturales de agua, regulan el clima local, capturan di\u00f3xido de carbono y reducen los riesgos de deslaves e inundaciones, fen\u00f3menos recurrentes en regiones monta\u00f1osas como Zongolica, impulsan la participaci\u00f3n ciudadana y comunitaria, demostrando que la conservaci\u00f3n no est\u00e1 peleada con el desarrollo regional, sino que es un requisito indispensable para la sostenibilidad a largo plazo.<\/p>\n\n\n\n<p class=\"wp-block-paragraph\">Con la integraci\u00f3n de estos nuevos espacios, Veracruz busca fortalecer su red de protecci\u00f3n ecol\u00f3gica frente a los retos ambientales actuales.<\/p>\n\n\n\n<figure class=\"wp-block-image size-large\"><img loading=\"lazy\" decoding=\"async\" width=\"1024\" height=\"1024\" src=\"https:\/\/plumanegranoticias.com\/wp-content\/uploads\/2026\/09\/71bd83a8-c17a-44ed-8aee-03b0dd0a8aa5-1024x1024.jpeg\" class=\"wp-image-15112\" srcset=\"https:\/\/plumanegranoticias.com\/wp-content\/uploads\/2026\/09\/71bd83a8-c17a-44ed-8aee-03b0dd0a8aa5-1024x1024.jpeg 1024w, https:\/\/plumanegranoticias.com\/wp-content\/uploads\/2026\/09\/71bd83a8-c17a-44ed-8aee-03b0dd0a8aa5-300x300.jpeg 300w, https:\/\/plumanegranoticias.com\/wp-content\/uploads\/2026\/09\/71bd83a8-c17a-44ed-8aee-03b0dd0a8aa5-150x150.jpeg 150w, https:\/\/plumanegranoticias.com\/wp-content\/uploads\/2026\/09\/71bd83a8-c17a-44ed-8aee-03b0dd0a8aa5-768x768.jpeg 768w, https:\/\/plumanegranoticias.com\/wp-content\/uploads\/2026\/09\/71bd83a8-c17a-44ed-8aee-03b0dd0a8aa5-1536x1536.jpeg 1536w, https:\/\/plumanegranoticias.com\/wp-content\/uploads\/2026\/09\/71bd83a8-c17a-44ed-8aee-03b0dd0a8aa5-400x400.jpeg 400w, https:\/\/plumanegranoticias.com\/wp-content\/uploads\/2026\/09\/71bd83a8-c17a-44ed-8aee-03b0dd0a8aa5.jpeg 1600w\" sizes=\"auto, (max-width: 1024px) 100vw, 1024px\" \/><\/figure>\n","protected":false},"excerpt":{"rendered":"<p>Alejandro \u00c1vila Veracruz, Ver.- La Secretar\u00eda de Medio Ambiente de Veracruz (SEDEMA) alista la incorporaci\u00f3n de dos nuevas \u00c1reas Naturales Protegidas (ANP) ubicadas en las regiones de Zongolica y Papantla, con el objetivo de blindar la biodiversidad del estado a trav\u00e9s de la colaboraci\u00f3n institucional y la participaci\u00f3n privada. \u200bLuz Mariela Zaleta Mendoza, titular de&#8230; <\/p>\n<div class=\"clear\"><\/div>\n<p><a href=\"https:\/\/plumanegranoticias.com\/?p=15114\" class=\"excerpt-read-more\">Read More<i class=\"fa fa-caret-right icon-caret-right\"><\/i><\/a><\/p>\n","protected":false},"author":6,"featured_media":15113,"comment_status":"closed","ping_status":"open","sticky":false,"template":"","format":"standard","meta":{"om_disable_all_campaigns":false,"_monsterinsights_skip_tracking":false,"_uf_show_specific_survey":0,"_uf_disable_surveys":false,"footnotes":""},"categories":[16,8],"tags":[30,61],"class_list":["post-15114","post","type-post","status-publish","format-standard","has-post-thumbnail","hentry","category-plumazos","category-politica","tag-plumazos","tag-politica"],"aioseo_notices":[],"aioseo_head":"\n\t\t<!-- All in One SEO 5.0.0.1 - aioseo.com -->\n\t<meta name=\"description\" content=\"Alejandro \u00c1vila Veracruz, Ver.- La Secretar\u00eda de Medio Ambiente de Veracruz (SEDEMA) alista la incorporaci\u00f3n de dos nuevas \u00c1reas Naturales Protegidas (ANP) ubicadas en las regiones de Zongolica y Papantla, con el objetivo de blindar la biodiversidad del estado a trav\u00e9s de la colaboraci\u00f3n institucional y la participaci\u00f3n privada. \u200bLuz Mariela Zaleta Mendoza, titular de\" \/>\n\t<meta name=\"robots\" content=\"max-image-preview:large\" \/>\n\t<meta name=\"author\" content=\"Sergio Ricardo Alonso Carrizales\"\/>\n\t<link rel=\"canonical\" href=\"https:\/\/plumanegranoticias.com\/?p=15114\" \/>\n\t<meta name=\"generator\" content=\"All in One SEO (AIOSEO) 5.0.0.1\" \/>\n\t\t<meta property=\"og:locale\" content=\"es_MX\" \/>\n\t\t<meta property=\"og:site_name\" content=\"plumanegranoticias.com -\" \/>\n\t\t<meta property=\"og:type\" content=\"article\" \/>\n\t\t<meta property=\"og:title\" content=\"Zongolica y Papantla podr\u00edan tener nuevas \u00c1reas Naturales Protegidas: SEDEMA - plumanegranoticias.com\" \/>\n\t\t<meta property=\"og:description\" content=\"Alejandro \u00c1vila Veracruz, Ver.- La Secretar\u00eda de Medio Ambiente de Veracruz (SEDEMA) alista la incorporaci\u00f3n de dos nuevas \u00c1reas Naturales Protegidas (ANP) ubicadas en las regiones de Zongolica y Papantla, con el objetivo de blindar la biodiversidad del estado a trav\u00e9s de la colaboraci\u00f3n institucional y la participaci\u00f3n privada. \u200bLuz Mariela Zaleta Mendoza, titular de\" \/>\n\t\t<meta property=\"og:url\" content=\"https:\/\/plumanegranoticias.com\/?p=15114\" \/>\n\t\t<meta property=\"article:published_time\" content=\"2026-09-01T15:13:55+00:00\" \/>\n\t\t<meta property=\"article:modified_time\" content=\"2026-09-01T15:13:55+00:00\" \/>\n\t\t<meta name=\"twitter:card\" content=\"summary_large_image\" \/>\n\t\t<meta name=\"twitter:title\" content=\"Zongolica y Papantla podr\u00edan tener nuevas \u00c1reas Naturales Protegidas: SEDEMA - plumanegranoticias.com\" \/>\n\t\t<meta name=\"twitter:description\" content=\"Alejandro \u00c1vila Veracruz, Ver.- La Secretar\u00eda de Medio Ambiente de Veracruz (SEDEMA) alista la incorporaci\u00f3n de dos nuevas \u00c1reas Naturales Protegidas (ANP) ubicadas en las regiones de Zongolica y Papantla, con el objetivo de blindar la biodiversidad del estado a trav\u00e9s de la colaboraci\u00f3n institucional y la participaci\u00f3n privada. \u200bLuz Mariela Zaleta Mendoza, titular de\" \/>\n\t\t<script type=\"application\/ld+json\" class=\"aioseo-schema\">\n\t\t\t{\"@context\":\"https:\\\/\\\/schema.org\",\"@graph\":[{\"@type\":\"BlogPosting\",\"@id\":\"https:\\\/\\\/plumanegranoticias.com\\\/?p=15114#blogposting\",\"name\":\"Zongolica y Papantla podr\\u00edan tener nuevas \\u00c1reas Naturales Protegidas: SEDEMA - plumanegranoticias.com\",\"headline\":\"Zongolica y Papantla podr\\u00edan tener nuevas \\u00c1reas Naturales Protegidas: SEDEMA\",\"author\":{\"@id\":\"https:\\\/\\\/plumanegranoticias.com\\\/?author=6#author\"},\"publisher\":{\"@id\":\"https:\\\/\\\/plumanegranoticias.com\\\/#organization\"},\"image\":{\"@type\":\"ImageObject\",\"url\":\"https:\\\/\\\/plumanegranoticias.com\\\/wp-content\\\/uploads\\\/2026\\\/09\\\/cd3cf270-0680-4606-abe9-731973ffd85e.jpeg\",\"width\":1600,\"height\":1600},\"datePublished\":\"2026-09-01T09:13:55-06:00\",\"dateModified\":\"2026-09-01T09:13:55-06:00\",\"inLanguage\":\"es-MX\",\"mainEntityOfPage\":{\"@id\":\"https:\\\/\\\/plumanegranoticias.com\\\/?p=15114#webpage\"},\"isPartOf\":{\"@id\":\"https:\\\/\\\/plumanegranoticias.com\\\/?p=15114#webpage\"},\"articleSection\":\"Plumazos, Pol\\u00edtica, Plumazos, Pol\\u00edtica\"},{\"@type\":\"BreadcrumbList\",\"@id\":\"https:\\\/\\\/plumanegranoticias.com\\\/?p=15114#breadcrumblist\",\"itemListElement\":[{\"@type\":\"ListItem\",\"@id\":\"https:\\\/\\\/plumanegranoticias.com#listItem\",\"position\":1,\"name\":\"Home\",\"item\":\"https:\\\/\\\/plumanegranoticias.com\",\"nextItem\":{\"@type\":\"ListItem\",\"@id\":\"https:\\\/\\\/plumanegranoticias.com\\\/?cat=8#listItem\",\"name\":\"Pol\\u00edtica\"}},{\"@type\":\"ListItem\",\"@id\":\"https:\\\/\\\/plumanegranoticias.com\\\/?cat=8#listItem\",\"position\":2,\"name\":\"Pol\\u00edtica\",\"item\":\"https:\\\/\\\/plumanegranoticias.com\\\/?cat=8\",\"nextItem\":{\"@type\":\"ListItem\",\"@id\":\"https:\\\/\\\/plumanegranoticias.com\\\/?p=15114#listItem\",\"name\":\"Zongolica y Papantla podr\\u00edan tener nuevas \\u00c1reas Naturales Protegidas: SEDEMA\"},\"previousItem\":{\"@type\":\"ListItem\",\"@id\":\"https:\\\/\\\/plumanegranoticias.com#listItem\",\"name\":\"Home\"}},{\"@type\":\"ListItem\",\"@id\":\"https:\\\/\\\/plumanegranoticias.com\\\/?p=15114#listItem\",\"position\":3,\"name\":\"Zongolica y Papantla podr\\u00edan tener nuevas \\u00c1reas Naturales Protegidas: SEDEMA\",\"previousItem\":{\"@type\":\"ListItem\",\"@id\":\"https:\\\/\\\/plumanegranoticias.com\\\/?cat=8#listItem\",\"name\":\"Pol\\u00edtica\"}}]},{\"@type\":\"Organization\",\"@id\":\"https:\\\/\\\/plumanegranoticias.com\\\/#organization\",\"name\":\"plumanegranoticias.com\",\"url\":\"https:\\\/\\\/plumanegranoticias.com\\\/\"},{\"@type\":\"Person\",\"@id\":\"https:\\\/\\\/plumanegranoticias.com\\\/?author=6#author\",\"url\":\"https:\\\/\\\/plumanegranoticias.com\\\/?author=6\",\"name\":\"Sergio Ricardo Alonso Carrizales\",\"image\":{\"@type\":\"ImageObject\",\"@id\":\"https:\\\/\\\/plumanegranoticias.com\\\/?p=15114#authorImage\",\"url\":\"https:\\\/\\\/secure.gravatar.com\\\/avatar\\\/4a2109b4c1db10373767b38e9de5044c15288afe263d87faf7256dffb8a9285f?s=96&d=mm&r=g\",\"width\":96,\"height\":96,\"caption\":\"Sergio Ricardo Alonso Carrizales\"}},{\"@type\":\"WebPage\",\"@id\":\"https:\\\/\\\/plumanegranoticias.com\\\/?p=15114#webpage\",\"url\":\"https:\\\/\\\/plumanegranoticias.com\\\/?p=15114\",\"name\":\"Zongolica y Papantla podr\\u00edan tener nuevas \\u00c1reas Naturales Protegidas: SEDEMA - plumanegranoticias.com\",\"description\":\"Alejandro \\u00c1vila Veracruz, Ver.- La Secretar\\u00eda de Medio Ambiente de Veracruz (SEDEMA) alista la incorporaci\\u00f3n de dos nuevas \\u00c1reas Naturales Protegidas (ANP) ubicadas en las regiones de Zongolica y Papantla, con el objetivo de blindar la biodiversidad del estado a trav\\u00e9s de la colaboraci\\u00f3n institucional y la participaci\\u00f3n privada. \\u200bLuz Mariela Zaleta Mendoza, titular de\",\"inLanguage\":\"es-MX\",\"isPartOf\":{\"@id\":\"https:\\\/\\\/plumanegranoticias.com\\\/#website\"},\"breadcrumb\":{\"@id\":\"https:\\\/\\\/plumanegranoticias.com\\\/?p=15114#breadcrumblist\"},\"author\":{\"@id\":\"https:\\\/\\\/plumanegranoticias.com\\\/?author=6#author\"},\"creator\":{\"@id\":\"https:\\\/\\\/plumanegranoticias.com\\\/?author=6#author\"},\"image\":{\"@type\":\"ImageObject\",\"url\":\"https:\\\/\\\/plumanegranoticias.com\\\/wp-content\\\/uploads\\\/2026\\\/09\\\/cd3cf270-0680-4606-abe9-731973ffd85e.jpeg\",\"@id\":\"https:\\\/\\\/plumanegranoticias.com\\\/?p=15114\\\/#mainImage\",\"width\":1600,\"height\":1600},\"primaryImageOfPage\":{\"@id\":\"https:\\\/\\\/plumanegranoticias.com\\\/?p=15114#mainImage\"},\"datePublished\":\"2026-09-01T09:13:55-06:00\",\"dateModified\":\"2026-09-01T09:13:55-06:00\"},{\"@type\":\"WebSite\",\"@id\":\"https:\\\/\\\/plumanegranoticias.com\\\/#website\",\"url\":\"https:\\\/\\\/plumanegranoticias.com\\\/\",\"name\":\"plumanegranoticias.com\",\"inLanguage\":\"es-MX\",\"publisher\":{\"@id\":\"https:\\\/\\\/plumanegranoticias.com\\\/#organization\"}}]}\n\t\t<\/script>\n\t\t<!-- All in One SEO -->\n\n","aioseo_head_json":{"title":"Zongolica y Papantla podr\u00edan tener nuevas \u00c1reas Naturales Protegidas: SEDEMA - plumanegranoticias.com","description":"Alejandro \u00c1vila Veracruz, Ver.- La Secretar\u00eda de Medio Ambiente de Veracruz (SEDEMA) alista la incorporaci\u00f3n de dos nuevas \u00c1reas Naturales Protegidas (ANP) ubicadas en las regiones de Zongolica y Papantla, con el objetivo de blindar la biodiversidad del estado a trav\u00e9s de la colaboraci\u00f3n institucional y la participaci\u00f3n privada. \u200bLuz Mariela Zaleta Mendoza, titular de","canonical_url":"https:\/\/plumanegranoticias.com\/?p=15114","robots":"max-image-preview:large","keywords":"","webmasterTools":{"miscellaneous":""},"schema":{"@context":"https:\/\/schema.org","@graph":[{"@type":"BlogPosting","@id":"https:\/\/plumanegranoticias.com\/?p=15114#blogposting","name":"Zongolica y Papantla podr\u00edan tener nuevas \u00c1reas Naturales Protegidas: SEDEMA - plumanegranoticias.com","headline":"Zongolica y Papantla podr\u00edan tener nuevas \u00c1reas Naturales Protegidas: SEDEMA","author":{"@id":"https:\/\/plumanegranoticias.com\/?author=6#author"},"publisher":{"@id":"https:\/\/plumanegranoticias.com\/#organization"},"image":{"@type":"ImageObject","url":"https:\/\/plumanegranoticias.com\/wp-content\/uploads\/2026\/09\/cd3cf270-0680-4606-abe9-731973ffd85e.jpeg","width":1600,"height":1600},"datePublished":"2026-09-01T09:13:55-06:00","dateModified":"2026-09-01T09:13:55-06:00","inLanguage":"es-MX","mainEntityOfPage":{"@id":"https:\/\/plumanegranoticias.com\/?p=15114#webpage"},"isPartOf":{"@id":"https:\/\/plumanegranoticias.com\/?p=15114#webpage"},"articleSection":"Plumazos, Pol\u00edtica, Plumazos, Pol\u00edtica"},{"@type":"BreadcrumbList","@id":"https:\/\/plumanegranoticias.com\/?p=15114#breadcrumblist","itemListElement":[{"@type":"ListItem","@id":"https:\/\/plumanegranoticias.com#listItem","position":1,"name":"Home","item":"https:\/\/plumanegranoticias.com","nextItem":{"@type":"ListItem","@id":"https:\/\/plumanegranoticias.com\/?cat=8#listItem","name":"Pol\u00edtica"}},{"@type":"ListItem","@id":"https:\/\/plumanegranoticias.com\/?cat=8#listItem","position":2,"name":"Pol\u00edtica","item":"https:\/\/plumanegranoticias.com\/?cat=8","nextItem":{"@type":"ListItem","@id":"https:\/\/plumanegranoticias.com\/?p=15114#listItem","name":"Zongolica y Papantla podr\u00edan tener nuevas \u00c1reas Naturales Protegidas: SEDEMA"},"previousItem":{"@type":"ListItem","@id":"https:\/\/plumanegranoticias.com#listItem","name":"Home"}},{"@type":"ListItem","@id":"https:\/\/plumanegranoticias.com\/?p=15114#listItem","position":3,"name":"Zongolica y Papantla podr\u00edan tener nuevas \u00c1reas Naturales Protegidas: SEDEMA","previousItem":{"@type":"ListItem","@id":"https:\/\/plumanegranoticias.com\/?cat=8#listItem","name":"Pol\u00edtica"}}]},{"@type":"Organization","@id":"https:\/\/plumanegranoticias.com\/#organization","name":"plumanegranoticias.com","url":"https:\/\/plumanegranoticias.com\/"},{"@type":"Person","@id":"https:\/\/plumanegranoticias.com\/?author=6#author","url":"https:\/\/plumanegranoticias.com\/?author=6","name":"Sergio Ricardo Alonso Carrizales","image":{"@type":"ImageObject","@id":"https:\/\/plumanegranoticias.com\/?p=15114#authorImage","url":"https:\/\/secure.gravatar.com\/avatar\/4a2109b4c1db10373767b38e9de5044c15288afe263d87faf7256dffb8a9285f?s=96&d=mm&r=g","width":96,"height":96,"caption":"Sergio Ricardo Alonso Carrizales"}},{"@type":"WebPage","@id":"https:\/\/plumanegranoticias.com\/?p=15114#webpage","url":"https:\/\/plumanegranoticias.com\/?p=15114","name":"Zongolica y Papantla podr\u00edan tener nuevas \u00c1reas Naturales Protegidas: SEDEMA - plumanegranoticias.com","description":"Alejandro \u00c1vila Veracruz, Ver.- La Secretar\u00eda de Medio Ambiente de Veracruz (SEDEMA) alista la incorporaci\u00f3n de dos nuevas \u00c1reas Naturales Protegidas (ANP) ubicadas en las regiones de Zongolica y Papantla, con el objetivo de blindar la biodiversidad del estado a trav\u00e9s de la colaboraci\u00f3n institucional y la participaci\u00f3n privada. \u200bLuz Mariela Zaleta Mendoza, titular de","inLanguage":"es-MX","isPartOf":{"@id":"https:\/\/plumanegranoticias.com\/#website"},"breadcrumb":{"@id":"https:\/\/plumanegranoticias.com\/?p=15114#breadcrumblist"},"author":{"@id":"https:\/\/plumanegranoticias.com\/?author=6#author"},"creator":{"@id":"https:\/\/plumanegranoticias.com\/?author=6#author"},"image":{"@type":"ImageObject","url":"https:\/\/plumanegranoticias.com\/wp-content\/uploads\/2026\/09\/cd3cf270-0680-4606-abe9-731973ffd85e.jpeg","@id":"https:\/\/plumanegranoticias.com\/?p=15114\/#mainImage","width":1600,"height":1600},"primaryImageOfPage":{"@id":"https:\/\/plumanegranoticias.com\/?p=15114#mainImage"},"datePublished":"2026-09-01T09:13:55-06:00","dateModified":"2026-09-01T09:13:55-06:00"},{"@type":"WebSite","@id":"https:\/\/plumanegranoticias.com\/#website","url":"https:\/\/plumanegranoticias.com\/","name":"plumanegranoticias.com","inLanguage":"es-MX","publisher":{"@id":"https:\/\/plumanegranoticias.com\/#organization"}}]},"og:locale":"es_MX","og:site_name":"plumanegranoticias.com -","og:type":"article","og:title":"Zongolica y Papantla podr\u00edan tener nuevas \u00c1reas Naturales Protegidas: SEDEMA - plumanegranoticias.com","og:description":"Alejandro \u00c1vila Veracruz, Ver.- La Secretar\u00eda de Medio Ambiente de Veracruz (SEDEMA) alista la incorporaci\u00f3n de dos nuevas \u00c1reas Naturales Protegidas (ANP) ubicadas en las regiones de Zongolica y Papantla, con el objetivo de blindar la biodiversidad del estado a trav\u00e9s de la colaboraci\u00f3n institucional y la participaci\u00f3n privada. \u200bLuz Mariela Zaleta Mendoza, titular de","og:url":"https:\/\/plumanegranoticias.com\/?p=15114","article:published_time":"2026-09-01T15:13:55+00:00","article:modified_time":"2026-09-01T15:13:55+00:00","twitter:card":"summary_large_image","twitter:title":"Zongolica y Papantla podr\u00edan tener nuevas \u00c1reas Naturales Protegidas: SEDEMA - plumanegranoticias.com","twitter:description":"Alejandro \u00c1vila Veracruz, Ver.- La Secretar\u00eda de Medio Ambiente de Veracruz (SEDEMA) alista la incorporaci\u00f3n de dos nuevas \u00c1reas Naturales Protegidas (ANP) ubicadas en las regiones de Zongolica y Papantla, con el objetivo de blindar la biodiversidad del estado a trav\u00e9s de la colaboraci\u00f3n institucional y la participaci\u00f3n privada. \u200bLuz Mariela Zaleta Mendoza, titular de"},"aioseo_meta_data":[],"aioseo_breadcrumb":"<div class=\"aioseo-breadcrumbs\"><span class=\"aioseo-breadcrumb\">\n\t\t\t<a href=\"https:\/\/plumanegranoticias.com\" title=\"Home\">Home<\/a>\n\t\t<\/span><span class=\"aioseo-breadcrumb-separator\">&raquo;<\/span><span class=\"aioseo-breadcrumb\">\n\t\t\t<a href=\"https:\/\/plumanegranoticias.com\/?cat=8\" title=\"Pol\u00edtica\">Pol\u00edtica<\/a>\n\t\t<\/span><span class=\"aioseo-breadcrumb-separator\">&raquo;<\/span><span class=\"aioseo-breadcrumb\">\n\t\t\tZongolica y Papantla podr\u00edan tener nuevas \u00c1reas Naturales Protegidas: SEDEMA\n\t\t<\/span><\/div>","aioseo_breadcrumb_json":[{"label":"Home","link":"https:\/\/plumanegranoticias.com"},{"label":"Pol\u00edtica","link":"https:\/\/plumanegranoticias.com\/?cat=8"},{"label":"Zongolica y Papantla podr\u00edan tener nuevas \u00c1reas Naturales Protegidas: SEDEMA","link":"https:\/\/plumanegranoticias.com\/?p=15114"}],"_links":{"self":[{"href":"https:\/\/plumanegranoticias.com\/index.php?rest_route=\/wp\/v2\/posts\/15114","targetHints":{"allow":["GET"]}}],"collection":[{"href":"https:\/\/plumanegranoticias.com\/index.php?rest_route=\/wp\/v2\/posts"}],"about":[{"href":"https:\/\/plumanegranoticias.com\/index.php?rest_route=\/wp\/v2\/types\/post"}],"author":[{"embeddable":true,"href":"https:\/\/plumanegranoticias.com\/index.php?rest_route=\/wp\/v2\/users\/6"}],"replies":[{"embeddable":true,"href":"https:\/\/plumanegranoticias.com\/index.php?rest_route=%2Fwp%2Fv2%2Fcomments&post=15114"}],"version-history":[{"count":1,"href":"https:\/\/plumanegranoticias.com\/index.php?rest_route=\/wp\/v2\/posts\/15114\/revisions"}],"predecessor-version":[{"id":15115,"href":"https:\/\/plumanegranoticias.com\/index.php?rest_route=\/wp\/v2\/posts\/15114\/revisions\/15115"}],"wp:featuredmedia":[{"embeddable":true,"href":"https:\/\/plumanegranoticias.com\/index.php?rest_route=\/wp\/v2\/media\/15113"}],"wp:attachment":[{"href":"https:\/\/plumanegranoticias.com\/index.php?rest_route=%2Fwp%2Fv2%2Fmedia&parent=15114"}],"wp:term":[{"taxonomy":"category","embeddable":true,"href":"https:\/\/plumanegranoticias.com\/index.php?rest_route=%2Fwp%2Fv2%2Fcategories&post=15114"},{"taxonomy":"post_tag","embeddable":true,"href":"https:\/\/plumanegranoticias.com\/index.php?rest_route=%2Fwp%2Fv2%2Ftags&post=15114"}],"curies":[{"name":"wp","href":"https:\/\/api.w.org\/{rel}","templated":true}]}}