{"id":15126,"date":"2026-09-01T10:28:44","date_gmt":"2026-09-01T16:28:44","guid":{"rendered":"https:\/\/plumanegranoticias.com\/?p=15126"},"modified":"2026-09-01T10:28:44","modified_gmt":"2026-09-01T16:28:44","slug":"confirma-ahued-que-sobrinos-de-lopez-obrador-estan-en-la-nomina-del-gobierno-de-veracruz","status":"publish","type":"post","link":"https:\/\/plumanegranoticias.com\/?p=15126","title":{"rendered":"Confirma Ahued que sobrinos de L\u00f3pez Obrador est\u00e1n en la n\u00f3mina del gobierno de Veracruz"},"content":{"rendered":"\n<p class=\"wp-block-paragraph\"><\/p>\n\n\n\n<p class=\"wp-block-paragraph\">-Lament\u00f3 que en otros gobiernos se dedicaban a tener &#8220;amiguitas y aviadoras&#8221;<\/p>\n\n\n\n<p class=\"wp-block-paragraph\">-En la Secretar\u00eda de Gobierno bajo su tutela trabaja Pedro Arturo, quien asegur\u00f3 es un gran profesionista y padre de familia al que conoci\u00f3 antes que a Andr\u00e9s Manuel<\/p>\n\n\n\n<p class=\"wp-block-paragraph\">\u00c1ngeles Gonz\u00e1lez Ceballos<br>Xalapa, Ver.El secretario de Gobierno de Veracruz, Ricardo Ahued Bardahuil, confirm\u00f3 que Pedro Arturo L\u00f3pez, sobrino del expresidente Andr\u00e9s Manuel L\u00f3pez Obrador, labora en la dependencia a su cargo y, que sus dos hermanas tambi\u00e9n est\u00e1n en la n\u00f3mina del Estado.<\/p>\n\n\n\n<p class=\"wp-block-paragraph\">Luego de los se\u00f1alamientos del medio de comunicaci\u00f3n Latinus, el cual expuso que los hijos de Arturo L\u00f3pez Obrador, Tarheni, Erandi y Pedro Arturo L\u00f3pez Herrer\u00eda est\u00e1n en la n\u00f3mina del Estado; el funcionario rechaz\u00f3 irregularidades salariales o actos de nepotismo.<\/p>\n\n\n\n<p class=\"wp-block-paragraph\">\u200bSobre las revelaciones period\u00edsticas que se\u00f1alan altos sueldos en la estructura estatal, en particular el caso de Erandi L\u00f3pez Herrer\u00eda \u2014quien asumi\u00f3 la rector\u00eda del Colegio de Veracruz con percepciones de 106 mil 433 pesos mensuales\u2014, Ahued cuestion\u00f3 la publicaci\u00f3n y asegur\u00f3 que s\u00ed trabajan, no son aviadores.<\/p>\n\n\n\n<p class=\"wp-block-paragraph\">\u201cTe voy a decir una cosa: qu\u00e9 lamentable es que cuando se dedicaban los gobiernos a tener amigas aviadoras y aviadores, y amiguitas que les pagaban sin hacer nada\u2026 ahora gente que trabaja todos los d\u00edas, que tiene profesionalismo.<\/p>\n\n\n\n<p class=\"wp-block-paragraph\">Conmigo est\u00e1 Pedro, que es hermano de ellos, es un muchacho sumamente decente; pueden verlo en Palacio, es un ejemplar padre de familia, no tengo queja y tiene un salario, vaya, que no es para alarmarse\u201d, expres\u00f3.<\/p>\n\n\n\n<p class=\"wp-block-paragraph\">En ese mismo sentido confirm\u00f3 que las hermanas est\u00e1n en la n\u00f3mina del Estado y las defini\u00f3 como muchachas profesionistas, trabajadoras y decentes, que no tienen por qu\u00e9 negarles el derecho a laborar.<\/p>\n\n\n\n<p class=\"wp-block-paragraph\">&#8220;Yo no s\u00e9 el tema de los salarios, se los dir\u00eda, si es mucho, es poco, si lo subieron o no, estar\u00eda yo mintiendo, pero son gentes que son educadas, que tienen una carrera, una profesi\u00f3n y que tienen derecho a trabajar, caray.<\/p>\n\n\n\n<p class=\"wp-block-paragraph\">Yo si fueran aviadoras o aviadores, que estuvieran ganando donde estuvieran rob\u00e1ndose el erario, donde no tuvieran ellas \u00e9tica de estar cobrando sin hacer nada, pero vayan a verlas trabajar. A una hermana la acabo de ver en los recorridos ahorita entregando a 35 grados. Yo no tengo hijas, pero s\u00ed me molesta que ofendan a las mujeres&#8221;, expres\u00f3.<\/p>\n\n\n\n<p class=\"wp-block-paragraph\">\u200bAhued Bardahuil descart\u00f3 que el lazo familiar con el exmandatario del Ejecutivo federal influyera en el nombramiento de Pedro L\u00f3pez.<\/p>\n\n\n\n<p class=\"wp-block-paragraph\">\u201cNo, se lo di porque \u00e9l estudi\u00f3 en la escuela con mis hijos y conozco su historia de lucha, de trabajo familiar. Lo conozco desde muy ni\u00f1o, es m\u00e1s, lo conozco antes de haber conocido a su pap\u00e1 y a Andr\u00e9s Manuel\u201d, asever\u00f3.<\/p>\n\n\n\n<p class=\"wp-block-paragraph\">Asimismo, desvincul\u00f3 a los sobrinos de las discrepancias pol\u00edticas del pasado entre Arturo L\u00f3pez Obrador y su hermano.<\/p>\n\n\n\n<p class=\"wp-block-paragraph\">\u201cSon sobrinos. Miren, Arturo sali\u00f3 de pleito con Andr\u00e9s Manuel y estos muchachos no tienen la culpa de lo que hagan los pap\u00e1s, ni mis hijos tienen la culpa de lo que yo haga, y ni que lo haga el t\u00edo que fue presidente y que el pap\u00e1 se pelee con el hermano. Ellos son y tienen una trayectoria educativa y estudiantil y familiar extraordinaria\u201d, enfatiz\u00f3.<\/p>\n\n\n\n<p class=\"wp-block-paragraph\">En otro tema, habl\u00f3 sobre las obras de remodelaci\u00f3n en el Palacio de Gobierno y deslind\u00f3 a su oficina de las decisiones financieras del proyecto.<\/p>\n\n\n\n<p class=\"wp-block-paragraph\">\u201cNo la tengo porque yo no manejo lo administrativo, pero pronto les habr\u00e1n de dar. Hay muchas carpetas donde est\u00e1n inclusive los planos, las obras, el antes, durante y despu\u00e9s y los costos. Este es un tema que no lo maneja\u2026 acu\u00e9rdense que el Secretario no tiene chequera para manejar compras\u201d, puntualiz\u00f3.<\/p>\n\n\n\n<p class=\"wp-block-paragraph\">\u200bAhued Bardahuil se\u00f1al\u00f3 los riesgos estructurales que motivaron el mantenimiento del recinto oficial.<\/p>\n\n\n\n<p class=\"wp-block-paragraph\">\u201cEs un edificio muy antiguo que tiene tres tiempos de construcci\u00f3n. Se le est\u00e1 cambiando la red el\u00e9ctrica, que hab\u00eda cortos; la red sanitaria\u2026 \u00bfCu\u00e1ntas veces ustedes pasaban a Palacio y los ba\u00f1os no serv\u00edan ninguno? Era denigrante, ahora se est\u00e1 dignificando\u201d, recalc\u00f3.<\/p>\n\n\n\n<p class=\"wp-block-paragraph\">Agreg\u00f3 que la losa del edificio requiri\u00f3 intervenci\u00f3n inmediata por peligro de colapso.<\/p>\n\n\n\n<p class=\"wp-block-paragraph\">\u201cTuve que quitar al personal, apenas empezaron a hacer un levantamiento de piso y se fue todo para abajo: hubiera matado a todo el mundo\u201d, manifest\u00f3.<\/p>\n\n\n\n<p class=\"wp-block-paragraph\">\u200bEn relaci\u00f3n con el ritmo de los trabajos, justific\u00f3 la lentitud del proceso a causa del uso activo de las instalaciones.<\/p>\n\n\n\n<p class=\"wp-block-paragraph\">\u201cNo, es que yo no s\u00e9 de presupuesto, se va haciendo poco a poco. Ha sido lento porque se est\u00e1 trabajando con el personal adentro que est\u00e1 en oficina, y es muy delicado\u201d, expuso.<\/p>\n\n\n\n<p class=\"wp-block-paragraph\">\u200bPor otro lado, el Secretario opin\u00f3 acerca de los debates pol\u00edticos locales tras las reuniones entre pri\u00edstas y el l\u00edder moral de MC, as\u00ed como la postura de la titular del Ejecutivo estatal.<\/p>\n\n\n\n<p class=\"wp-block-paragraph\">\u201cEstamos en \u00e9poca de nerviosismo pol\u00edtico. A m\u00ed me da mucho gusto que todo el mundo est\u00e9 en los medios afanosamente queriendo representar al pueblo para servirle, espero que no para servirse\u201d, opin\u00f3.<\/p>\n\n\n\n<p class=\"wp-block-paragraph\">Declin\u00f3 descalificar el nivel del di\u00e1logo de sus adversarios.<\/p>\n\n\n\n<p class=\"wp-block-paragraph\">\u201cNo, el nivel cada quien lo tiene, yo no voy a criticar eso. Cada quien trae su nivel\u2026 miren, yo veo una sociedad que ya no se enga\u00f1a\u201d, consider\u00f3.<\/p>\n\n\n\n<figure class=\"wp-block-video\"><video height=\"478\" style=\"aspect-ratio: 848 \/ 478;\" width=\"848\" controls src=\"https:\/\/plumanegranoticias.com\/wp-content\/uploads\/2026\/09\/5bb12aaf-bb39-441b-a76d-0634e0212ba7.mp4\"><\/video><\/figure>\n","protected":false},"excerpt":{"rendered":"<p>-Lament\u00f3 que en otros gobiernos se dedicaban a tener &#8220;amiguitas y aviadoras&#8221; -En la Secretar\u00eda de Gobierno bajo su tutela trabaja Pedro Arturo, quien asegur\u00f3 es un gran profesionista y padre de familia al que conoci\u00f3 antes que a Andr\u00e9s Manuel \u00c1ngeles Gonz\u00e1lez CeballosXalapa, Ver.El secretario de Gobierno de Veracruz, Ricardo Ahued Bardahuil, confirm\u00f3 que&#8230; <\/p>\n<div class=\"clear\"><\/div>\n<p><a href=\"https:\/\/plumanegranoticias.com\/?p=15126\" class=\"excerpt-read-more\">Read More<i class=\"fa fa-caret-right icon-caret-right\"><\/i><\/a><\/p>\n","protected":false},"author":6,"featured_media":0,"comment_status":"closed","ping_status":"open","sticky":false,"template":"","format":"standard","meta":{"om_disable_all_campaigns":false,"_monsterinsights_skip_tracking":false,"_uf_show_specific_survey":0,"_uf_disable_surveys":false,"footnotes":""},"categories":[1,16,8],"tags":[18,30,61],"class_list":["post-15126","post","type-post","status-publish","format-standard","hentry","category-blog","category-plumazos","category-politica","tag-noticia","tag-plumazos","tag-politica"],"aioseo_notices":[],"aioseo_head":"\n\t\t<!-- All in One SEO 5.0.0.1 - aioseo.com -->\n\t<meta name=\"description\" content=\"-Lament\u00f3 que en otros gobiernos se dedicaban a tener &quot;amiguitas y aviadoras&quot; -En la Secretar\u00eda de Gobierno bajo su tutela trabaja Pedro Arturo, quien asegur\u00f3 es un gran profesionista y padre de familia al que conoci\u00f3 antes que a Andr\u00e9s Manuel \u00c1ngeles Gonz\u00e1lez CeballosXalapa, Ver.El secretario de Gobierno de Veracruz, Ricardo Ahued Bardahuil, confirm\u00f3 que\" \/>\n\t<meta name=\"robots\" content=\"max-image-preview:large\" \/>\n\t<meta name=\"author\" content=\"Sergio Ricardo Alonso Carrizales\"\/>\n\t<link rel=\"canonical\" href=\"https:\/\/plumanegranoticias.com\/?p=15126\" \/>\n\t<meta name=\"generator\" content=\"All in One SEO (AIOSEO) 5.0.0.1\" \/>\n\t\t<meta property=\"og:locale\" content=\"es_MX\" \/>\n\t\t<meta property=\"og:site_name\" content=\"plumanegranoticias.com -\" \/>\n\t\t<meta property=\"og:type\" content=\"article\" \/>\n\t\t<meta property=\"og:title\" content=\"Confirma Ahued que sobrinos de L\u00f3pez Obrador est\u00e1n en la n\u00f3mina del gobierno de Veracruz - plumanegranoticias.com\" \/>\n\t\t<meta property=\"og:description\" content=\"-Lament\u00f3 que en otros gobiernos se dedicaban a tener &quot;amiguitas y aviadoras&quot; -En la Secretar\u00eda de Gobierno bajo su tutela trabaja Pedro Arturo, quien asegur\u00f3 es un gran profesionista y padre de familia al que conoci\u00f3 antes que a Andr\u00e9s Manuel \u00c1ngeles Gonz\u00e1lez CeballosXalapa, Ver.El secretario de Gobierno de Veracruz, Ricardo Ahued Bardahuil, confirm\u00f3 que\" \/>\n\t\t<meta property=\"og:url\" content=\"https:\/\/plumanegranoticias.com\/?p=15126\" \/>\n\t\t<meta property=\"article:published_time\" content=\"2026-09-01T16:28:44+00:00\" \/>\n\t\t<meta property=\"article:modified_time\" content=\"2026-09-01T16:28:44+00:00\" \/>\n\t\t<meta name=\"twitter:card\" content=\"summary_large_image\" \/>\n\t\t<meta name=\"twitter:title\" content=\"Confirma Ahued que sobrinos de L\u00f3pez Obrador est\u00e1n en la n\u00f3mina del gobierno de Veracruz - plumanegranoticias.com\" \/>\n\t\t<meta name=\"twitter:description\" content=\"-Lament\u00f3 que en otros gobiernos se dedicaban a tener &quot;amiguitas y aviadoras&quot; -En la Secretar\u00eda de Gobierno bajo su tutela trabaja Pedro Arturo, quien asegur\u00f3 es un gran profesionista y padre de familia al que conoci\u00f3 antes que a Andr\u00e9s Manuel \u00c1ngeles Gonz\u00e1lez CeballosXalapa, Ver.El secretario de Gobierno de Veracruz, Ricardo Ahued Bardahuil, confirm\u00f3 que\" \/>\n\t\t<script type=\"application\/ld+json\" class=\"aioseo-schema\">\n\t\t\t{\"@context\":\"https:\\\/\\\/schema.org\",\"@graph\":[{\"@type\":\"BlogPosting\",\"@id\":\"https:\\\/\\\/plumanegranoticias.com\\\/?p=15126#blogposting\",\"name\":\"Confirma Ahued que sobrinos de L\\u00f3pez Obrador est\\u00e1n en la n\\u00f3mina del gobierno de Veracruz - plumanegranoticias.com\",\"headline\":\"Confirma Ahued que sobrinos de L\\u00f3pez Obrador est\\u00e1n en la n\\u00f3mina del gobierno de Veracruz\",\"author\":{\"@id\":\"https:\\\/\\\/plumanegranoticias.com\\\/?author=6#author\"},\"publisher\":{\"@id\":\"https:\\\/\\\/plumanegranoticias.com\\\/#organization\"},\"datePublished\":\"2026-09-01T10:28:44-06:00\",\"dateModified\":\"2026-09-01T10:28:44-06:00\",\"inLanguage\":\"es-MX\",\"mainEntityOfPage\":{\"@id\":\"https:\\\/\\\/plumanegranoticias.com\\\/?p=15126#webpage\"},\"isPartOf\":{\"@id\":\"https:\\\/\\\/plumanegranoticias.com\\\/?p=15126#webpage\"},\"articleSection\":\"Blog, Plumazos, Pol\\u00edtica, Noticia, Plumazos, Pol\\u00edtica\"},{\"@type\":\"BreadcrumbList\",\"@id\":\"https:\\\/\\\/plumanegranoticias.com\\\/?p=15126#breadcrumblist\",\"itemListElement\":[{\"@type\":\"ListItem\",\"@id\":\"https:\\\/\\\/plumanegranoticias.com#listItem\",\"position\":1,\"name\":\"Home\",\"item\":\"https:\\\/\\\/plumanegranoticias.com\",\"nextItem\":{\"@type\":\"ListItem\",\"@id\":\"https:\\\/\\\/plumanegranoticias.com\\\/?cat=1#listItem\",\"name\":\"Blog\"}},{\"@type\":\"ListItem\",\"@id\":\"https:\\\/\\\/plumanegranoticias.com\\\/?cat=1#listItem\",\"position\":2,\"name\":\"Blog\",\"item\":\"https:\\\/\\\/plumanegranoticias.com\\\/?cat=1\",\"nextItem\":{\"@type\":\"ListItem\",\"@id\":\"https:\\\/\\\/plumanegranoticias.com\\\/?p=15126#listItem\",\"name\":\"Confirma Ahued que sobrinos de L\\u00f3pez Obrador est\\u00e1n en la n\\u00f3mina del gobierno de Veracruz\"},\"previousItem\":{\"@type\":\"ListItem\",\"@id\":\"https:\\\/\\\/plumanegranoticias.com#listItem\",\"name\":\"Home\"}},{\"@type\":\"ListItem\",\"@id\":\"https:\\\/\\\/plumanegranoticias.com\\\/?p=15126#listItem\",\"position\":3,\"name\":\"Confirma Ahued que sobrinos de L\\u00f3pez Obrador est\\u00e1n en la n\\u00f3mina del gobierno de Veracruz\",\"previousItem\":{\"@type\":\"ListItem\",\"@id\":\"https:\\\/\\\/plumanegranoticias.com\\\/?cat=1#listItem\",\"name\":\"Blog\"}}]},{\"@type\":\"Organization\",\"@id\":\"https:\\\/\\\/plumanegranoticias.com\\\/#organization\",\"name\":\"plumanegranoticias.com\",\"url\":\"https:\\\/\\\/plumanegranoticias.com\\\/\"},{\"@type\":\"Person\",\"@id\":\"https:\\\/\\\/plumanegranoticias.com\\\/?author=6#author\",\"url\":\"https:\\\/\\\/plumanegranoticias.com\\\/?author=6\",\"name\":\"Sergio Ricardo Alonso Carrizales\",\"image\":{\"@type\":\"ImageObject\",\"@id\":\"https:\\\/\\\/plumanegranoticias.com\\\/?p=15126#authorImage\",\"url\":\"https:\\\/\\\/secure.gravatar.com\\\/avatar\\\/4a2109b4c1db10373767b38e9de5044c15288afe263d87faf7256dffb8a9285f?s=96&d=mm&r=g\",\"width\":96,\"height\":96,\"caption\":\"Sergio Ricardo Alonso Carrizales\"}},{\"@type\":\"WebPage\",\"@id\":\"https:\\\/\\\/plumanegranoticias.com\\\/?p=15126#webpage\",\"url\":\"https:\\\/\\\/plumanegranoticias.com\\\/?p=15126\",\"name\":\"Confirma Ahued que sobrinos de L\\u00f3pez Obrador est\\u00e1n en la n\\u00f3mina del gobierno de Veracruz - plumanegranoticias.com\",\"description\":\"-Lament\\u00f3 que en otros gobiernos se dedicaban a tener \\\"amiguitas y aviadoras\\\" -En la Secretar\\u00eda de Gobierno bajo su tutela trabaja Pedro Arturo, quien asegur\\u00f3 es un gran profesionista y padre de familia al que conoci\\u00f3 antes que a Andr\\u00e9s Manuel \\u00c1ngeles Gonz\\u00e1lez CeballosXalapa, Ver.El secretario de Gobierno de Veracruz, Ricardo Ahued Bardahuil, confirm\\u00f3 que\",\"inLanguage\":\"es-MX\",\"isPartOf\":{\"@id\":\"https:\\\/\\\/plumanegranoticias.com\\\/#website\"},\"breadcrumb\":{\"@id\":\"https:\\\/\\\/plumanegranoticias.com\\\/?p=15126#breadcrumblist\"},\"author\":{\"@id\":\"https:\\\/\\\/plumanegranoticias.com\\\/?author=6#author\"},\"creator\":{\"@id\":\"https:\\\/\\\/plumanegranoticias.com\\\/?author=6#author\"},\"datePublished\":\"2026-09-01T10:28:44-06:00\",\"dateModified\":\"2026-09-01T10:28:44-06:00\"},{\"@type\":\"WebSite\",\"@id\":\"https:\\\/\\\/plumanegranoticias.com\\\/#website\",\"url\":\"https:\\\/\\\/plumanegranoticias.com\\\/\",\"name\":\"plumanegranoticias.com\",\"inLanguage\":\"es-MX\",\"publisher\":{\"@id\":\"https:\\\/\\\/plumanegranoticias.com\\\/#organization\"}}]}\n\t\t<\/script>\n\t\t<!-- All in One SEO -->\n\n","aioseo_head_json":{"title":"Confirma Ahued que sobrinos de L\u00f3pez Obrador est\u00e1n en la n\u00f3mina del gobierno de Veracruz - plumanegranoticias.com","description":"-Lament\u00f3 que en otros gobiernos se dedicaban a tener \"amiguitas y aviadoras\" -En la Secretar\u00eda de Gobierno bajo su tutela trabaja Pedro Arturo, quien asegur\u00f3 es un gran profesionista y padre de familia al que conoci\u00f3 antes que a Andr\u00e9s Manuel \u00c1ngeles Gonz\u00e1lez CeballosXalapa, Ver.El secretario de Gobierno de Veracruz, Ricardo Ahued Bardahuil, confirm\u00f3 que","canonical_url":"https:\/\/plumanegranoticias.com\/?p=15126","robots":"max-image-preview:large","keywords":"","webmasterTools":{"miscellaneous":""},"schema":{"@context":"https:\/\/schema.org","@graph":[{"@type":"BlogPosting","@id":"https:\/\/plumanegranoticias.com\/?p=15126#blogposting","name":"Confirma Ahued que sobrinos de L\u00f3pez Obrador est\u00e1n en la n\u00f3mina del gobierno de Veracruz - plumanegranoticias.com","headline":"Confirma Ahued que sobrinos de L\u00f3pez Obrador est\u00e1n en la n\u00f3mina del gobierno de Veracruz","author":{"@id":"https:\/\/plumanegranoticias.com\/?author=6#author"},"publisher":{"@id":"https:\/\/plumanegranoticias.com\/#organization"},"datePublished":"2026-09-01T10:28:44-06:00","dateModified":"2026-09-01T10:28:44-06:00","inLanguage":"es-MX","mainEntityOfPage":{"@id":"https:\/\/plumanegranoticias.com\/?p=15126#webpage"},"isPartOf":{"@id":"https:\/\/plumanegranoticias.com\/?p=15126#webpage"},"articleSection":"Blog, Plumazos, Pol\u00edtica, Noticia, Plumazos, Pol\u00edtica"},{"@type":"BreadcrumbList","@id":"https:\/\/plumanegranoticias.com\/?p=15126#breadcrumblist","itemListElement":[{"@type":"ListItem","@id":"https:\/\/plumanegranoticias.com#listItem","position":1,"name":"Home","item":"https:\/\/plumanegranoticias.com","nextItem":{"@type":"ListItem","@id":"https:\/\/plumanegranoticias.com\/?cat=1#listItem","name":"Blog"}},{"@type":"ListItem","@id":"https:\/\/plumanegranoticias.com\/?cat=1#listItem","position":2,"name":"Blog","item":"https:\/\/plumanegranoticias.com\/?cat=1","nextItem":{"@type":"ListItem","@id":"https:\/\/plumanegranoticias.com\/?p=15126#listItem","name":"Confirma Ahued que sobrinos de L\u00f3pez Obrador est\u00e1n en la n\u00f3mina del gobierno de Veracruz"},"previousItem":{"@type":"ListItem","@id":"https:\/\/plumanegranoticias.com#listItem","name":"Home"}},{"@type":"ListItem","@id":"https:\/\/plumanegranoticias.com\/?p=15126#listItem","position":3,"name":"Confirma Ahued que sobrinos de L\u00f3pez Obrador est\u00e1n en la n\u00f3mina del gobierno de Veracruz","previousItem":{"@type":"ListItem","@id":"https:\/\/plumanegranoticias.com\/?cat=1#listItem","name":"Blog"}}]},{"@type":"Organization","@id":"https:\/\/plumanegranoticias.com\/#organization","name":"plumanegranoticias.com","url":"https:\/\/plumanegranoticias.com\/"},{"@type":"Person","@id":"https:\/\/plumanegranoticias.com\/?author=6#author","url":"https:\/\/plumanegranoticias.com\/?author=6","name":"Sergio Ricardo Alonso Carrizales","image":{"@type":"ImageObject","@id":"https:\/\/plumanegranoticias.com\/?p=15126#authorImage","url":"https:\/\/secure.gravatar.com\/avatar\/4a2109b4c1db10373767b38e9de5044c15288afe263d87faf7256dffb8a9285f?s=96&d=mm&r=g","width":96,"height":96,"caption":"Sergio Ricardo Alonso Carrizales"}},{"@type":"WebPage","@id":"https:\/\/plumanegranoticias.com\/?p=15126#webpage","url":"https:\/\/plumanegranoticias.com\/?p=15126","name":"Confirma Ahued que sobrinos de L\u00f3pez Obrador est\u00e1n en la n\u00f3mina del gobierno de Veracruz - plumanegranoticias.com","description":"-Lament\u00f3 que en otros gobiernos se dedicaban a tener \"amiguitas y aviadoras\" -En la Secretar\u00eda de Gobierno bajo su tutela trabaja Pedro Arturo, quien asegur\u00f3 es un gran profesionista y padre de familia al que conoci\u00f3 antes que a Andr\u00e9s Manuel \u00c1ngeles Gonz\u00e1lez CeballosXalapa, Ver.El secretario de Gobierno de Veracruz, Ricardo Ahued Bardahuil, confirm\u00f3 que","inLanguage":"es-MX","isPartOf":{"@id":"https:\/\/plumanegranoticias.com\/#website"},"breadcrumb":{"@id":"https:\/\/plumanegranoticias.com\/?p=15126#breadcrumblist"},"author":{"@id":"https:\/\/plumanegranoticias.com\/?author=6#author"},"creator":{"@id":"https:\/\/plumanegranoticias.com\/?author=6#author"},"datePublished":"2026-09-01T10:28:44-06:00","dateModified":"2026-09-01T10:28:44-06:00"},{"@type":"WebSite","@id":"https:\/\/plumanegranoticias.com\/#website","url":"https:\/\/plumanegranoticias.com\/","name":"plumanegranoticias.com","inLanguage":"es-MX","publisher":{"@id":"https:\/\/plumanegranoticias.com\/#organization"}}]},"og:locale":"es_MX","og:site_name":"plumanegranoticias.com -","og:type":"article","og:title":"Confirma Ahued que sobrinos de L\u00f3pez Obrador est\u00e1n en la n\u00f3mina del gobierno de Veracruz - plumanegranoticias.com","og:description":"-Lament\u00f3 que en otros gobiernos se dedicaban a tener &quot;amiguitas y aviadoras&quot; -En la Secretar\u00eda de Gobierno bajo su tutela trabaja Pedro Arturo, quien asegur\u00f3 es un gran profesionista y padre de familia al que conoci\u00f3 antes que a Andr\u00e9s Manuel \u00c1ngeles Gonz\u00e1lez CeballosXalapa, Ver.El secretario de Gobierno de Veracruz, Ricardo Ahued Bardahuil, confirm\u00f3 que","og:url":"https:\/\/plumanegranoticias.com\/?p=15126","article:published_time":"2026-09-01T16:28:44+00:00","article:modified_time":"2026-09-01T16:28:44+00:00","twitter:card":"summary_large_image","twitter:title":"Confirma Ahued que sobrinos de L\u00f3pez Obrador est\u00e1n en la n\u00f3mina del gobierno de Veracruz - plumanegranoticias.com","twitter:description":"-Lament\u00f3 que en otros gobiernos se dedicaban a tener &quot;amiguitas y aviadoras&quot; -En la Secretar\u00eda de Gobierno bajo su tutela trabaja Pedro Arturo, quien asegur\u00f3 es un gran profesionista y padre de familia al que conoci\u00f3 antes que a Andr\u00e9s Manuel \u00c1ngeles Gonz\u00e1lez CeballosXalapa, Ver.El secretario de Gobierno de Veracruz, Ricardo Ahued Bardahuil, confirm\u00f3 que"},"aioseo_meta_data":[],"aioseo_breadcrumb":"<div class=\"aioseo-breadcrumbs\"><span class=\"aioseo-breadcrumb\">\n\t\t\t<a href=\"https:\/\/plumanegranoticias.com\" title=\"Home\">Home<\/a>\n\t\t<\/span><span class=\"aioseo-breadcrumb-separator\">&raquo;<\/span><span class=\"aioseo-breadcrumb\">\n\t\t\t<a href=\"https:\/\/plumanegranoticias.com\/?cat=1\" title=\"Blog\">Blog<\/a>\n\t\t<\/span><span class=\"aioseo-breadcrumb-separator\">&raquo;<\/span><span class=\"aioseo-breadcrumb\">\n\t\t\tConfirma Ahued que sobrinos de L\u00f3pez Obrador est\u00e1n en la n\u00f3mina del gobierno de Veracruz\n\t\t<\/span><\/div>","aioseo_breadcrumb_json":[{"label":"Home","link":"https:\/\/plumanegranoticias.com"},{"label":"Blog","link":"https:\/\/plumanegranoticias.com\/?cat=1"},{"label":"Confirma Ahued que sobrinos de L\u00f3pez Obrador est\u00e1n en la n\u00f3mina del gobierno de Veracruz","link":"https:\/\/plumanegranoticias.com\/?p=15126"}],"_links":{"self":[{"href":"https:\/\/plumanegranoticias.com\/index.php?rest_route=\/wp\/v2\/posts\/15126","targetHints":{"allow":["GET"]}}],"collection":[{"href":"https:\/\/plumanegranoticias.com\/index.php?rest_route=\/wp\/v2\/posts"}],"about":[{"href":"https:\/\/plumanegranoticias.com\/index.php?rest_route=\/wp\/v2\/types\/post"}],"author":[{"embeddable":true,"href":"https:\/\/plumanegranoticias.com\/index.php?rest_route=\/wp\/v2\/users\/6"}],"replies":[{"embeddable":true,"href":"https:\/\/plumanegranoticias.com\/index.php?rest_route=%2Fwp%2Fv2%2Fcomments&post=15126"}],"version-history":[{"count":1,"href":"https:\/\/plumanegranoticias.com\/index.php?rest_route=\/wp\/v2\/posts\/15126\/revisions"}],"predecessor-version":[{"id":15127,"href":"https:\/\/plumanegranoticias.com\/index.php?rest_route=\/wp\/v2\/posts\/15126\/revisions\/15127"}],"wp:attachment":[{"href":"https:\/\/plumanegranoticias.com\/index.php?rest_route=%2Fwp%2Fv2%2Fmedia&parent=15126"}],"wp:term":[{"taxonomy":"category","embeddable":true,"href":"https:\/\/plumanegranoticias.com\/index.php?rest_route=%2Fwp%2Fv2%2Fcategories&post=15126"},{"taxonomy":"post_tag","embeddable":true,"href":"https:\/\/plumanegranoticias.com\/index.php?rest_route=%2Fwp%2Fv2%2Ftags&post=15126"}],"curies":[{"name":"wp","href":"https:\/\/api.w.org\/{rel}","templated":true}]}}