{"id":15129,"date":"2026-09-01T11:25:08","date_gmt":"2026-09-01T17:25:08","guid":{"rendered":"https:\/\/plumanegranoticias.com\/?p=15129"},"modified":"2026-09-01T11:25:08","modified_gmt":"2026-09-01T17:25:08","slug":"en-coatepec-policia-ministerial-aprehende-a-presunto-responsable-de-robo-en-estudio-de-yoga","status":"publish","type":"post","link":"https:\/\/plumanegranoticias.com\/?p=15129","title":{"rendered":"En Coatepec, Polic\u00eda Ministerial aprehende a presunto responsable de robo en estudio de Yoga"},"content":{"rendered":"\n<p class=\"wp-block-paragraph\"><\/p>\n\n\n\n<p class=\"wp-block-paragraph\">Xalapa, Ver., 1 de septiembre de 2026.- Como resultado de las acciones de investigaci\u00f3n y procuraci\u00f3n de justicia, la Fiscal\u00eda General del Estado, a trav\u00e9s de elementos de la Polic\u00eda Ministerial, cumpliment\u00f3 una orden de aprehensi\u00f3n en contra de Roberto \u201cN\u201d, por su presunta responsabilidad en los delitos de lesiones dolosas calificadas y robo.<\/p>\n\n\n\n<p class=\"wp-block-paragraph\">El mandamiento judicial fue ejecutado en el municipio de Coatepec, derivado de hechos ocurridos en la colonia Benito Ju\u00e1rez, sobre la carretera Xalapa-Coatepec, donde la v\u00edctima, propietaria de un establecimiento, presuntamente sorprendi\u00f3 a Roberto \u201cN\u201d cuando sustra\u00eda diversos objetos del lugar. Ante esta situaci\u00f3n, el ahora detenido presuntamente la agredi\u00f3 f\u00edsicamente y utiliz\u00f3 un arma blanca durante el ataque.<\/p>\n\n\n\n<p class=\"wp-block-paragraph\">Tras la ejecuci\u00f3n de la orden de aprehensi\u00f3n, Roberto \u201cN\u201d fue puesto a disposici\u00f3n de la autoridad judicial, quien, conforme a derecho, en el marco del debido proceso y con estricto respeto a sus derechos humanos, determinar\u00e1 su situaci\u00f3n jur\u00eddica en pr\u00f3xima audiencia inicial.<\/p>\n\n\n\n<p class=\"wp-block-paragraph\">La Fiscal\u00eda General del Estado reitera su compromiso de continuar dando seguimiento a las investigaciones hasta el esclarecimiento de los hechos y la determinaci\u00f3n de las responsabilidades correspondientes.<\/p>\n","protected":false},"excerpt":{"rendered":"<p>Xalapa, Ver., 1 de septiembre de 2026.- Como resultado de las acciones de investigaci\u00f3n y procuraci\u00f3n de justicia, la Fiscal\u00eda General del Estado, a trav\u00e9s de elementos de la Polic\u00eda Ministerial, cumpliment\u00f3 una orden de aprehensi\u00f3n en contra de Roberto \u201cN\u201d, por su presunta responsabilidad en los delitos de lesiones dolosas calificadas y robo. El&#8230; <\/p>\n<div class=\"clear\"><\/div>\n<p><a href=\"https:\/\/plumanegranoticias.com\/?p=15129\" class=\"excerpt-read-more\">Read More<i class=\"fa fa-caret-right icon-caret-right\"><\/i><\/a><\/p>\n","protected":false},"author":6,"featured_media":15128,"comment_status":"closed","ping_status":"open","sticky":false,"template":"","format":"standard","meta":{"om_disable_all_campaigns":false,"_monsterinsights_skip_tracking":false,"_uf_show_specific_survey":0,"_uf_disable_surveys":false,"footnotes":""},"categories":[1,16,67],"tags":[18,30,34],"class_list":["post-15129","post","type-post","status-publish","format-standard","has-post-thumbnail","hentry","category-blog","category-plumazos","category-policiaca","tag-noticia","tag-plumazos","tag-policiaca"],"aioseo_notices":[],"aioseo_head":"\n\t\t<!-- All in One SEO 5.0.0.1 - aioseo.com -->\n\t<meta name=\"description\" content=\"Xalapa, Ver., 1 de septiembre de 2026.- Como resultado de las acciones de investigaci\u00f3n y procuraci\u00f3n de justicia, la Fiscal\u00eda General del Estado, a trav\u00e9s de elementos de la Polic\u00eda Ministerial, cumpliment\u00f3 una orden de aprehensi\u00f3n en contra de Roberto \u201cN\u201d, por su presunta responsabilidad en los delitos de lesiones dolosas calificadas y robo. El\" \/>\n\t<meta name=\"robots\" content=\"max-image-preview:large\" \/>\n\t<meta name=\"author\" content=\"Sergio Ricardo Alonso Carrizales\"\/>\n\t<link rel=\"canonical\" href=\"https:\/\/plumanegranoticias.com\/?p=15129\" \/>\n\t<meta name=\"generator\" content=\"All in One SEO (AIOSEO) 5.0.0.1\" \/>\n\t\t<meta property=\"og:locale\" content=\"es_MX\" \/>\n\t\t<meta property=\"og:site_name\" content=\"plumanegranoticias.com -\" \/>\n\t\t<meta property=\"og:type\" content=\"article\" \/>\n\t\t<meta property=\"og:title\" content=\"En Coatepec, Polic\u00eda Ministerial aprehende a presunto responsable de robo en estudio de Yoga - plumanegranoticias.com\" \/>\n\t\t<meta property=\"og:description\" content=\"Xalapa, Ver., 1 de septiembre de 2026.- Como resultado de las acciones de investigaci\u00f3n y procuraci\u00f3n de justicia, la Fiscal\u00eda General del Estado, a trav\u00e9s de elementos de la Polic\u00eda Ministerial, cumpliment\u00f3 una orden de aprehensi\u00f3n en contra de Roberto \u201cN\u201d, por su presunta responsabilidad en los delitos de lesiones dolosas calificadas y robo. El\" \/>\n\t\t<meta property=\"og:url\" content=\"https:\/\/plumanegranoticias.com\/?p=15129\" \/>\n\t\t<meta property=\"article:published_time\" content=\"2026-09-01T17:25:08+00:00\" \/>\n\t\t<meta property=\"article:modified_time\" content=\"2026-09-01T17:25:08+00:00\" \/>\n\t\t<meta name=\"twitter:card\" content=\"summary_large_image\" \/>\n\t\t<meta name=\"twitter:title\" content=\"En Coatepec, Polic\u00eda Ministerial aprehende a presunto responsable de robo en estudio de Yoga - plumanegranoticias.com\" \/>\n\t\t<meta name=\"twitter:description\" content=\"Xalapa, Ver., 1 de septiembre de 2026.- Como resultado de las acciones de investigaci\u00f3n y procuraci\u00f3n de justicia, la Fiscal\u00eda General del Estado, a trav\u00e9s de elementos de la Polic\u00eda Ministerial, cumpliment\u00f3 una orden de aprehensi\u00f3n en contra de Roberto \u201cN\u201d, por su presunta responsabilidad en los delitos de lesiones dolosas calificadas y robo. El\" \/>\n\t\t<script type=\"application\/ld+json\" class=\"aioseo-schema\">\n\t\t\t{\"@context\":\"https:\\\/\\\/schema.org\",\"@graph\":[{\"@type\":\"BlogPosting\",\"@id\":\"https:\\\/\\\/plumanegranoticias.com\\\/?p=15129#blogposting\",\"name\":\"En Coatepec, Polic\\u00eda Ministerial aprehende a presunto responsable de robo en estudio de Yoga - plumanegranoticias.com\",\"headline\":\"En Coatepec, Polic\\u00eda Ministerial aprehende a presunto responsable de robo en estudio de Yoga\",\"author\":{\"@id\":\"https:\\\/\\\/plumanegranoticias.com\\\/?author=6#author\"},\"publisher\":{\"@id\":\"https:\\\/\\\/plumanegranoticias.com\\\/#organization\"},\"image\":{\"@type\":\"ImageObject\",\"url\":\"https:\\\/\\\/plumanegranoticias.com\\\/wp-content\\\/uploads\\\/2026\\\/09\\\/90401c40-b02c-4e3c-ad89-1905e1ccc51e.jpeg\",\"width\":1200,\"height\":1200},\"datePublished\":\"2026-09-01T11:25:08-06:00\",\"dateModified\":\"2026-09-01T11:25:08-06:00\",\"inLanguage\":\"es-MX\",\"mainEntityOfPage\":{\"@id\":\"https:\\\/\\\/plumanegranoticias.com\\\/?p=15129#webpage\"},\"isPartOf\":{\"@id\":\"https:\\\/\\\/plumanegranoticias.com\\\/?p=15129#webpage\"},\"articleSection\":\"Blog, Plumazos, policiaca, Noticia, Plumazos, Policiaca\"},{\"@type\":\"BreadcrumbList\",\"@id\":\"https:\\\/\\\/plumanegranoticias.com\\\/?p=15129#breadcrumblist\",\"itemListElement\":[{\"@type\":\"ListItem\",\"@id\":\"https:\\\/\\\/plumanegranoticias.com#listItem\",\"position\":1,\"name\":\"Home\",\"item\":\"https:\\\/\\\/plumanegranoticias.com\",\"nextItem\":{\"@type\":\"ListItem\",\"@id\":\"https:\\\/\\\/plumanegranoticias.com\\\/?cat=1#listItem\",\"name\":\"Blog\"}},{\"@type\":\"ListItem\",\"@id\":\"https:\\\/\\\/plumanegranoticias.com\\\/?cat=1#listItem\",\"position\":2,\"name\":\"Blog\",\"item\":\"https:\\\/\\\/plumanegranoticias.com\\\/?cat=1\",\"nextItem\":{\"@type\":\"ListItem\",\"@id\":\"https:\\\/\\\/plumanegranoticias.com\\\/?p=15129#listItem\",\"name\":\"En Coatepec, Polic\\u00eda Ministerial aprehende a presunto responsable de robo en estudio de Yoga\"},\"previousItem\":{\"@type\":\"ListItem\",\"@id\":\"https:\\\/\\\/plumanegranoticias.com#listItem\",\"name\":\"Home\"}},{\"@type\":\"ListItem\",\"@id\":\"https:\\\/\\\/plumanegranoticias.com\\\/?p=15129#listItem\",\"position\":3,\"name\":\"En Coatepec, Polic\\u00eda Ministerial aprehende a presunto responsable de robo en estudio de Yoga\",\"previousItem\":{\"@type\":\"ListItem\",\"@id\":\"https:\\\/\\\/plumanegranoticias.com\\\/?cat=1#listItem\",\"name\":\"Blog\"}}]},{\"@type\":\"Organization\",\"@id\":\"https:\\\/\\\/plumanegranoticias.com\\\/#organization\",\"name\":\"plumanegranoticias.com\",\"url\":\"https:\\\/\\\/plumanegranoticias.com\\\/\"},{\"@type\":\"Person\",\"@id\":\"https:\\\/\\\/plumanegranoticias.com\\\/?author=6#author\",\"url\":\"https:\\\/\\\/plumanegranoticias.com\\\/?author=6\",\"name\":\"Sergio Ricardo Alonso Carrizales\",\"image\":{\"@type\":\"ImageObject\",\"@id\":\"https:\\\/\\\/plumanegranoticias.com\\\/?p=15129#authorImage\",\"url\":\"https:\\\/\\\/secure.gravatar.com\\\/avatar\\\/4a2109b4c1db10373767b38e9de5044c15288afe263d87faf7256dffb8a9285f?s=96&d=mm&r=g\",\"width\":96,\"height\":96,\"caption\":\"Sergio Ricardo Alonso Carrizales\"}},{\"@type\":\"WebPage\",\"@id\":\"https:\\\/\\\/plumanegranoticias.com\\\/?p=15129#webpage\",\"url\":\"https:\\\/\\\/plumanegranoticias.com\\\/?p=15129\",\"name\":\"En Coatepec, Polic\\u00eda Ministerial aprehende a presunto responsable de robo en estudio de Yoga - plumanegranoticias.com\",\"description\":\"Xalapa, Ver., 1 de septiembre de 2026.- Como resultado de las acciones de investigaci\\u00f3n y procuraci\\u00f3n de justicia, la Fiscal\\u00eda General del Estado, a trav\\u00e9s de elementos de la Polic\\u00eda Ministerial, cumpliment\\u00f3 una orden de aprehensi\\u00f3n en contra de Roberto \\u201cN\\u201d, por su presunta responsabilidad en los delitos de lesiones dolosas calificadas y robo. El\",\"inLanguage\":\"es-MX\",\"isPartOf\":{\"@id\":\"https:\\\/\\\/plumanegranoticias.com\\\/#website\"},\"breadcrumb\":{\"@id\":\"https:\\\/\\\/plumanegranoticias.com\\\/?p=15129#breadcrumblist\"},\"author\":{\"@id\":\"https:\\\/\\\/plumanegranoticias.com\\\/?author=6#author\"},\"creator\":{\"@id\":\"https:\\\/\\\/plumanegranoticias.com\\\/?author=6#author\"},\"image\":{\"@type\":\"ImageObject\",\"url\":\"https:\\\/\\\/plumanegranoticias.com\\\/wp-content\\\/uploads\\\/2026\\\/09\\\/90401c40-b02c-4e3c-ad89-1905e1ccc51e.jpeg\",\"@id\":\"https:\\\/\\\/plumanegranoticias.com\\\/?p=15129\\\/#mainImage\",\"width\":1200,\"height\":1200},\"primaryImageOfPage\":{\"@id\":\"https:\\\/\\\/plumanegranoticias.com\\\/?p=15129#mainImage\"},\"datePublished\":\"2026-09-01T11:25:08-06:00\",\"dateModified\":\"2026-09-01T11:25:08-06:00\"},{\"@type\":\"WebSite\",\"@id\":\"https:\\\/\\\/plumanegranoticias.com\\\/#website\",\"url\":\"https:\\\/\\\/plumanegranoticias.com\\\/\",\"name\":\"plumanegranoticias.com\",\"inLanguage\":\"es-MX\",\"publisher\":{\"@id\":\"https:\\\/\\\/plumanegranoticias.com\\\/#organization\"}}]}\n\t\t<\/script>\n\t\t<!-- All in One SEO -->\n\n","aioseo_head_json":{"title":"En Coatepec, Polic\u00eda Ministerial aprehende a presunto responsable de robo en estudio de Yoga - plumanegranoticias.com","description":"Xalapa, Ver., 1 de septiembre de 2026.- Como resultado de las acciones de investigaci\u00f3n y procuraci\u00f3n de justicia, la Fiscal\u00eda General del Estado, a trav\u00e9s de elementos de la Polic\u00eda Ministerial, cumpliment\u00f3 una orden de aprehensi\u00f3n en contra de Roberto \u201cN\u201d, por su presunta responsabilidad en los delitos de lesiones dolosas calificadas y robo. El","canonical_url":"https:\/\/plumanegranoticias.com\/?p=15129","robots":"max-image-preview:large","keywords":"","webmasterTools":{"miscellaneous":""},"schema":{"@context":"https:\/\/schema.org","@graph":[{"@type":"BlogPosting","@id":"https:\/\/plumanegranoticias.com\/?p=15129#blogposting","name":"En Coatepec, Polic\u00eda Ministerial aprehende a presunto responsable de robo en estudio de Yoga - plumanegranoticias.com","headline":"En Coatepec, Polic\u00eda Ministerial aprehende a presunto responsable de robo en estudio de Yoga","author":{"@id":"https:\/\/plumanegranoticias.com\/?author=6#author"},"publisher":{"@id":"https:\/\/plumanegranoticias.com\/#organization"},"image":{"@type":"ImageObject","url":"https:\/\/plumanegranoticias.com\/wp-content\/uploads\/2026\/09\/90401c40-b02c-4e3c-ad89-1905e1ccc51e.jpeg","width":1200,"height":1200},"datePublished":"2026-09-01T11:25:08-06:00","dateModified":"2026-09-01T11:25:08-06:00","inLanguage":"es-MX","mainEntityOfPage":{"@id":"https:\/\/plumanegranoticias.com\/?p=15129#webpage"},"isPartOf":{"@id":"https:\/\/plumanegranoticias.com\/?p=15129#webpage"},"articleSection":"Blog, Plumazos, policiaca, Noticia, Plumazos, Policiaca"},{"@type":"BreadcrumbList","@id":"https:\/\/plumanegranoticias.com\/?p=15129#breadcrumblist","itemListElement":[{"@type":"ListItem","@id":"https:\/\/plumanegranoticias.com#listItem","position":1,"name":"Home","item":"https:\/\/plumanegranoticias.com","nextItem":{"@type":"ListItem","@id":"https:\/\/plumanegranoticias.com\/?cat=1#listItem","name":"Blog"}},{"@type":"ListItem","@id":"https:\/\/plumanegranoticias.com\/?cat=1#listItem","position":2,"name":"Blog","item":"https:\/\/plumanegranoticias.com\/?cat=1","nextItem":{"@type":"ListItem","@id":"https:\/\/plumanegranoticias.com\/?p=15129#listItem","name":"En Coatepec, Polic\u00eda Ministerial aprehende a presunto responsable de robo en estudio de Yoga"},"previousItem":{"@type":"ListItem","@id":"https:\/\/plumanegranoticias.com#listItem","name":"Home"}},{"@type":"ListItem","@id":"https:\/\/plumanegranoticias.com\/?p=15129#listItem","position":3,"name":"En Coatepec, Polic\u00eda Ministerial aprehende a presunto responsable de robo en estudio de Yoga","previousItem":{"@type":"ListItem","@id":"https:\/\/plumanegranoticias.com\/?cat=1#listItem","name":"Blog"}}]},{"@type":"Organization","@id":"https:\/\/plumanegranoticias.com\/#organization","name":"plumanegranoticias.com","url":"https:\/\/plumanegranoticias.com\/"},{"@type":"Person","@id":"https:\/\/plumanegranoticias.com\/?author=6#author","url":"https:\/\/plumanegranoticias.com\/?author=6","name":"Sergio Ricardo Alonso Carrizales","image":{"@type":"ImageObject","@id":"https:\/\/plumanegranoticias.com\/?p=15129#authorImage","url":"https:\/\/secure.gravatar.com\/avatar\/4a2109b4c1db10373767b38e9de5044c15288afe263d87faf7256dffb8a9285f?s=96&d=mm&r=g","width":96,"height":96,"caption":"Sergio Ricardo Alonso Carrizales"}},{"@type":"WebPage","@id":"https:\/\/plumanegranoticias.com\/?p=15129#webpage","url":"https:\/\/plumanegranoticias.com\/?p=15129","name":"En Coatepec, Polic\u00eda Ministerial aprehende a presunto responsable de robo en estudio de Yoga - plumanegranoticias.com","description":"Xalapa, Ver., 1 de septiembre de 2026.- Como resultado de las acciones de investigaci\u00f3n y procuraci\u00f3n de justicia, la Fiscal\u00eda General del Estado, a trav\u00e9s de elementos de la Polic\u00eda Ministerial, cumpliment\u00f3 una orden de aprehensi\u00f3n en contra de Roberto \u201cN\u201d, por su presunta responsabilidad en los delitos de lesiones dolosas calificadas y robo. El","inLanguage":"es-MX","isPartOf":{"@id":"https:\/\/plumanegranoticias.com\/#website"},"breadcrumb":{"@id":"https:\/\/plumanegranoticias.com\/?p=15129#breadcrumblist"},"author":{"@id":"https:\/\/plumanegranoticias.com\/?author=6#author"},"creator":{"@id":"https:\/\/plumanegranoticias.com\/?author=6#author"},"image":{"@type":"ImageObject","url":"https:\/\/plumanegranoticias.com\/wp-content\/uploads\/2026\/09\/90401c40-b02c-4e3c-ad89-1905e1ccc51e.jpeg","@id":"https:\/\/plumanegranoticias.com\/?p=15129\/#mainImage","width":1200,"height":1200},"primaryImageOfPage":{"@id":"https:\/\/plumanegranoticias.com\/?p=15129#mainImage"},"datePublished":"2026-09-01T11:25:08-06:00","dateModified":"2026-09-01T11:25:08-06:00"},{"@type":"WebSite","@id":"https:\/\/plumanegranoticias.com\/#website","url":"https:\/\/plumanegranoticias.com\/","name":"plumanegranoticias.com","inLanguage":"es-MX","publisher":{"@id":"https:\/\/plumanegranoticias.com\/#organization"}}]},"og:locale":"es_MX","og:site_name":"plumanegranoticias.com -","og:type":"article","og:title":"En Coatepec, Polic\u00eda Ministerial aprehende a presunto responsable de robo en estudio de Yoga - plumanegranoticias.com","og:description":"Xalapa, Ver., 1 de septiembre de 2026.- Como resultado de las acciones de investigaci\u00f3n y procuraci\u00f3n de justicia, la Fiscal\u00eda General del Estado, a trav\u00e9s de elementos de la Polic\u00eda Ministerial, cumpliment\u00f3 una orden de aprehensi\u00f3n en contra de Roberto \u201cN\u201d, por su presunta responsabilidad en los delitos de lesiones dolosas calificadas y robo. El","og:url":"https:\/\/plumanegranoticias.com\/?p=15129","article:published_time":"2026-09-01T17:25:08+00:00","article:modified_time":"2026-09-01T17:25:08+00:00","twitter:card":"summary_large_image","twitter:title":"En Coatepec, Polic\u00eda Ministerial aprehende a presunto responsable de robo en estudio de Yoga - plumanegranoticias.com","twitter:description":"Xalapa, Ver., 1 de septiembre de 2026.- Como resultado de las acciones de investigaci\u00f3n y procuraci\u00f3n de justicia, la Fiscal\u00eda General del Estado, a trav\u00e9s de elementos de la Polic\u00eda Ministerial, cumpliment\u00f3 una orden de aprehensi\u00f3n en contra de Roberto \u201cN\u201d, por su presunta responsabilidad en los delitos de lesiones dolosas calificadas y robo. El"},"aioseo_meta_data":[],"aioseo_breadcrumb":"<div class=\"aioseo-breadcrumbs\"><span class=\"aioseo-breadcrumb\">\n\t\t\t<a href=\"https:\/\/plumanegranoticias.com\" title=\"Home\">Home<\/a>\n\t\t<\/span><span class=\"aioseo-breadcrumb-separator\">&raquo;<\/span><span class=\"aioseo-breadcrumb\">\n\t\t\t<a href=\"https:\/\/plumanegranoticias.com\/?cat=1\" title=\"Blog\">Blog<\/a>\n\t\t<\/span><span class=\"aioseo-breadcrumb-separator\">&raquo;<\/span><span class=\"aioseo-breadcrumb\">\n\t\t\tEn Coatepec, Polic\u00eda Ministerial aprehende a presunto responsable de robo en estudio de Yoga\n\t\t<\/span><\/div>","aioseo_breadcrumb_json":[{"label":"Home","link":"https:\/\/plumanegranoticias.com"},{"label":"Blog","link":"https:\/\/plumanegranoticias.com\/?cat=1"},{"label":"En Coatepec, Polic\u00eda Ministerial aprehende a presunto responsable de robo en estudio de Yoga","link":"https:\/\/plumanegranoticias.com\/?p=15129"}],"_links":{"self":[{"href":"https:\/\/plumanegranoticias.com\/index.php?rest_route=\/wp\/v2\/posts\/15129","targetHints":{"allow":["GET"]}}],"collection":[{"href":"https:\/\/plumanegranoticias.com\/index.php?rest_route=\/wp\/v2\/posts"}],"about":[{"href":"https:\/\/plumanegranoticias.com\/index.php?rest_route=\/wp\/v2\/types\/post"}],"author":[{"embeddable":true,"href":"https:\/\/plumanegranoticias.com\/index.php?rest_route=\/wp\/v2\/users\/6"}],"replies":[{"embeddable":true,"href":"https:\/\/plumanegranoticias.com\/index.php?rest_route=%2Fwp%2Fv2%2Fcomments&post=15129"}],"version-history":[{"count":1,"href":"https:\/\/plumanegranoticias.com\/index.php?rest_route=\/wp\/v2\/posts\/15129\/revisions"}],"predecessor-version":[{"id":15130,"href":"https:\/\/plumanegranoticias.com\/index.php?rest_route=\/wp\/v2\/posts\/15129\/revisions\/15130"}],"wp:featuredmedia":[{"embeddable":true,"href":"https:\/\/plumanegranoticias.com\/index.php?rest_route=\/wp\/v2\/media\/15128"}],"wp:attachment":[{"href":"https:\/\/plumanegranoticias.com\/index.php?rest_route=%2Fwp%2Fv2%2Fmedia&parent=15129"}],"wp:term":[{"taxonomy":"category","embeddable":true,"href":"https:\/\/plumanegranoticias.com\/index.php?rest_route=%2Fwp%2Fv2%2Fcategories&post=15129"},{"taxonomy":"post_tag","embeddable":true,"href":"https:\/\/plumanegranoticias.com\/index.php?rest_route=%2Fwp%2Fv2%2Ftags&post=15129"}],"curies":[{"name":"wp","href":"https:\/\/api.w.org\/{rel}","templated":true}]}}