{"id":15143,"date":"2026-09-01T12:31:36","date_gmt":"2026-09-01T18:31:36","guid":{"rendered":"https:\/\/plumanegranoticias.com\/?p=15143"},"modified":"2026-09-01T12:31:36","modified_gmt":"2026-09-01T18:31:36","slug":"menor-de-edad-fallece-en-conecalli-la-directora-se-molesta-por-preguntas-de-reporteros","status":"publish","type":"post","link":"https:\/\/plumanegranoticias.com\/?p=15143","title":{"rendered":"Menor de edad fallece en Conecalli, la directora se molesta por preguntas de reporteros"},"content":{"rendered":"\n<p class=\"wp-block-paragraph\"><\/p>\n\n\n\n<p class=\"wp-block-paragraph\">-Neg\u00f3 que haya ganado m\u00e1s de cien mil pesos mensuales, desmiente informaci\u00f3n de Transparencia<\/p>\n\n\n\n<p class=\"wp-block-paragraph\">\u00c1ngeles Gonz\u00e1lez Ceballos<br>Xalapa, Ver. La directora del DIF Estatal, Clara Mora Ju\u00e1rez, confirm\u00f3 el fallecimiento de un menor de edad al interior de la casa asistencia &#8220;Conecalli&#8221;, ubicada en esta ciudad capital.<\/p>\n\n\n\n<p class=\"wp-block-paragraph\">Entrevistada al concluir la guardia de honor al Padre de la Patria, Miguel Hidalgo, se molest\u00f3 por la pregunta, ya que trascendi\u00f3 que han fallecido no s\u00f3lo uno, sino varios.<\/p>\n\n\n\n<p class=\"wp-block-paragraph\">\u201cMire, no son varios ni\u00f1os para empezar, eso es mentira. Desgraciadamente\u2026 \u00bfme permite?, por favor\u2026 Desgraciadamente son ni\u00f1os que est\u00e1n enfermos en algunas ocasiones\u201d, expres\u00f3.<\/p>\n\n\n\n<p class=\"wp-block-paragraph\">Ah\u00ed, confirm\u00f3 el caso de un menor de entre 10 y 12 a\u00f1os quien seg\u00fan la funcionaria ten\u00eda un padecimiento previo, pero se contradijo.<\/p>\n\n\n\n<p class=\"wp-block-paragraph\">Y es que primero afirm\u00f3 que la madre se lo hab\u00eda llevado y luego que s\u00ed muri\u00f3 dentro de Conecalli a causa de un paro respiratorio.<\/p>\n\n\n\n<p class=\"wp-block-paragraph\">\u201cBueno, s\u00ed muri\u00f3 adentro de Conecalli, pero pues porque ten\u00eda\u2026 eso nos pasa, \u00bfcu\u00e1ntas personas no nos morimos dentro de la\u2026?\u201d, respondi\u00f3 visiblemente molesta por los cuestionamientos de la prensa.<\/p>\n\n\n\n<p class=\"wp-block-paragraph\">La directora del DIF reconoci\u00f3 que el menor falleci\u00f3 a consecuencia de un paro respiratorio, pero sostuvo que s\u00ed cont\u00f3 con atenci\u00f3n m\u00e9dica oportuna.<\/p>\n\n\n\n<p class=\"wp-block-paragraph\">\u201cLe estoy explicando, ya le dije\u2026 le dio un paro\u2026 le dio un paro respiratorio. S\u00ed, siempre est\u00e1n atendidos, tenemos mucho personal atendiendo. Pueden ir ustedes a visitarnos cuando gusten\u2026\u201d, ofreci\u00f3.<\/p>\n\n\n\n<p class=\"wp-block-paragraph\">Por otra parte, sobre su salario supuestamente superior a los cien mil pesos mensuales hasta el primer trimestre de este a\u00f1o, con base en la Plataforma Nacional de Transparencia, neg\u00f3 que eso sea cierto.<\/p>\n\n\n\n<p class=\"wp-block-paragraph\">&#8220;Mire, la verdad yo me siento tranquila a ese respecto porque yo trabajo en territorio y trabajo desde el coraz\u00f3n y lo que\u2026 \u00bfMe permite tantito, se\u00f1orita?<\/p>\n\n\n\n<p class=\"wp-block-paragraph\">No, no, no me estoy enojando, es que estoy hablando y usted no me est\u00e1\u2026 Es que le estoy hablando y usted me est\u00e1 interrumpiendo\u201d, manifest\u00f3.<\/p>\n\n\n\n<p class=\"wp-block-paragraph\">Ah\u00ed, desminti\u00f3 los datos oficiales exhibidos por su propia \u00e1rea de Transparencia.<\/p>\n\n\n\n<p class=\"wp-block-paragraph\">\u201cLe estoy diciendo, esa es una nota falsa. Ch\u00e9quela bien, rev\u00edsenla bien y se dan cuenta\u2026 No, nunca he ganado eso.<\/p>\n\n\n\n<p class=\"wp-block-paragraph\">Disc\u00falpeme, pero nunca he ganado m\u00e1s de eso\u201d, sostuvo.<\/p>\n\n\n\n<p class=\"wp-block-paragraph\">Cuestionada sobre los datos que figuran en los portales p\u00fablicos de su administraci\u00f3n, la funcionaria dijo: \u201cpues la voy a checar porque s\u00ed est\u00e1n equivocados. Yo no gano\u2026\u201d.<\/p>\n\n\n\n<p class=\"wp-block-paragraph\">Al finalizar la entrevista una de sus subordinadas le dijo a los reporteros que fueran respetuosos con su jefa.<\/p>\n\n\n\n<p class=\"wp-block-paragraph\">\u201cSean respetuosos\u201d, exigi\u00f3.<\/p>\n\n\n\n<figure class=\"wp-block-image size-large\"><img loading=\"lazy\" decoding=\"async\" width=\"1024\" height=\"836\" src=\"https:\/\/plumanegranoticias.com\/wp-content\/uploads\/2026\/09\/b773559c-46e9-41b4-88f0-c0eff6c742d2-1024x836.jpeg\" class=\"wp-image-15140\" srcset=\"https:\/\/plumanegranoticias.com\/wp-content\/uploads\/2026\/09\/b773559c-46e9-41b4-88f0-c0eff6c742d2-1024x836.jpeg 1024w, https:\/\/plumanegranoticias.com\/wp-content\/uploads\/2026\/09\/b773559c-46e9-41b4-88f0-c0eff6c742d2-300x245.jpeg 300w, https:\/\/plumanegranoticias.com\/wp-content\/uploads\/2026\/09\/b773559c-46e9-41b4-88f0-c0eff6c742d2-768x627.jpeg 768w, https:\/\/plumanegranoticias.com\/wp-content\/uploads\/2026\/09\/b773559c-46e9-41b4-88f0-c0eff6c742d2.jpeg 1280w\" sizes=\"auto, (max-width: 1024px) 100vw, 1024px\" \/><\/figure>\n\n\n\n<figure class=\"wp-block-video\"><video height=\"560\" style=\"aspect-ratio: 1280 \/ 560;\" width=\"1280\" controls src=\"https:\/\/plumanegranoticias.com\/wp-content\/uploads\/2026\/09\/0516a814-c5d3-4a08-92ae-f09c4ab11089.mp4\"><\/video><\/figure>\n\n\n\n<p class=\"wp-block-paragraph\"><\/p>\n","protected":false},"excerpt":{"rendered":"<p>-Neg\u00f3 que haya ganado m\u00e1s de cien mil pesos mensuales, desmiente informaci\u00f3n de Transparencia \u00c1ngeles Gonz\u00e1lez CeballosXalapa, Ver. La directora del DIF Estatal, Clara Mora Ju\u00e1rez, confirm\u00f3 el fallecimiento de un menor de edad al interior de la casa asistencia &#8220;Conecalli&#8221;, ubicada en esta ciudad capital. Entrevistada al concluir la guardia de honor al Padre&#8230; <\/p>\n<div class=\"clear\"><\/div>\n<p><a href=\"https:\/\/plumanegranoticias.com\/?p=15143\" class=\"excerpt-read-more\">Read More<i class=\"fa fa-caret-right icon-caret-right\"><\/i><\/a><\/p>\n","protected":false},"author":6,"featured_media":15142,"comment_status":"closed","ping_status":"open","sticky":false,"template":"","format":"standard","meta":{"om_disable_all_campaigns":false,"_monsterinsights_skip_tracking":false,"_uf_show_specific_survey":0,"_uf_disable_surveys":false,"footnotes":""},"categories":[1,16],"tags":[20,18,30],"class_list":["post-15143","post","type-post","status-publish","format-standard","has-post-thumbnail","hentry","category-blog","category-plumazos","tag-negocios","tag-noticia","tag-plumazos"],"aioseo_notices":[],"aioseo_head":"\n\t\t<!-- All in One SEO 5.0.0.1 - aioseo.com -->\n\t<meta name=\"description\" content=\"-Neg\u00f3 que haya ganado m\u00e1s de cien mil pesos mensuales, desmiente informaci\u00f3n de Transparencia \u00c1ngeles Gonz\u00e1lez CeballosXalapa, Ver. La directora del DIF Estatal, Clara Mora Ju\u00e1rez, confirm\u00f3 el fallecimiento de un menor de edad al interior de la casa asistencia &quot;Conecalli&quot;, ubicada en esta ciudad capital. Entrevistada al concluir la guardia de honor al Padre\" \/>\n\t<meta name=\"robots\" content=\"max-image-preview:large\" \/>\n\t<meta name=\"author\" content=\"Sergio Ricardo Alonso Carrizales\"\/>\n\t<link rel=\"canonical\" href=\"https:\/\/plumanegranoticias.com\/?p=15143\" \/>\n\t<meta name=\"generator\" content=\"All in One SEO (AIOSEO) 5.0.0.1\" \/>\n\t\t<meta property=\"og:locale\" content=\"es_MX\" \/>\n\t\t<meta property=\"og:site_name\" content=\"plumanegranoticias.com -\" \/>\n\t\t<meta property=\"og:type\" content=\"article\" \/>\n\t\t<meta property=\"og:title\" content=\"Menor de edad fallece en Conecalli, la directora se molesta por preguntas de reporteros - plumanegranoticias.com\" \/>\n\t\t<meta property=\"og:description\" content=\"-Neg\u00f3 que haya ganado m\u00e1s de cien mil pesos mensuales, desmiente informaci\u00f3n de Transparencia \u00c1ngeles Gonz\u00e1lez CeballosXalapa, Ver. La directora del DIF Estatal, Clara Mora Ju\u00e1rez, confirm\u00f3 el fallecimiento de un menor de edad al interior de la casa asistencia &quot;Conecalli&quot;, ubicada en esta ciudad capital. Entrevistada al concluir la guardia de honor al Padre\" \/>\n\t\t<meta property=\"og:url\" content=\"https:\/\/plumanegranoticias.com\/?p=15143\" \/>\n\t\t<meta property=\"article:published_time\" content=\"2026-09-01T18:31:36+00:00\" \/>\n\t\t<meta property=\"article:modified_time\" content=\"2026-09-01T18:31:36+00:00\" \/>\n\t\t<meta name=\"twitter:card\" content=\"summary_large_image\" \/>\n\t\t<meta name=\"twitter:title\" content=\"Menor de edad fallece en Conecalli, la directora se molesta por preguntas de reporteros - plumanegranoticias.com\" \/>\n\t\t<meta name=\"twitter:description\" content=\"-Neg\u00f3 que haya ganado m\u00e1s de cien mil pesos mensuales, desmiente informaci\u00f3n de Transparencia \u00c1ngeles Gonz\u00e1lez CeballosXalapa, Ver. La directora del DIF Estatal, Clara Mora Ju\u00e1rez, confirm\u00f3 el fallecimiento de un menor de edad al interior de la casa asistencia &quot;Conecalli&quot;, ubicada en esta ciudad capital. Entrevistada al concluir la guardia de honor al Padre\" \/>\n\t\t<script type=\"application\/ld+json\" class=\"aioseo-schema\">\n\t\t\t{\"@context\":\"https:\\\/\\\/schema.org\",\"@graph\":[{\"@type\":\"BlogPosting\",\"@id\":\"https:\\\/\\\/plumanegranoticias.com\\\/?p=15143#blogposting\",\"name\":\"Menor de edad fallece en Conecalli, la directora se molesta por preguntas de reporteros - plumanegranoticias.com\",\"headline\":\"Menor de edad fallece en Conecalli, la directora se molesta por preguntas de reporteros\",\"author\":{\"@id\":\"https:\\\/\\\/plumanegranoticias.com\\\/?author=6#author\"},\"publisher\":{\"@id\":\"https:\\\/\\\/plumanegranoticias.com\\\/#organization\"},\"image\":{\"@type\":\"ImageObject\",\"url\":\"https:\\\/\\\/plumanegranoticias.com\\\/wp-content\\\/uploads\\\/2026\\\/09\\\/52990c16-bd53-435e-9f80-ba26f000ff2f.jpeg\",\"width\":1280,\"height\":810},\"datePublished\":\"2026-09-01T12:31:36-06:00\",\"dateModified\":\"2026-09-01T12:31:36-06:00\",\"inLanguage\":\"es-MX\",\"mainEntityOfPage\":{\"@id\":\"https:\\\/\\\/plumanegranoticias.com\\\/?p=15143#webpage\"},\"isPartOf\":{\"@id\":\"https:\\\/\\\/plumanegranoticias.com\\\/?p=15143#webpage\"},\"articleSection\":\"Blog, Plumazos, Negocios, Noticia, Plumazos\"},{\"@type\":\"BreadcrumbList\",\"@id\":\"https:\\\/\\\/plumanegranoticias.com\\\/?p=15143#breadcrumblist\",\"itemListElement\":[{\"@type\":\"ListItem\",\"@id\":\"https:\\\/\\\/plumanegranoticias.com#listItem\",\"position\":1,\"name\":\"Home\",\"item\":\"https:\\\/\\\/plumanegranoticias.com\",\"nextItem\":{\"@type\":\"ListItem\",\"@id\":\"https:\\\/\\\/plumanegranoticias.com\\\/?cat=1#listItem\",\"name\":\"Blog\"}},{\"@type\":\"ListItem\",\"@id\":\"https:\\\/\\\/plumanegranoticias.com\\\/?cat=1#listItem\",\"position\":2,\"name\":\"Blog\",\"item\":\"https:\\\/\\\/plumanegranoticias.com\\\/?cat=1\",\"nextItem\":{\"@type\":\"ListItem\",\"@id\":\"https:\\\/\\\/plumanegranoticias.com\\\/?p=15143#listItem\",\"name\":\"Menor de edad fallece en Conecalli, la directora se molesta por preguntas de reporteros\"},\"previousItem\":{\"@type\":\"ListItem\",\"@id\":\"https:\\\/\\\/plumanegranoticias.com#listItem\",\"name\":\"Home\"}},{\"@type\":\"ListItem\",\"@id\":\"https:\\\/\\\/plumanegranoticias.com\\\/?p=15143#listItem\",\"position\":3,\"name\":\"Menor de edad fallece en Conecalli, la directora se molesta por preguntas de reporteros\",\"previousItem\":{\"@type\":\"ListItem\",\"@id\":\"https:\\\/\\\/plumanegranoticias.com\\\/?cat=1#listItem\",\"name\":\"Blog\"}}]},{\"@type\":\"Organization\",\"@id\":\"https:\\\/\\\/plumanegranoticias.com\\\/#organization\",\"name\":\"plumanegranoticias.com\",\"url\":\"https:\\\/\\\/plumanegranoticias.com\\\/\"},{\"@type\":\"Person\",\"@id\":\"https:\\\/\\\/plumanegranoticias.com\\\/?author=6#author\",\"url\":\"https:\\\/\\\/plumanegranoticias.com\\\/?author=6\",\"name\":\"Sergio Ricardo Alonso Carrizales\",\"image\":{\"@type\":\"ImageObject\",\"@id\":\"https:\\\/\\\/plumanegranoticias.com\\\/?p=15143#authorImage\",\"url\":\"https:\\\/\\\/secure.gravatar.com\\\/avatar\\\/4a2109b4c1db10373767b38e9de5044c15288afe263d87faf7256dffb8a9285f?s=96&d=mm&r=g\",\"width\":96,\"height\":96,\"caption\":\"Sergio Ricardo Alonso Carrizales\"}},{\"@type\":\"WebPage\",\"@id\":\"https:\\\/\\\/plumanegranoticias.com\\\/?p=15143#webpage\",\"url\":\"https:\\\/\\\/plumanegranoticias.com\\\/?p=15143\",\"name\":\"Menor de edad fallece en Conecalli, la directora se molesta por preguntas de reporteros - plumanegranoticias.com\",\"description\":\"-Neg\\u00f3 que haya ganado m\\u00e1s de cien mil pesos mensuales, desmiente informaci\\u00f3n de Transparencia \\u00c1ngeles Gonz\\u00e1lez CeballosXalapa, Ver. La directora del DIF Estatal, Clara Mora Ju\\u00e1rez, confirm\\u00f3 el fallecimiento de un menor de edad al interior de la casa asistencia \\\"Conecalli\\\", ubicada en esta ciudad capital. Entrevistada al concluir la guardia de honor al Padre\",\"inLanguage\":\"es-MX\",\"isPartOf\":{\"@id\":\"https:\\\/\\\/plumanegranoticias.com\\\/#website\"},\"breadcrumb\":{\"@id\":\"https:\\\/\\\/plumanegranoticias.com\\\/?p=15143#breadcrumblist\"},\"author\":{\"@id\":\"https:\\\/\\\/plumanegranoticias.com\\\/?author=6#author\"},\"creator\":{\"@id\":\"https:\\\/\\\/plumanegranoticias.com\\\/?author=6#author\"},\"image\":{\"@type\":\"ImageObject\",\"url\":\"https:\\\/\\\/plumanegranoticias.com\\\/wp-content\\\/uploads\\\/2026\\\/09\\\/52990c16-bd53-435e-9f80-ba26f000ff2f.jpeg\",\"@id\":\"https:\\\/\\\/plumanegranoticias.com\\\/?p=15143\\\/#mainImage\",\"width\":1280,\"height\":810},\"primaryImageOfPage\":{\"@id\":\"https:\\\/\\\/plumanegranoticias.com\\\/?p=15143#mainImage\"},\"datePublished\":\"2026-09-01T12:31:36-06:00\",\"dateModified\":\"2026-09-01T12:31:36-06:00\"},{\"@type\":\"WebSite\",\"@id\":\"https:\\\/\\\/plumanegranoticias.com\\\/#website\",\"url\":\"https:\\\/\\\/plumanegranoticias.com\\\/\",\"name\":\"plumanegranoticias.com\",\"inLanguage\":\"es-MX\",\"publisher\":{\"@id\":\"https:\\\/\\\/plumanegranoticias.com\\\/#organization\"}}]}\n\t\t<\/script>\n\t\t<!-- All in One SEO -->\n\n","aioseo_head_json":{"title":"Menor de edad fallece en Conecalli, la directora se molesta por preguntas de reporteros - plumanegranoticias.com","description":"-Neg\u00f3 que haya ganado m\u00e1s de cien mil pesos mensuales, desmiente informaci\u00f3n de Transparencia \u00c1ngeles Gonz\u00e1lez CeballosXalapa, Ver. La directora del DIF Estatal, Clara Mora Ju\u00e1rez, confirm\u00f3 el fallecimiento de un menor de edad al interior de la casa asistencia \"Conecalli\", ubicada en esta ciudad capital. Entrevistada al concluir la guardia de honor al Padre","canonical_url":"https:\/\/plumanegranoticias.com\/?p=15143","robots":"max-image-preview:large","keywords":"","webmasterTools":{"miscellaneous":""},"schema":{"@context":"https:\/\/schema.org","@graph":[{"@type":"BlogPosting","@id":"https:\/\/plumanegranoticias.com\/?p=15143#blogposting","name":"Menor de edad fallece en Conecalli, la directora se molesta por preguntas de reporteros - plumanegranoticias.com","headline":"Menor de edad fallece en Conecalli, la directora se molesta por preguntas de reporteros","author":{"@id":"https:\/\/plumanegranoticias.com\/?author=6#author"},"publisher":{"@id":"https:\/\/plumanegranoticias.com\/#organization"},"image":{"@type":"ImageObject","url":"https:\/\/plumanegranoticias.com\/wp-content\/uploads\/2026\/09\/52990c16-bd53-435e-9f80-ba26f000ff2f.jpeg","width":1280,"height":810},"datePublished":"2026-09-01T12:31:36-06:00","dateModified":"2026-09-01T12:31:36-06:00","inLanguage":"es-MX","mainEntityOfPage":{"@id":"https:\/\/plumanegranoticias.com\/?p=15143#webpage"},"isPartOf":{"@id":"https:\/\/plumanegranoticias.com\/?p=15143#webpage"},"articleSection":"Blog, Plumazos, Negocios, Noticia, Plumazos"},{"@type":"BreadcrumbList","@id":"https:\/\/plumanegranoticias.com\/?p=15143#breadcrumblist","itemListElement":[{"@type":"ListItem","@id":"https:\/\/plumanegranoticias.com#listItem","position":1,"name":"Home","item":"https:\/\/plumanegranoticias.com","nextItem":{"@type":"ListItem","@id":"https:\/\/plumanegranoticias.com\/?cat=1#listItem","name":"Blog"}},{"@type":"ListItem","@id":"https:\/\/plumanegranoticias.com\/?cat=1#listItem","position":2,"name":"Blog","item":"https:\/\/plumanegranoticias.com\/?cat=1","nextItem":{"@type":"ListItem","@id":"https:\/\/plumanegranoticias.com\/?p=15143#listItem","name":"Menor de edad fallece en Conecalli, la directora se molesta por preguntas de reporteros"},"previousItem":{"@type":"ListItem","@id":"https:\/\/plumanegranoticias.com#listItem","name":"Home"}},{"@type":"ListItem","@id":"https:\/\/plumanegranoticias.com\/?p=15143#listItem","position":3,"name":"Menor de edad fallece en Conecalli, la directora se molesta por preguntas de reporteros","previousItem":{"@type":"ListItem","@id":"https:\/\/plumanegranoticias.com\/?cat=1#listItem","name":"Blog"}}]},{"@type":"Organization","@id":"https:\/\/plumanegranoticias.com\/#organization","name":"plumanegranoticias.com","url":"https:\/\/plumanegranoticias.com\/"},{"@type":"Person","@id":"https:\/\/plumanegranoticias.com\/?author=6#author","url":"https:\/\/plumanegranoticias.com\/?author=6","name":"Sergio Ricardo Alonso Carrizales","image":{"@type":"ImageObject","@id":"https:\/\/plumanegranoticias.com\/?p=15143#authorImage","url":"https:\/\/secure.gravatar.com\/avatar\/4a2109b4c1db10373767b38e9de5044c15288afe263d87faf7256dffb8a9285f?s=96&d=mm&r=g","width":96,"height":96,"caption":"Sergio Ricardo Alonso Carrizales"}},{"@type":"WebPage","@id":"https:\/\/plumanegranoticias.com\/?p=15143#webpage","url":"https:\/\/plumanegranoticias.com\/?p=15143","name":"Menor de edad fallece en Conecalli, la directora se molesta por preguntas de reporteros - plumanegranoticias.com","description":"-Neg\u00f3 que haya ganado m\u00e1s de cien mil pesos mensuales, desmiente informaci\u00f3n de Transparencia \u00c1ngeles Gonz\u00e1lez CeballosXalapa, Ver. La directora del DIF Estatal, Clara Mora Ju\u00e1rez, confirm\u00f3 el fallecimiento de un menor de edad al interior de la casa asistencia \"Conecalli\", ubicada en esta ciudad capital. Entrevistada al concluir la guardia de honor al Padre","inLanguage":"es-MX","isPartOf":{"@id":"https:\/\/plumanegranoticias.com\/#website"},"breadcrumb":{"@id":"https:\/\/plumanegranoticias.com\/?p=15143#breadcrumblist"},"author":{"@id":"https:\/\/plumanegranoticias.com\/?author=6#author"},"creator":{"@id":"https:\/\/plumanegranoticias.com\/?author=6#author"},"image":{"@type":"ImageObject","url":"https:\/\/plumanegranoticias.com\/wp-content\/uploads\/2026\/09\/52990c16-bd53-435e-9f80-ba26f000ff2f.jpeg","@id":"https:\/\/plumanegranoticias.com\/?p=15143\/#mainImage","width":1280,"height":810},"primaryImageOfPage":{"@id":"https:\/\/plumanegranoticias.com\/?p=15143#mainImage"},"datePublished":"2026-09-01T12:31:36-06:00","dateModified":"2026-09-01T12:31:36-06:00"},{"@type":"WebSite","@id":"https:\/\/plumanegranoticias.com\/#website","url":"https:\/\/plumanegranoticias.com\/","name":"plumanegranoticias.com","inLanguage":"es-MX","publisher":{"@id":"https:\/\/plumanegranoticias.com\/#organization"}}]},"og:locale":"es_MX","og:site_name":"plumanegranoticias.com -","og:type":"article","og:title":"Menor de edad fallece en Conecalli, la directora se molesta por preguntas de reporteros - plumanegranoticias.com","og:description":"-Neg\u00f3 que haya ganado m\u00e1s de cien mil pesos mensuales, desmiente informaci\u00f3n de Transparencia \u00c1ngeles Gonz\u00e1lez CeballosXalapa, Ver. La directora del DIF Estatal, Clara Mora Ju\u00e1rez, confirm\u00f3 el fallecimiento de un menor de edad al interior de la casa asistencia &quot;Conecalli&quot;, ubicada en esta ciudad capital. Entrevistada al concluir la guardia de honor al Padre","og:url":"https:\/\/plumanegranoticias.com\/?p=15143","article:published_time":"2026-09-01T18:31:36+00:00","article:modified_time":"2026-09-01T18:31:36+00:00","twitter:card":"summary_large_image","twitter:title":"Menor de edad fallece en Conecalli, la directora se molesta por preguntas de reporteros - plumanegranoticias.com","twitter:description":"-Neg\u00f3 que haya ganado m\u00e1s de cien mil pesos mensuales, desmiente informaci\u00f3n de Transparencia \u00c1ngeles Gonz\u00e1lez CeballosXalapa, Ver. La directora del DIF Estatal, Clara Mora Ju\u00e1rez, confirm\u00f3 el fallecimiento de un menor de edad al interior de la casa asistencia &quot;Conecalli&quot;, ubicada en esta ciudad capital. Entrevistada al concluir la guardia de honor al Padre"},"aioseo_meta_data":[],"aioseo_breadcrumb":"<div class=\"aioseo-breadcrumbs\"><span class=\"aioseo-breadcrumb\">\n\t\t\t<a href=\"https:\/\/plumanegranoticias.com\" title=\"Home\">Home<\/a>\n\t\t<\/span><span class=\"aioseo-breadcrumb-separator\">&raquo;<\/span><span class=\"aioseo-breadcrumb\">\n\t\t\t<a href=\"https:\/\/plumanegranoticias.com\/?cat=1\" title=\"Blog\">Blog<\/a>\n\t\t<\/span><span class=\"aioseo-breadcrumb-separator\">&raquo;<\/span><span class=\"aioseo-breadcrumb\">\n\t\t\tMenor de edad fallece en Conecalli, la directora se molesta por preguntas de reporteros\n\t\t<\/span><\/div>","aioseo_breadcrumb_json":[{"label":"Home","link":"https:\/\/plumanegranoticias.com"},{"label":"Blog","link":"https:\/\/plumanegranoticias.com\/?cat=1"},{"label":"Menor de edad fallece en Conecalli, la directora se molesta por preguntas de reporteros","link":"https:\/\/plumanegranoticias.com\/?p=15143"}],"_links":{"self":[{"href":"https:\/\/plumanegranoticias.com\/index.php?rest_route=\/wp\/v2\/posts\/15143","targetHints":{"allow":["GET"]}}],"collection":[{"href":"https:\/\/plumanegranoticias.com\/index.php?rest_route=\/wp\/v2\/posts"}],"about":[{"href":"https:\/\/plumanegranoticias.com\/index.php?rest_route=\/wp\/v2\/types\/post"}],"author":[{"embeddable":true,"href":"https:\/\/plumanegranoticias.com\/index.php?rest_route=\/wp\/v2\/users\/6"}],"replies":[{"embeddable":true,"href":"https:\/\/plumanegranoticias.com\/index.php?rest_route=%2Fwp%2Fv2%2Fcomments&post=15143"}],"version-history":[{"count":1,"href":"https:\/\/plumanegranoticias.com\/index.php?rest_route=\/wp\/v2\/posts\/15143\/revisions"}],"predecessor-version":[{"id":15144,"href":"https:\/\/plumanegranoticias.com\/index.php?rest_route=\/wp\/v2\/posts\/15143\/revisions\/15144"}],"wp:featuredmedia":[{"embeddable":true,"href":"https:\/\/plumanegranoticias.com\/index.php?rest_route=\/wp\/v2\/media\/15142"}],"wp:attachment":[{"href":"https:\/\/plumanegranoticias.com\/index.php?rest_route=%2Fwp%2Fv2%2Fmedia&parent=15143"}],"wp:term":[{"taxonomy":"category","embeddable":true,"href":"https:\/\/plumanegranoticias.com\/index.php?rest_route=%2Fwp%2Fv2%2Fcategories&post=15143"},{"taxonomy":"post_tag","embeddable":true,"href":"https:\/\/plumanegranoticias.com\/index.php?rest_route=%2Fwp%2Fv2%2Ftags&post=15143"}],"curies":[{"name":"wp","href":"https:\/\/api.w.org\/{rel}","templated":true}]}}